{"id":32514,"date":"2026-03-14T14:14:08","date_gmt":"2026-03-14T17:14:08","guid":{"rendered":"https:\/\/infotep.com.ar\/?p=32514"},"modified":"2026-03-14T14:14:08","modified_gmt":"2026-03-14T17:14:08","slug":"kicillof-encabezara-el-pj-bonaerense-en-una-nueva-etapa-del-peronismo","status":"publish","type":"post","link":"https:\/\/infotep.com.ar\/index.php\/2026\/03\/14\/kicillof-encabezara-el-pj-bonaerense-en-una-nueva-etapa-del-peronismo\/","title":{"rendered":"Kicillof encabezar\u00e1 el PJ bonaerense en una nueva etapa del peronismo"},"content":{"rendered":"\n<p>El Partido Justicialista de la provincia de Buenos Aires realizar\u00e1 este fin de semana sus elecciones internas para renovar autoridades. La lista de unidad consensuada dentro del espacio llevar\u00e1 como candidato a presidente al actual gobernador, Axel Kicillof, quien reemplazar\u00e1 en el cargo al diputado nacional M\u00e1ximo Kirchner.<\/p>\n\n\n\n<p>El acuerdo para la renovaci\u00f3n de la conducci\u00f3n partidaria se alcanz\u00f3 luego de negociaciones entre los distintos sectores del peronismo bonaerense, en un contexto de tensiones internas y reacomodamiento pol\u00edtico dentro del movimiento.<\/p>\n\n\n\n<p>Kicillof asumir\u00e1 la conducci\u00f3n del partido en la provincia en una etapa marcada por la influencia hist\u00f3rica de la ex presidenta Cristina Fern\u00e1ndez de Kirchner, quien actualmente cumple prisi\u00f3n domiciliaria, mientras el peronismo debate su reorganizaci\u00f3n de cara al escenario pol\u00edtico nacional y a las pr\u00f3ximas elecciones presidenciales en las que el actual mandatario Javier Milei podr\u00eda buscar la reelecci\u00f3n.<\/p>\n\n\n\n<p>Durante una reciente actividad pol\u00edtica en La Plata, el gobernador sostuvo que comienza una etapa distinta dentro del partido, con el objetivo de ampliar la base de afiliados, fortalecer la formaci\u00f3n pol\u00edtica y desarrollar equipos t\u00e9cnicos con una visi\u00f3n federal.<\/p>\n\n\n\n<p class=\"has-light-green-cyan-background-color has-background\">Internas en algunos municipios<\/p>\n\n\n\n<p><strong>Aunque en la mayor\u00eda de los distritos se logr\u00f3 un acuerdo para presentar listas \u00fanicas, en 17 municipios habr\u00e1 competencia interna entre distintos sectores del peronismo. Entre ellos se encuentran Tres de Febrero, San Miguel, Mor\u00f3n, San Nicol\u00e1s, San Antonio de Areco, Magdalena, Balcarce, Coronel Su\u00e1rez, General Pueyrred\u00f3n, Jun\u00edn, Lincoln, Lober\u00eda, Navarro, Roque P\u00e9rez, Saladillo, Tornquist y Z\u00e1rate.<\/strong><\/p>\n\n\n\n<p>En esos distritos competir\u00e1n listas vinculadas al kirchnerismo y al espacio pol\u00edtico que impulsa el gobernador, conocido como Movimiento Derecho al Futuro.<\/p>\n\n\n\n<p class=\"has-light-green-cyan-background-color has-background\">C\u00f3mo quedar\u00e1 la conducci\u00f3n<\/p>\n\n\n\n<p>La nueva estructura partidaria prev\u00e9 que la vicegobernadora bonaerense, Ver\u00f3nica Magario, y el intendente de Lomas de Zamora, Federico Oterm\u00edn, ocupen las vicepresidencias del partido.<\/p>\n\n\n\n<p>En tanto, el diputado provincial e intendente en uso de licencia de Almirante Brown, Mariano Cascallares, asumir\u00e1 como secretario general.<\/p>\n\n\n\n<p>Por su parte, M\u00e1ximo Kirchner pasar\u00e1 a presidir el Congreso partidario, mientras que el intendente de Malvinas Argentinas, Leonardo Nardini, continuar\u00e1 al frente de la Junta Electoral del partido.<\/p>\n","protected":false},"excerpt":{"rendered":"<p>El Partido Justicialista de la provincia de Buenos Aires realizar&aacute; este fin de semana sus elecciones internas para renovar autoridades. La lista de unidad consensuada dentro del espacio llevar&aacute; como candidato a presidente al actual gobernador, Axel Kicillof, quien reemplazar&aacute; en el cargo al diputado nacional M&aacute;ximo Kirchner. El acuerdo para la renovaci&oacute;n de la &hellip; <\/p>\n","protected":false},"author":5,"featured_media":14007,"comment_status":"closed","ping_status":"closed","sticky":false,"template":"","format":"standard","meta":{"om_disable_all_campaigns":false,"_joinchat":[]},"categories":[4],"tags":[],"featured_image_urls":{"full":["https:\/\/infotep.com.ar\/wp-content\/uploads\/2024\/06\/kicillof-2.webp",1173,720,false],"thumbnail":["https:\/\/infotep.com.ar\/wp-content\/uploads\/2024\/06\/kicillof-2-150x150.webp",150,150,true],"medium":["https:\/\/infotep.com.ar\/wp-content\/uploads\/2024\/06\/kicillof-2-300x184.webp",300,184,true],"medium_large":["https:\/\/infotep.com.ar\/wp-content\/uploads\/2024\/06\/kicillof-2-768x471.webp",768,471,true],"large":["https:\/\/infotep.com.ar\/wp-content\/uploads\/2024\/06\/kicillof-2-1024x629.webp",1020,627,true],"1536x1536":["https:\/\/infotep.com.ar\/wp-content\/uploads\/2024\/06\/kicillof-2.webp",1173,720,false],"2048x2048":["https:\/\/infotep.com.ar\/wp-content\/uploads\/2024\/06\/kicillof-2.webp",1173,720,false],"blossom-feminine-slider":["https:\/\/infotep.com.ar\/wp-content\/uploads\/2024\/06\/kicillof-2-1173x649.webp",1173,649,true],"blossom-feminine-featured":["https:\/\/infotep.com.ar\/wp-content\/uploads\/2024\/06\/kicillof-2-1173x600.webp",1173,600,true],"blossom-feminine-with-sidebar":["https:\/\/infotep.com.ar\/wp-content\/uploads\/2024\/06\/kicillof-2-1020x600.webp",1020,600,true],"blossom-feminine-blog":["https:\/\/infotep.com.ar\/wp-content\/uploads\/2024\/06\/kicillof-2-435x435.webp",435,435,true],"blossom-feminine-cat":["https:\/\/infotep.com.ar\/wp-content\/uploads\/2024\/06\/kicillof-2-450x300.webp",450,300,true],"blossom-feminine-related":["https:\/\/infotep.com.ar\/wp-content\/uploads\/2024\/06\/kicillof-2-320x200.webp",320,200,true],"blossom-feminine-schema":["https:\/\/infotep.com.ar\/wp-content\/uploads\/2024\/06\/kicillof-2-98x60.webp",98,60,true],"blossom-mommy-blog-slider-big":["https:\/\/infotep.com.ar\/wp-content\/uploads\/2024\/06\/kicillof-2-920x650.webp",920,650,true],"blossom-mommy-blog-slider":["https:\/\/infotep.com.ar\/wp-content\/uploads\/2024\/06\/kicillof-2-460x310.webp",460,310,true],"blossom-mommy-blog-two":["https:\/\/infotep.com.ar\/wp-content\/uploads\/2024\/06\/kicillof-2-768x480.webp",768,480,true]},"author_info":{"info":["Angela Tobar"]},"category_info":"<a href=\"https:\/\/infotep.com.ar\/index.php\/category\/provinciales\/\" rel=\"category tag\">Provinciales<\/a>","tag_info":"Provinciales","comment_count":"0","_links":{"self":[{"href":"https:\/\/infotep.com.ar\/index.php\/wp-json\/wp\/v2\/posts\/32514"}],"collection":[{"href":"https:\/\/infotep.com.ar\/index.php\/wp-json\/wp\/v2\/posts"}],"about":[{"href":"https:\/\/infotep.com.ar\/index.php\/wp-json\/wp\/v2\/types\/post"}],"author":[{"embeddable":true,"href":"https:\/\/infotep.com.ar\/index.php\/wp-json\/wp\/v2\/users\/5"}],"replies":[{"embeddable":true,"href":"https:\/\/infotep.com.ar\/index.php\/wp-json\/wp\/v2\/comments?post=32514"}],"version-history":[{"count":1,"href":"https:\/\/infotep.com.ar\/index.php\/wp-json\/wp\/v2\/posts\/32514\/revisions"}],"predecessor-version":[{"id":32515,"href":"https:\/\/infotep.com.ar\/index.php\/wp-json\/wp\/v2\/posts\/32514\/revisions\/32515"}],"wp:featuredmedia":[{"embeddable":true,"href":"https:\/\/infotep.com.ar\/index.php\/wp-json\/wp\/v2\/media\/14007"}],"wp:attachment":[{"href":"https:\/\/infotep.com.ar\/index.php\/wp-json\/wp\/v2\/media?parent=32514"}],"wp:term":[{"taxonomy":"category","embeddable":true,"href":"https:\/\/infotep.com.ar\/index.php\/wp-json\/wp\/v2\/categories?post=32514"},{"taxonomy":"post_tag","embeddable":true,"href":"https:\/\/infotep.com.ar\/index.php\/wp-json\/wp\/v2\/tags?post=32514"}],"curies":[{"name":"wp","href":"https:\/\/api.w.org\/{rel}","templated":true}]}}