{"id":32528,"date":"2026-03-15T12:51:32","date_gmt":"2026-03-15T15:51:32","guid":{"rendered":"https:\/\/infotep.com.ar\/?p=32528"},"modified":"2026-03-15T12:51:32","modified_gmt":"2026-03-15T15:51:32","slug":"cansancio-de-marzo-que-dice-la-genetica-sobre-la-fatiga-al-volver-a-la-rutina","status":"publish","type":"post","link":"https:\/\/infotep.com.ar\/index.php\/2026\/03\/15\/cansancio-de-marzo-que-dice-la-genetica-sobre-la-fatiga-al-volver-a-la-rutina\/","title":{"rendered":"Cansancio de marzo: qu\u00e9 dice la gen\u00e9tica sobre la fatiga al volver a la rutina"},"content":{"rendered":"\n<p>Para muchas personas, el verdadero comienzo del a\u00f1o no llega el 1\u00b0 de enero, sino en marzo. Con el fin de las vacaciones, el regreso a las clases, la organizaci\u00f3n de la rutina familiar y el retorno pleno al trabajo, el cansancio aparece r\u00e1pidamente en la vida cotidiana, incluso cuando se cumplen las horas de sue\u00f1o recomendadas.<\/p>\n\n\n\n<p>Sin embargo, la ciencia se\u00f1ala que la fatiga persistente no siempre se debe \u00fanicamente a la falta de descanso o a un exceso de actividades. Estudios recientes indican que la gen\u00e9tica tambi\u00e9n puede influir en c\u00f3mo cada persona procesa el esfuerzo f\u00edsico y mental, especialmente en per\u00edodos de alta demanda como el inicio del ciclo laboral y escolar.<\/p>\n\n\n\n<p><strong>El papel de la gen\u00e9tica en el cansancio<\/strong><\/p>\n\n\n\n<p>Actualmente, los an\u00e1lisis gen\u00e9ticos permiten estudiar cientos de miles de variantes del ADN para detectar predisposiciones vinculadas con la fatiga neuromuscular y la inflamaci\u00f3n tras el esfuerzo. Estos factores pueden afectar la capacidad del organismo para recuperarse luego de jornadas intensas.<\/p>\n\n\n\n<p>Los especialistas se\u00f1alan que algunas personas presentan diferencias metab\u00f3licas que dificultan la absorci\u00f3n de micronutrientes clave, como el magnesio o las vitaminas B12, B6 y D. Estos nutrientes cumplen un rol fundamental en el funcionamiento de las mitocondrias, las estructuras celulares responsables de producir energ\u00eda.<\/p>\n\n\n\n<p>Cuando el organismo no procesa correctamente estos nutrientes, puede aparecer cansancio persistente, menor concentraci\u00f3n y mayor dificultad para afrontar el estr\u00e9s diario.<\/p>\n\n\n\n<p><strong>Caf\u00e9 y gen\u00e9tica: una relaci\u00f3n particular<\/strong><\/p>\n\n\n\n<p>El aumento del consumo de caf\u00e9 suele ser una respuesta com\u00fan frente al agotamiento. Sin embargo, la reacci\u00f3n a la cafe\u00edna tambi\u00e9n puede variar seg\u00fan el perfil gen\u00e9tico de cada persona.<\/p>\n\n\n\n<p>En algunos casos, ciertas variantes gen\u00e9ticas hacen que la cafe\u00edna permanezca m\u00e1s tiempo en el organismo, lo que puede provocar efectos como ansiedad, irritabilidad o problemas para dormir si el consumo no se modera.<\/p>\n\n\n\n<p><strong>Los riesgos de dormir poco<\/strong><\/p>\n\n\n\n<p>Adem\u00e1s, el d\u00e9ficit de sue\u00f1o puede tener consecuencias importantes en la vida diaria. Investigaciones internacionales indican que una parte significativa de los accidentes de tr\u00e1nsito est\u00e1 relacionada con la somnolencia, especialmente en trayectos hacia el trabajo o durante traslados escolares.<\/p>\n\n\n\n<p><strong>Un enfoque m\u00e1s personalizado<\/strong><\/p>\n\n\n\n<p>Frente a este panorama, los especialistas destacan que comprender las caracter\u00edsticas biol\u00f3gicas individuales puede ser una herramienta \u00fatil para mejorar el bienestar. En lugar de recurrir \u00fanicamente a soluciones gen\u00e9ricas para combatir el cansancio, conocer c\u00f3mo funciona el propio organismo permitir\u00eda adoptar h\u00e1bitos m\u00e1s adecuados para cada persona.<\/p>\n\n\n\n<p>Los expertos coinciden en que la gen\u00e9tica no determina completamente el destino de la salud, pero s\u00ed puede ofrecer informaci\u00f3n valiosa para tomar decisiones que ayuden a mejorar la calidad de vida y el manejo del estr\u00e9s cotidiano.<\/p>\n","protected":false},"excerpt":{"rendered":"<p>Para muchas personas, el verdadero comienzo del a&ntilde;o no llega el 1&deg; de enero, sino en marzo. Con el fin de las vacaciones, el regreso a las clases, la organizaci&oacute;n de la rutina familiar y el retorno pleno al trabajo, el cansancio aparece r&aacute;pidamente en la vida cotidiana, incluso cuando se cumplen las horas de &hellip; <\/p>\n","protected":false},"author":5,"featured_media":19023,"comment_status":"closed","ping_status":"closed","sticky":false,"template":"","format":"standard","meta":{"om_disable_all_campaigns":false,"_joinchat":[]},"categories":[31,3],"tags":[],"featured_image_urls":{"full":["https:\/\/infotep.com.ar\/wp-content\/uploads\/2024\/12\/estres.jpg",1200,900,false],"thumbnail":["https:\/\/infotep.com.ar\/wp-content\/uploads\/2024\/12\/estres-150x150.jpg",150,150,true],"medium":["https:\/\/infotep.com.ar\/wp-content\/uploads\/2024\/12\/estres-300x225.jpg",300,225,true],"medium_large":["https:\/\/infotep.com.ar\/wp-content\/uploads\/2024\/12\/estres-768x576.jpg",768,576,true],"large":["https:\/\/infotep.com.ar\/wp-content\/uploads\/2024\/12\/estres-1024x768.jpg",1020,765,true],"1536x1536":["https:\/\/infotep.com.ar\/wp-content\/uploads\/2024\/12\/estres.jpg",1200,900,false],"2048x2048":["https:\/\/infotep.com.ar\/wp-content\/uploads\/2024\/12\/estres.jpg",1200,900,false],"blossom-feminine-slider":["https:\/\/infotep.com.ar\/wp-content\/uploads\/2024\/12\/estres-1200x649.jpg",1200,649,true],"blossom-feminine-featured":["https:\/\/infotep.com.ar\/wp-content\/uploads\/2024\/12\/estres-1200x600.jpg",1200,600,true],"blossom-feminine-with-sidebar":["https:\/\/infotep.com.ar\/wp-content\/uploads\/2024\/12\/estres-1020x600.jpg",1020,600,true],"blossom-feminine-blog":["https:\/\/infotep.com.ar\/wp-content\/uploads\/2024\/12\/estres-435x435.jpg",435,435,true],"blossom-feminine-cat":["https:\/\/infotep.com.ar\/wp-content\/uploads\/2024\/12\/estres-450x300.jpg",450,300,true],"blossom-feminine-related":["https:\/\/infotep.com.ar\/wp-content\/uploads\/2024\/12\/estres-320x200.jpg",320,200,true],"blossom-feminine-schema":["https:\/\/infotep.com.ar\/wp-content\/uploads\/2024\/12\/estres-80x60.jpg",80,60,true],"blossom-mommy-blog-slider-big":["https:\/\/infotep.com.ar\/wp-content\/uploads\/2024\/12\/estres-920x650.jpg",920,650,true],"blossom-mommy-blog-slider":["https:\/\/infotep.com.ar\/wp-content\/uploads\/2024\/12\/estres-460x310.jpg",460,310,true],"blossom-mommy-blog-two":["https:\/\/infotep.com.ar\/wp-content\/uploads\/2024\/12\/estres-768x480.jpg",768,480,true]},"author_info":{"info":["Angela Tobar"]},"category_info":"<a href=\"https:\/\/infotep.com.ar\/index.php\/category\/destacadas\/\" rel=\"category tag\">Destacadas<\/a> <a href=\"https:\/\/infotep.com.ar\/index.php\/category\/nacionales\/\" rel=\"category tag\">Nacionales<\/a>","tag_info":"Nacionales","comment_count":"0","_links":{"self":[{"href":"https:\/\/infotep.com.ar\/index.php\/wp-json\/wp\/v2\/posts\/32528"}],"collection":[{"href":"https:\/\/infotep.com.ar\/index.php\/wp-json\/wp\/v2\/posts"}],"about":[{"href":"https:\/\/infotep.com.ar\/index.php\/wp-json\/wp\/v2\/types\/post"}],"author":[{"embeddable":true,"href":"https:\/\/infotep.com.ar\/index.php\/wp-json\/wp\/v2\/users\/5"}],"replies":[{"embeddable":true,"href":"https:\/\/infotep.com.ar\/index.php\/wp-json\/wp\/v2\/comments?post=32528"}],"version-history":[{"count":1,"href":"https:\/\/infotep.com.ar\/index.php\/wp-json\/wp\/v2\/posts\/32528\/revisions"}],"predecessor-version":[{"id":32529,"href":"https:\/\/infotep.com.ar\/index.php\/wp-json\/wp\/v2\/posts\/32528\/revisions\/32529"}],"wp:featuredmedia":[{"embeddable":true,"href":"https:\/\/infotep.com.ar\/index.php\/wp-json\/wp\/v2\/media\/19023"}],"wp:attachment":[{"href":"https:\/\/infotep.com.ar\/index.php\/wp-json\/wp\/v2\/media?parent=32528"}],"wp:term":[{"taxonomy":"category","embeddable":true,"href":"https:\/\/infotep.com.ar\/index.php\/wp-json\/wp\/v2\/categories?post=32528"},{"taxonomy":"post_tag","embeddable":true,"href":"https:\/\/infotep.com.ar\/index.php\/wp-json\/wp\/v2\/tags?post=32528"}],"curies":[{"name":"wp","href":"https:\/\/api.w.org\/{rel}","templated":true}]}}