{"id":32530,"date":"2026-03-15T12:57:21","date_gmt":"2026-03-15T15:57:21","guid":{"rendered":"https:\/\/infotep.com.ar\/?p=32530"},"modified":"2026-03-15T12:57:22","modified_gmt":"2026-03-15T15:57:22","slug":"el-equipo-argentino-de-antropologia-forense-identifico-a-seis-victimas-de-la-dictadura-en-cordoba","status":"publish","type":"post","link":"https:\/\/infotep.com.ar\/index.php\/2026\/03\/15\/el-equipo-argentino-de-antropologia-forense-identifico-a-seis-victimas-de-la-dictadura-en-cordoba\/","title":{"rendered":"El Equipo Argentino de Antropolog\u00eda Forense identific\u00f3 a seis v\u00edctimas de la dictadura en C\u00f3rdoba"},"content":{"rendered":"\n<p>El proceso de identificaci\u00f3n de v\u00edctimas del terrorismo de Estado en Argentina sum\u00f3 un nuevo avance tras confirmarse seis nuevas identidades de personas que fueron secuestradas, torturadas y desaparecidas durante la \u00faltima dictadura militar en el ex centro clandestino de detenci\u00f3n La Perla.<\/p>\n\n\n\n<p>Las identificaciones fueron posibles gracias al trabajo del Equipo Argentino de Antropolog\u00eda Forense (EAAF), que lleva adelante tareas de recuperaci\u00f3n y an\u00e1lisis de restos humanos vinculados a v\u00edctimas del terrorismo de Estado.<\/p>\n\n\n\n<p>Seg\u00fan informaron organizaciones de derechos humanos de C\u00f3rdoba, hasta el momento fueron identificados Eduardo Jorge Valverde Su\u00e1rez, Oscar Reyes, Ramiro Bustillo, una de las mellizas Carranza, Ra\u00fal Oscar Ceballos Canton y Mario Alberto N\u00edvoli.<\/p>\n\n\n\n<p><strong>Historias de las v\u00edctimas identificadas<\/strong><\/p>\n\n\n\n<p>Eduardo Jorge Valverde Su\u00e1rez, oriundo de Mendoza, se traslad\u00f3 a C\u00f3rdoba para estudiar Derecho. Durante su vida universitaria fue delegado de la Federaci\u00f3n Universitaria y, una vez recibido, ejerci\u00f3 la defensa de presos pol\u00edticos. Fue secuestrado poco despu\u00e9s del golpe de Estado de 1976 en un puesto de guardia militar de la Fuerza A\u00e9rea.<\/p>\n\n\n\n<p>Ra\u00fal Oscar Ceballos Canton, de 23 a\u00f1os, estudiaba ingenier\u00eda y trabajaba en la automotriz Fiat, en la planta Materfer de C\u00f3rdoba. Militaba en Montoneros y fue secuestrado el 26 de agosto de 1976 en su casa del barrio Altamira.<\/p>\n\n\n\n<p>En el caso de las mellizas Carranza, los an\u00e1lisis forenses permitieron determinar que un diente recuperado coincide gen\u00e9ticamente con Adriana o Cecilia Carranza. Debido a que compart\u00edan pr\u00e1cticamente el mismo ADN, a\u00fan no fue posible establecer con certeza a cu\u00e1l de las dos pertenece. Ten\u00edan 18 a\u00f1os cuando fueron secuestradas en mayo de 1976 en una pensi\u00f3n del barrio General Paz.<\/p>\n\n\n\n<p>Oscar Reyes, nacido en Banfield, provincia de Buenos Aires, estaba casado y era padre de cinco hijos. Trabajaba como obrero en una planta de Fiat en C\u00f3rdoba y militaba en el Partido Comunista de la Argentina. Fue secuestrado el 18 de octubre de 1977 cuando se dirig\u00eda en su auto a una reuni\u00f3n partidaria.<\/p>\n\n\n\n<p>Ramiro Bustillo, de 27 a\u00f1os, tambi\u00e9n militaba en el Partido Comunista de la Argentina y trabajaba como obrero mientras cursaba estudios. Fue secuestrado el mismo d\u00eda que Reyes por orden del entonces jefe del III Cuerpo de Ej\u00e9rcito, Luciano Benjam\u00edn Men\u00e9ndez.<\/p>\n\n\n\n<p>Por \u00faltimo, Mario Alberto N\u00edvoli militaba en la Juventud Universitaria Peronista y se desempe\u00f1aba como t\u00e9cnico electricista. Fue secuestrado el 14 de febrero de 1977 durante un operativo realizado en su vivienda del barrio General Paz, en la ciudad de C\u00f3rdoba.<\/p>\n\n\n\n<p><strong>Avances en la b\u00fasqueda de la verdad<\/strong><\/p>\n\n\n\n<p>El ex centro clandestino La Perla fue uno de los principales lugares de detenci\u00f3n ilegal y exterminio durante la \u00faltima dictadura militar argentina (1976-1983). Las tareas del EAAF contin\u00faan siendo fundamentales para identificar a las v\u00edctimas, reconstruir sus historias y aportar pruebas en los procesos de memoria, verdad y justicia.<\/p>\n","protected":false},"excerpt":{"rendered":"<p>El proceso de identificaci&oacute;n de v&iacute;ctimas del terrorismo de Estado en Argentina sum&oacute; un nuevo avance tras confirmarse seis nuevas identidades de personas que fueron secuestradas, torturadas y desaparecidas durante la &uacute;ltima dictadura militar en el ex centro clandestino de detenci&oacute;n La Perla. Las identificaciones fueron posibles gracias al trabajo del Equipo Argentino de Antropolog&iacute;a &hellip; <\/p>\n","protected":false},"author":5,"featured_media":32531,"comment_status":"closed","ping_status":"closed","sticky":false,"template":"","format":"standard","meta":{"om_disable_all_campaigns":false,"_joinchat":[]},"categories":[3],"tags":[],"featured_image_urls":{"full":["https:\/\/infotep.com.ar\/wp-content\/uploads\/2026\/03\/desaparecidos.webp",1080,720,false],"thumbnail":["https:\/\/infotep.com.ar\/wp-content\/uploads\/2026\/03\/desaparecidos-150x150.webp",150,150,true],"medium":["https:\/\/infotep.com.ar\/wp-content\/uploads\/2026\/03\/desaparecidos-300x200.webp",300,200,true],"medium_large":["https:\/\/infotep.com.ar\/wp-content\/uploads\/2026\/03\/desaparecidos-768x512.webp",768,512,true],"large":["https:\/\/infotep.com.ar\/wp-content\/uploads\/2026\/03\/desaparecidos-1024x683.webp",1020,680,true],"1536x1536":["https:\/\/infotep.com.ar\/wp-content\/uploads\/2026\/03\/desaparecidos.webp",1080,720,false],"2048x2048":["https:\/\/infotep.com.ar\/wp-content\/uploads\/2026\/03\/desaparecidos.webp",1080,720,false],"blossom-feminine-slider":["https:\/\/infotep.com.ar\/wp-content\/uploads\/2026\/03\/desaparecidos-1080x649.webp",1080,649,true],"blossom-feminine-featured":["https:\/\/infotep.com.ar\/wp-content\/uploads\/2026\/03\/desaparecidos-1080x600.webp",1080,600,true],"blossom-feminine-with-sidebar":["https:\/\/infotep.com.ar\/wp-content\/uploads\/2026\/03\/desaparecidos-1020x600.webp",1020,600,true],"blossom-feminine-blog":["https:\/\/infotep.com.ar\/wp-content\/uploads\/2026\/03\/desaparecidos-435x435.webp",435,435,true],"blossom-feminine-cat":["https:\/\/infotep.com.ar\/wp-content\/uploads\/2026\/03\/desaparecidos-450x300.webp",450,300,true],"blossom-feminine-related":["https:\/\/infotep.com.ar\/wp-content\/uploads\/2026\/03\/desaparecidos-320x200.webp",320,200,true],"blossom-feminine-schema":["https:\/\/infotep.com.ar\/wp-content\/uploads\/2026\/03\/desaparecidos-90x60.webp",90,60,true],"blossom-mommy-blog-slider-big":["https:\/\/infotep.com.ar\/wp-content\/uploads\/2026\/03\/desaparecidos-920x650.webp",920,650,true],"blossom-mommy-blog-slider":["https:\/\/infotep.com.ar\/wp-content\/uploads\/2026\/03\/desaparecidos-460x310.webp",460,310,true],"blossom-mommy-blog-two":["https:\/\/infotep.com.ar\/wp-content\/uploads\/2026\/03\/desaparecidos-768x480.webp",768,480,true]},"author_info":{"info":["Angela Tobar"]},"category_info":"<a href=\"https:\/\/infotep.com.ar\/index.php\/category\/nacionales\/\" rel=\"category tag\">Nacionales<\/a>","tag_info":"Nacionales","comment_count":"0","_links":{"self":[{"href":"https:\/\/infotep.com.ar\/index.php\/wp-json\/wp\/v2\/posts\/32530"}],"collection":[{"href":"https:\/\/infotep.com.ar\/index.php\/wp-json\/wp\/v2\/posts"}],"about":[{"href":"https:\/\/infotep.com.ar\/index.php\/wp-json\/wp\/v2\/types\/post"}],"author":[{"embeddable":true,"href":"https:\/\/infotep.com.ar\/index.php\/wp-json\/wp\/v2\/users\/5"}],"replies":[{"embeddable":true,"href":"https:\/\/infotep.com.ar\/index.php\/wp-json\/wp\/v2\/comments?post=32530"}],"version-history":[{"count":1,"href":"https:\/\/infotep.com.ar\/index.php\/wp-json\/wp\/v2\/posts\/32530\/revisions"}],"predecessor-version":[{"id":32532,"href":"https:\/\/infotep.com.ar\/index.php\/wp-json\/wp\/v2\/posts\/32530\/revisions\/32532"}],"wp:featuredmedia":[{"embeddable":true,"href":"https:\/\/infotep.com.ar\/index.php\/wp-json\/wp\/v2\/media\/32531"}],"wp:attachment":[{"href":"https:\/\/infotep.com.ar\/index.php\/wp-json\/wp\/v2\/media?parent=32530"}],"wp:term":[{"taxonomy":"category","embeddable":true,"href":"https:\/\/infotep.com.ar\/index.php\/wp-json\/wp\/v2\/categories?post=32530"},{"taxonomy":"post_tag","embeddable":true,"href":"https:\/\/infotep.com.ar\/index.php\/wp-json\/wp\/v2\/tags?post=32530"}],"curies":[{"name":"wp","href":"https:\/\/api.w.org\/{rel}","templated":true}]}}