{"id":32534,"date":"2026-03-16T00:07:00","date_gmt":"2026-03-16T03:07:00","guid":{"rendered":"https:\/\/infotep.com.ar\/?p=32534"},"modified":"2026-03-15T22:09:59","modified_gmt":"2026-03-16T01:09:59","slug":"trabajadores-de-ate-anac-ratifican-medidas-de-fuerza-y-anticipan-impacto-en-vuelos","status":"publish","type":"post","link":"https:\/\/infotep.com.ar\/index.php\/2026\/03\/16\/trabajadores-de-ate-anac-ratifican-medidas-de-fuerza-y-anticipan-impacto-en-vuelos\/","title":{"rendered":"Trabajadores de ATE-ANAC ratifican medidas de fuerza y anticipan impacto en vuelos"},"content":{"rendered":"\n<p>Un nuevo conflicto gremial en el sector aeron\u00e1utico genera preocupaci\u00f3n de cara al pr\u00f3ximo fin de semana largo. Trabajadores nucleados en ATE dentro de la Administraci\u00f3n Nacional de Aviaci\u00f3n Civil (ANAC) confirmaron la profundizaci\u00f3n de su plan de lucha, lo que podr\u00eda provocar demoras y cancelaciones de vuelos en distintos aeropuertos del pa\u00eds.<\/p>\n\n\n\n<p>Las medidas se desarrollar\u00edan entre el mi\u00e9rcoles 18 y el martes 24 de marzo, per\u00edodo en el que se esperan complicaciones en la programaci\u00f3n de las compa\u00f1\u00edas a\u00e9reas y en la conectividad entre distintas regiones.<\/p>\n\n\n\n<p>El esquema anunciado por el gremio no prev\u00e9 una paralizaci\u00f3n total de las actividades, sino interrupciones rotativas en franjas horarias espec\u00edficas. Seg\u00fan lo informado, las afectaciones se concentrar\u00e1n en dos momentos del d\u00eda: de 9 a 12 y de 16 a 20.<\/p>\n\n\n\n<p>Durante esos intervalos, el personal t\u00e9cnico y operativo limitar\u00e1 sus tareas a garantizar vuelos humanitarios, sanitarios y oficiales, mientras que el resto de los servicios podr\u00edan registrar demoras. Aunque fuera de esas franjas la actividad continuar\u00eda con normalidad, el efecto acumulado podr\u00eda alterar la programaci\u00f3n a\u00e9rea a lo largo de toda la jornada.<\/p>\n\n\n\n<p>El conflicto tiene como eje el estancamiento de las negociaciones paritarias. Desde el sindicato sostienen que existe una p\u00e9rdida del poder adquisitivo y denuncian una \u201cquita salarial\u201d en los primeros meses del a\u00f1o. Tambi\u00e9n aseguran que, pese al estado de alerta vigente desde hace m\u00e1s de 40 d\u00edas, no fueron convocados a una instancia de negociaci\u00f3n.<\/p>\n\n\n\n<p>La medida de fuerza involucra a distintas \u00e1reas consideradas claves para la operaci\u00f3n aeroportuaria, entre ellas control terrestre, sanidad aeron\u00e1utica, bomberos aeroportuarios, fiscalizaci\u00f3n y capacitaci\u00f3n, servicios necesarios para mantener la seguridad y la categor\u00eda operativa de los aeropuertos.<\/p>\n\n\n\n<p>En este contexto, el gremio advierte que, de no haber avances en el di\u00e1logo con el Gobierno nacional, podr\u00edan profundizarse las protestas en las pr\u00f3ximas semanas.<\/p>\n\n\n\n<p>El escenario se da adem\u00e1s en un momento relevante para la organizaci\u00f3n sindical, luego de que la C\u00e1mara Nacional de Apelaciones del Trabajo resolviera a favor de ATE en una disputa judicial que le permite participar en la mesa de negociaci\u00f3n del convenio colectivo de la Empresa Argentina de Navegaci\u00f3n A\u00e9rea (EANA).<\/p>\n\n\n\n<p>La evoluci\u00f3n del conflicto ser\u00e1 clave para el sector tur\u00edstico y aerocomercial, especialmente en un per\u00edodo en el que se espera un incremento del movimiento de pasajeros por el fin de semana largo.<\/p>\n","protected":false},"excerpt":{"rendered":"<p>Un nuevo conflicto gremial en el sector aeron&aacute;utico genera preocupaci&oacute;n de cara al pr&oacute;ximo fin de semana largo. Trabajadores nucleados en ATE dentro de la Administraci&oacute;n Nacional de Aviaci&oacute;n Civil (ANAC) confirmaron la profundizaci&oacute;n de su plan de lucha, lo que podr&iacute;a provocar demoras y cancelaciones de vuelos en distintos aeropuertos del pa&iacute;s. Las medidas &hellip; <\/p>\n","protected":false},"author":5,"featured_media":30320,"comment_status":"closed","ping_status":"closed","sticky":false,"template":"","format":"standard","meta":{"om_disable_all_campaigns":false,"_joinchat":[]},"categories":[7,3],"tags":[],"featured_image_urls":{"full":["https:\/\/infotep.com.ar\/wp-content\/uploads\/2025\/12\/aeropuerto-paro.webp",1081,720,false],"thumbnail":["https:\/\/infotep.com.ar\/wp-content\/uploads\/2025\/12\/aeropuerto-paro-150x150.webp",150,150,true],"medium":["https:\/\/infotep.com.ar\/wp-content\/uploads\/2025\/12\/aeropuerto-paro-300x200.webp",300,200,true],"medium_large":["https:\/\/infotep.com.ar\/wp-content\/uploads\/2025\/12\/aeropuerto-paro-768x512.webp",768,512,true],"large":["https:\/\/infotep.com.ar\/wp-content\/uploads\/2025\/12\/aeropuerto-paro-1024x682.webp",1020,679,true],"1536x1536":["https:\/\/infotep.com.ar\/wp-content\/uploads\/2025\/12\/aeropuerto-paro.webp",1081,720,false],"2048x2048":["https:\/\/infotep.com.ar\/wp-content\/uploads\/2025\/12\/aeropuerto-paro.webp",1081,720,false],"blossom-feminine-slider":["https:\/\/infotep.com.ar\/wp-content\/uploads\/2025\/12\/aeropuerto-paro-1081x649.webp",1081,649,true],"blossom-feminine-featured":["https:\/\/infotep.com.ar\/wp-content\/uploads\/2025\/12\/aeropuerto-paro-1081x600.webp",1081,600,true],"blossom-feminine-with-sidebar":["https:\/\/infotep.com.ar\/wp-content\/uploads\/2025\/12\/aeropuerto-paro-1020x600.webp",1020,600,true],"blossom-feminine-blog":["https:\/\/infotep.com.ar\/wp-content\/uploads\/2025\/12\/aeropuerto-paro-435x435.webp",435,435,true],"blossom-feminine-cat":["https:\/\/infotep.com.ar\/wp-content\/uploads\/2025\/12\/aeropuerto-paro-450x300.webp",450,300,true],"blossom-feminine-related":["https:\/\/infotep.com.ar\/wp-content\/uploads\/2025\/12\/aeropuerto-paro-320x200.webp",320,200,true],"blossom-feminine-schema":["https:\/\/infotep.com.ar\/wp-content\/uploads\/2025\/12\/aeropuerto-paro-90x60.webp",90,60,true],"blossom-mommy-blog-slider-big":["https:\/\/infotep.com.ar\/wp-content\/uploads\/2025\/12\/aeropuerto-paro-920x650.webp",920,650,true],"blossom-mommy-blog-slider":["https:\/\/infotep.com.ar\/wp-content\/uploads\/2025\/12\/aeropuerto-paro-460x310.webp",460,310,true],"blossom-mommy-blog-two":["https:\/\/infotep.com.ar\/wp-content\/uploads\/2025\/12\/aeropuerto-paro-768x480.webp",768,480,true]},"author_info":{"info":["Angela Tobar"]},"category_info":"<a href=\"https:\/\/infotep.com.ar\/index.php\/category\/gremios\/\" rel=\"category tag\">Gremios<\/a> <a href=\"https:\/\/infotep.com.ar\/index.php\/category\/nacionales\/\" rel=\"category tag\">Nacionales<\/a>","tag_info":"Nacionales","comment_count":"0","_links":{"self":[{"href":"https:\/\/infotep.com.ar\/index.php\/wp-json\/wp\/v2\/posts\/32534"}],"collection":[{"href":"https:\/\/infotep.com.ar\/index.php\/wp-json\/wp\/v2\/posts"}],"about":[{"href":"https:\/\/infotep.com.ar\/index.php\/wp-json\/wp\/v2\/types\/post"}],"author":[{"embeddable":true,"href":"https:\/\/infotep.com.ar\/index.php\/wp-json\/wp\/v2\/users\/5"}],"replies":[{"embeddable":true,"href":"https:\/\/infotep.com.ar\/index.php\/wp-json\/wp\/v2\/comments?post=32534"}],"version-history":[{"count":1,"href":"https:\/\/infotep.com.ar\/index.php\/wp-json\/wp\/v2\/posts\/32534\/revisions"}],"predecessor-version":[{"id":32535,"href":"https:\/\/infotep.com.ar\/index.php\/wp-json\/wp\/v2\/posts\/32534\/revisions\/32535"}],"wp:featuredmedia":[{"embeddable":true,"href":"https:\/\/infotep.com.ar\/index.php\/wp-json\/wp\/v2\/media\/30320"}],"wp:attachment":[{"href":"https:\/\/infotep.com.ar\/index.php\/wp-json\/wp\/v2\/media?parent=32534"}],"wp:term":[{"taxonomy":"category","embeddable":true,"href":"https:\/\/infotep.com.ar\/index.php\/wp-json\/wp\/v2\/categories?post=32534"},{"taxonomy":"post_tag","embeddable":true,"href":"https:\/\/infotep.com.ar\/index.php\/wp-json\/wp\/v2\/tags?post=32534"}],"curies":[{"name":"wp","href":"https:\/\/api.w.org\/{rel}","templated":true}]}}