{"id":32536,"date":"2026-03-16T00:11:00","date_gmt":"2026-03-16T03:11:00","guid":{"rendered":"https:\/\/infotep.com.ar\/?p=32536"},"modified":"2026-03-15T22:13:00","modified_gmt":"2026-03-16T01:13:00","slug":"conflicto-salarial-en-universidades-inicia-un-paro-nacional-y-podria-extenderse-hasta-fin-de-mes","status":"publish","type":"post","link":"https:\/\/infotep.com.ar\/index.php\/2026\/03\/16\/conflicto-salarial-en-universidades-inicia-un-paro-nacional-y-podria-extenderse-hasta-fin-de-mes\/","title":{"rendered":"Conflicto salarial en universidades: inicia un paro nacional y podr\u00eda extenderse hasta fin de mes"},"content":{"rendered":"\n<p>Docentes universitarios iniciar\u00e1n este lunes un paro nacional en reclamo de una recomposici\u00f3n salarial y mayor financiamiento para las universidades p\u00fablicas. La medida fue convocada por las federaciones gremiales mayoritarias del sector y se desarrollar\u00e1 en dos etapas durante marzo.<\/p>\n\n\n\n<p class=\"has-light-green-cyan-background-color has-background\">El primer tramo del cese de actividades se extender\u00e1 del 16 al 21 de marzo, mientras que el segundo est\u00e1 previsto entre el 23 y el 30 del mismo mes, lo que podr\u00eda afectar el normal dictado de clases en gran parte de las universidades p\u00fablicas del pa\u00eds.<\/p>\n\n\n\n<p>En paralelo, docentes de la Universidad de Buenos Aires (UBA) resolvieron impulsar un paro por tiempo indeterminado, que se mantendr\u00e1 hasta que se cumpla con el incremento salarial del 55,4% contemplado en la Ley de Financiamiento Universitario N.\u00ba 27.795.<\/p>\n\n\n\n<p>La medida de fuerza tendr\u00e1 alcance nacional y cuenta con la adhesi\u00f3n de numerosas casas de estudio, entre ellas las universidades nacionales de C\u00f3rdoba, La Plata, Rosario, Tucum\u00e1n, el Nordeste, Salta, Entre R\u00edos y Jos\u00e9 C. Paz, adem\u00e1s de la Universidad Tecnol\u00f3gica Nacional (UTN).<\/p>\n\n\n\n<p>En el caso de la UTN, la protesta alcanzar\u00e1 a sus 30 facultades regionales y tambi\u00e9n al Instituto Nacional Superior del Profesorado T\u00e9cnico, que depende de esa instituci\u00f3n. En algunas universidades la modalidad de protesta ser\u00e1 parcial: por ejemplo, docentes de la Universidad Nacional del Chaco Austral confirmaron una adhesi\u00f3n inicial de 24 horas.<\/p>\n\n\n\n<p>El principal reclamo del sector es la recomposici\u00f3n salarial, ya que los gremios sostienen que los sueldos docentes registran un fuerte atraso frente a la inflaci\u00f3n. Adem\u00e1s, exigen la plena aplicaci\u00f3n de la Ley de Financiamiento Universitario, aprobada por el Congreso el a\u00f1o pasado, que contempla un aumento del presupuesto destinado al sistema universitario.<\/p>\n\n\n\n<p>Desde los gremios de la UBA difundieron adem\u00e1s un informe sobre la evoluci\u00f3n salarial que indica que el poder adquisitivo docente se ubica en uno de los niveles m\u00e1s bajos de las \u00faltimas d\u00e9cadas, con una ca\u00edda significativa en comparaci\u00f3n con noviembre de 2023.<\/p>\n\n\n\n<p>En ese contexto, dirigentes sindicales sostienen que la p\u00e9rdida acumulada equivale a m\u00e1s de once salarios desde fines de 2023 y remarcan que los incrementos otorgados en los \u00faltimos meses quedaron muy por debajo de la inflaci\u00f3n.<\/p>\n\n\n\n<p>Frente a este escenario, los docentes advierten que el plan de lucha podr\u00eda profundizarse si no se abre una instancia de negociaci\u00f3n que permita avanzar en una recomposici\u00f3n salarial y en el financiamiento del sistema universitario.<\/p>\n","protected":false},"excerpt":{"rendered":"<p>Docentes universitarios iniciar&aacute;n este lunes un paro nacional en reclamo de una recomposici&oacute;n salarial y mayor financiamiento para las universidades p&uacute;blicas. La medida fue convocada por las federaciones gremiales mayoritarias del sector y se desarrollar&aacute; en dos etapas durante marzo. El primer tramo del cese de actividades se extender&aacute; del 16 al 21 de marzo, &hellip; <\/p>\n","protected":false},"author":5,"featured_media":15389,"comment_status":"closed","ping_status":"closed","sticky":false,"template":"","format":"standard","meta":{"om_disable_all_campaigns":false,"_joinchat":[]},"categories":[31,7,6],"tags":[],"featured_image_urls":{"full":["https:\/\/infotep.com.ar\/wp-content\/uploads\/2024\/08\/Marcha-universitaria2.jpg",800,536,false],"thumbnail":["https:\/\/infotep.com.ar\/wp-content\/uploads\/2024\/08\/Marcha-universitaria2-150x150.jpg",150,150,true],"medium":["https:\/\/infotep.com.ar\/wp-content\/uploads\/2024\/08\/Marcha-universitaria2-300x201.jpg",300,201,true],"medium_large":["https:\/\/infotep.com.ar\/wp-content\/uploads\/2024\/08\/Marcha-universitaria2-768x515.jpg",768,515,true],"large":["https:\/\/infotep.com.ar\/wp-content\/uploads\/2024\/08\/Marcha-universitaria2.jpg",800,536,false],"1536x1536":["https:\/\/infotep.com.ar\/wp-content\/uploads\/2024\/08\/Marcha-universitaria2.jpg",800,536,false],"2048x2048":["https:\/\/infotep.com.ar\/wp-content\/uploads\/2024\/08\/Marcha-universitaria2.jpg",800,536,false],"blossom-feminine-slider":["https:\/\/infotep.com.ar\/wp-content\/uploads\/2024\/08\/Marcha-universitaria2.jpg",800,536,false],"blossom-feminine-featured":["https:\/\/infotep.com.ar\/wp-content\/uploads\/2024\/08\/Marcha-universitaria2.jpg",800,536,false],"blossom-feminine-with-sidebar":["https:\/\/infotep.com.ar\/wp-content\/uploads\/2024\/08\/Marcha-universitaria2.jpg",800,536,false],"blossom-feminine-blog":["https:\/\/infotep.com.ar\/wp-content\/uploads\/2024\/08\/Marcha-universitaria2-435x435.jpg",435,435,true],"blossom-feminine-cat":["https:\/\/infotep.com.ar\/wp-content\/uploads\/2024\/08\/Marcha-universitaria2-450x300.jpg",450,300,true],"blossom-feminine-related":["https:\/\/infotep.com.ar\/wp-content\/uploads\/2024\/08\/Marcha-universitaria2-320x200.jpg",320,200,true],"blossom-feminine-schema":["https:\/\/infotep.com.ar\/wp-content\/uploads\/2024\/08\/Marcha-universitaria2-90x60.jpg",90,60,true],"blossom-mommy-blog-slider-big":["https:\/\/infotep.com.ar\/wp-content\/uploads\/2024\/08\/Marcha-universitaria2.jpg",800,536,false],"blossom-mommy-blog-slider":["https:\/\/infotep.com.ar\/wp-content\/uploads\/2024\/08\/Marcha-universitaria2-460x310.jpg",460,310,true],"blossom-mommy-blog-two":["https:\/\/infotep.com.ar\/wp-content\/uploads\/2024\/08\/Marcha-universitaria2-768x480.jpg",768,480,true]},"author_info":{"info":["Angela Tobar"]},"category_info":"<a href=\"https:\/\/infotep.com.ar\/index.php\/category\/destacadas\/\" rel=\"category tag\">Destacadas<\/a> <a href=\"https:\/\/infotep.com.ar\/index.php\/category\/gremios\/\" rel=\"category tag\">Gremios<\/a> <a href=\"https:\/\/infotep.com.ar\/index.php\/category\/universitarias\/\" rel=\"category tag\">Universitarias<\/a>","tag_info":"Universitarias","comment_count":"0","_links":{"self":[{"href":"https:\/\/infotep.com.ar\/index.php\/wp-json\/wp\/v2\/posts\/32536"}],"collection":[{"href":"https:\/\/infotep.com.ar\/index.php\/wp-json\/wp\/v2\/posts"}],"about":[{"href":"https:\/\/infotep.com.ar\/index.php\/wp-json\/wp\/v2\/types\/post"}],"author":[{"embeddable":true,"href":"https:\/\/infotep.com.ar\/index.php\/wp-json\/wp\/v2\/users\/5"}],"replies":[{"embeddable":true,"href":"https:\/\/infotep.com.ar\/index.php\/wp-json\/wp\/v2\/comments?post=32536"}],"version-history":[{"count":1,"href":"https:\/\/infotep.com.ar\/index.php\/wp-json\/wp\/v2\/posts\/32536\/revisions"}],"predecessor-version":[{"id":32537,"href":"https:\/\/infotep.com.ar\/index.php\/wp-json\/wp\/v2\/posts\/32536\/revisions\/32537"}],"wp:featuredmedia":[{"embeddable":true,"href":"https:\/\/infotep.com.ar\/index.php\/wp-json\/wp\/v2\/media\/15389"}],"wp:attachment":[{"href":"https:\/\/infotep.com.ar\/index.php\/wp-json\/wp\/v2\/media?parent=32536"}],"wp:term":[{"taxonomy":"category","embeddable":true,"href":"https:\/\/infotep.com.ar\/index.php\/wp-json\/wp\/v2\/categories?post=32536"},{"taxonomy":"post_tag","embeddable":true,"href":"https:\/\/infotep.com.ar\/index.php\/wp-json\/wp\/v2\/tags?post=32536"}],"curies":[{"name":"wp","href":"https:\/\/api.w.org\/{rel}","templated":true}]}}