{"id":32540,"date":"2026-03-16T00:20:00","date_gmt":"2026-03-16T03:20:00","guid":{"rendered":"https:\/\/infotep.com.ar\/?p=32540"},"modified":"2026-03-15T22:20:17","modified_gmt":"2026-03-16T01:20:17","slug":"preocupacion-en-el-turismo-reservas-minimas-para-los-proximos-fines-de-semana-largos","status":"publish","type":"post","link":"https:\/\/infotep.com.ar\/index.php\/2026\/03\/16\/preocupacion-en-el-turismo-reservas-minimas-para-los-proximos-fines-de-semana-largos\/","title":{"rendered":"Preocupaci\u00f3n en el turismo: reservas m\u00ednimas para los pr\u00f3ximos fines de semana largos"},"content":{"rendered":"\n<p>A pocos d\u00edas de que comiencen dos fines de semana largos consecutivos, los principales destinos tur\u00edsticos del pa\u00eds registran niveles de reservas inusualmente bajos, un escenario que genera preocupaci\u00f3n entre empresarios del sector.<\/p>\n\n\n\n<p>Operadores tur\u00edsticos esperaban que los feriados impulsaran la actividad, pero los datos preliminares muestran un panorama muy por debajo de lo habitual. Incluso para Semana Santa, uno de los per\u00edodos con mayor movimiento del a\u00f1o, el nivel de consultas y reservas sigue siendo reducido.<\/p>\n\n\n\n<p>Empresarios vinculados al turismo advierten que las cifras actuales para el feriado de marzo se ubican entre las m\u00e1s bajas de los \u00faltimos a\u00f1os. En algunos casos, aseguran que los niveles de ocupaci\u00f3n preliminar son comparables con los registrados durante los meses m\u00e1s cr\u00edticos de la pandemia.<\/p>\n\n\n\n<p class=\"has-light-green-cyan-background-color has-background\">Baja demanda en distintos destinos<\/p>\n\n\n\n<p>La tendencia se repite en diferentes puntos tur\u00edsticos del pa\u00eds. En ciudades de la costa atl\u00e1ntica como Mar del Plata, el nivel de reservas contin\u00faa siendo limitado, aunque ligeramente superior para el feriado de marzo que para Semana Santa.<\/p>\n\n\n\n<p>En otros destinos ocurre lo contrario. En Villa Carlos Paz, por ejemplo, las consultas para Semana Santa superan levemente a las registradas para el feriado de marzo, aunque en ambos casos los n\u00fameros se mantienen por debajo de lo esperado.<\/p>\n\n\n\n<p>Un panorama similar se observa en Cataratas del Iguaz\u00fa, donde las consultas son moderadas y todav\u00eda no se traducen en un volumen significativo de reservas.<\/p>\n\n\n\n<p class=\"has-light-green-cyan-background-color has-background\">Mucha oferta y poca ocupaci\u00f3n<\/p>\n\n\n\n<p>La baja demanda tambi\u00e9n se refleja en las plataformas digitales de alquiler tur\u00edstico. En sitios de alojamiento temporario como Airbnb, la cantidad de propiedades disponibles supera ampliamente a las reservas confirmadas.<\/p>\n\n\n\n<p>En el caso de Iguaz\u00fa, por ejemplo, aparecen m\u00e1s de mil alojamientos disponibles para los pr\u00f3ximos feriados, lo que evidencia el bajo nivel de ocupaci\u00f3n proyectado.<\/p>\n\n\n\n<p>El escenario genera inquietud en el sector, que esperaba que los fines de semana largos ayudaran a dinamizar la actividad luego de un verano con resultados desparejos en distintos destinos del pa\u00eds.<\/p>\n\n\n\n<p class=\"has-light-green-cyan-background-color has-background\">Pr\u00f3ximos feriados en el calendario<\/p>\n\n\n\n<p>Los pr\u00f3ximos descansos extendidos estar\u00e1n vinculados a fechas del calendario nacional como el D\u00eda Nacional de la Memoria por la Verdad y la Justicia, el D\u00eda del Veterano y de los Ca\u00eddos en la Guerra de Malvinas y el Viernes Santo, que en conjunto conformar\u00e1n dos fines de semana largos consecutivos.<\/p>\n\n\n\n<p>Sin embargo, a diferencia de otros a\u00f1os, el movimiento tur\u00edstico previo a estas fechas todav\u00eda no muestra se\u00f1ales claras de recuperaci\u00f3n, lo que mantiene en alerta a operadores, hoteleros y comerciantes de los principales destinos tur\u00edsticos del pa\u00eds.<\/p>\n","protected":false},"excerpt":{"rendered":"<p>A pocos d&iacute;as de que comiencen dos fines de semana largos consecutivos, los principales destinos tur&iacute;sticos del pa&iacute;s registran niveles de reservas inusualmente bajos, un escenario que genera preocupaci&oacute;n entre empresarios del sector. Operadores tur&iacute;sticos esperaban que los feriados impulsaran la actividad, pero los datos preliminares muestran un panorama muy por debajo de lo habitual. &hellip; <\/p>\n","protected":false},"author":5,"featured_media":5338,"comment_status":"closed","ping_status":"closed","sticky":false,"template":"","format":"standard","meta":{"om_disable_all_campaigns":false,"_joinchat":[]},"categories":[3],"tags":[],"featured_image_urls":{"full":["https:\/\/infotep.com.ar\/wp-content\/uploads\/2023\/05\/vacaciones-de-invierno-2023.jpg",700,463,false],"thumbnail":["https:\/\/infotep.com.ar\/wp-content\/uploads\/2023\/05\/vacaciones-de-invierno-2023-150x150.jpg",150,150,true],"medium":["https:\/\/infotep.com.ar\/wp-content\/uploads\/2023\/05\/vacaciones-de-invierno-2023-300x198.jpg",300,198,true],"medium_large":["https:\/\/infotep.com.ar\/wp-content\/uploads\/2023\/05\/vacaciones-de-invierno-2023.jpg",700,463,false],"large":["https:\/\/infotep.com.ar\/wp-content\/uploads\/2023\/05\/vacaciones-de-invierno-2023.jpg",700,463,false],"1536x1536":["https:\/\/infotep.com.ar\/wp-content\/uploads\/2023\/05\/vacaciones-de-invierno-2023.jpg",700,463,false],"2048x2048":["https:\/\/infotep.com.ar\/wp-content\/uploads\/2023\/05\/vacaciones-de-invierno-2023.jpg",700,463,false],"blossom-feminine-slider":["https:\/\/infotep.com.ar\/wp-content\/uploads\/2023\/05\/vacaciones-de-invierno-2023.jpg",700,463,false],"blossom-feminine-featured":["https:\/\/infotep.com.ar\/wp-content\/uploads\/2023\/05\/vacaciones-de-invierno-2023.jpg",700,463,false],"blossom-feminine-with-sidebar":["https:\/\/infotep.com.ar\/wp-content\/uploads\/2023\/05\/vacaciones-de-invierno-2023.jpg",700,463,false],"blossom-feminine-blog":["https:\/\/infotep.com.ar\/wp-content\/uploads\/2023\/05\/vacaciones-de-invierno-2023-435x435.jpg",435,435,true],"blossom-feminine-cat":["https:\/\/infotep.com.ar\/wp-content\/uploads\/2023\/05\/vacaciones-de-invierno-2023-450x300.jpg",450,300,true],"blossom-feminine-related":["https:\/\/infotep.com.ar\/wp-content\/uploads\/2023\/05\/vacaciones-de-invierno-2023-320x200.jpg",320,200,true],"blossom-feminine-schema":["https:\/\/infotep.com.ar\/wp-content\/uploads\/2023\/05\/vacaciones-de-invierno-2023-91x60.jpg",91,60,true],"blossom-mommy-blog-slider-big":["https:\/\/infotep.com.ar\/wp-content\/uploads\/2023\/05\/vacaciones-de-invierno-2023.jpg",700,463,false],"blossom-mommy-blog-slider":["https:\/\/infotep.com.ar\/wp-content\/uploads\/2023\/05\/vacaciones-de-invierno-2023-460x310.jpg",460,310,true],"blossom-mommy-blog-two":["https:\/\/infotep.com.ar\/wp-content\/uploads\/2023\/05\/vacaciones-de-invierno-2023.jpg",700,463,false]},"author_info":{"info":["Angela Tobar"]},"category_info":"<a href=\"https:\/\/infotep.com.ar\/index.php\/category\/nacionales\/\" rel=\"category tag\">Nacionales<\/a>","tag_info":"Nacionales","comment_count":"0","_links":{"self":[{"href":"https:\/\/infotep.com.ar\/index.php\/wp-json\/wp\/v2\/posts\/32540"}],"collection":[{"href":"https:\/\/infotep.com.ar\/index.php\/wp-json\/wp\/v2\/posts"}],"about":[{"href":"https:\/\/infotep.com.ar\/index.php\/wp-json\/wp\/v2\/types\/post"}],"author":[{"embeddable":true,"href":"https:\/\/infotep.com.ar\/index.php\/wp-json\/wp\/v2\/users\/5"}],"replies":[{"embeddable":true,"href":"https:\/\/infotep.com.ar\/index.php\/wp-json\/wp\/v2\/comments?post=32540"}],"version-history":[{"count":1,"href":"https:\/\/infotep.com.ar\/index.php\/wp-json\/wp\/v2\/posts\/32540\/revisions"}],"predecessor-version":[{"id":32541,"href":"https:\/\/infotep.com.ar\/index.php\/wp-json\/wp\/v2\/posts\/32540\/revisions\/32541"}],"wp:featuredmedia":[{"embeddable":true,"href":"https:\/\/infotep.com.ar\/index.php\/wp-json\/wp\/v2\/media\/5338"}],"wp:attachment":[{"href":"https:\/\/infotep.com.ar\/index.php\/wp-json\/wp\/v2\/media?parent=32540"}],"wp:term":[{"taxonomy":"category","embeddable":true,"href":"https:\/\/infotep.com.ar\/index.php\/wp-json\/wp\/v2\/categories?post=32540"},{"taxonomy":"post_tag","embeddable":true,"href":"https:\/\/infotep.com.ar\/index.php\/wp-json\/wp\/v2\/tags?post=32540"}],"curies":[{"name":"wp","href":"https:\/\/api.w.org\/{rel}","templated":true}]}}