{"id":32542,"date":"2026-03-16T00:21:00","date_gmt":"2026-03-16T03:21:00","guid":{"rendered":"https:\/\/infotep.com.ar\/?p=32542"},"modified":"2026-03-15T22:23:48","modified_gmt":"2026-03-16T01:23:48","slug":"el-gobierno-bonaerense-mantiene-el-sistema-actual-de-vtv-y-rechaza-los-cambios-nacionales","status":"publish","type":"post","link":"https:\/\/infotep.com.ar\/index.php\/2026\/03\/16\/el-gobierno-bonaerense-mantiene-el-sistema-actual-de-vtv-y-rechaza-los-cambios-nacionales\/","title":{"rendered":"El gobierno bonaerense mantiene el sistema actual de VTV y rechaza los cambios nacionales"},"content":{"rendered":"\n<p>El gobierno de la provincia de Buenos Aires confirm\u00f3 que no aplicar\u00e1 en su territorio la reforma del sistema de Verificaci\u00f3n T\u00e9cnica Vehicular (VTV) impulsada por el Gobierno nacional, por lo que continuar\u00e1n vigentes los plazos y requisitos actuales.<\/p>\n\n\n\n<p>La decisi\u00f3n fue ratificada por las autoridades provinciales luego de que la administraci\u00f3n del presidente Javier Milei confirmara los cambios regulatorios en el sistema de control vehicular a nivel nacional.<\/p>\n\n\n\n<p>De acuerdo con lo informado por el gobierno bonaerense encabezado por Axel Kicillof, la provincia no adherir\u00e1 a las modificaciones y mantendr\u00e1 su esquema vigente de inspecciones t\u00e9cnicas.<\/p>\n\n\n\n<p>En ese sentido, las autoridades recordaron que la VTV seguir\u00e1 siendo obligatoria y que se sostendr\u00e1 el sistema actual, que establece revisiones anuales para veh\u00edculos con m\u00e1s de dos a\u00f1os de antig\u00fcedad.<\/p>\n\n\n\n<p><strong>Provincias que no aplicar\u00e1n la reforma<\/strong><\/p>\n\n\n\n<p>La postura de la provincia de Buenos Aires se suma a la adoptada por Misiones, que tambi\u00e9n confirm\u00f3 que no implementar\u00e1 los cambios dispuestos por el Ejecutivo nacional.<\/p>\n\n\n\n<p>El rechazo a la reforma gener\u00f3 cr\u00edticas desde el Gobierno nacional. El ministro de Desregulaci\u00f3n y Transformaci\u00f3n del Estado, Federico Sturzenegger, cuestion\u00f3 la decisi\u00f3n y dej\u00f3 un mensaje pol\u00edtico en redes sociales al se\u00f1alar que la postura de las provincias deber\u00eda \u201ctenerse en cuenta a la hora de votar en 2027\u201d.<\/p>\n\n\n\n<p><strong>Qu\u00e9 establece la reforma nacional<\/strong><\/p>\n\n\n\n<p>La semana pasada, el Gobierno nacional ratific\u00f3 la modificaci\u00f3n del sistema de verificaci\u00f3n vehicular luego de rechazar objeciones presentadas por c\u00e1maras empresarias del sector.<\/p>\n\n\n\n<p><strong>Entre los principales cambios previstos por la normativa se encuentran:<\/strong><\/p>\n\n\n\n<p>Veh\u00edculos 0 km: la primera verificaci\u00f3n se realizar\u00eda a los cinco a\u00f1os del patentamiento, en lugar de los tres actuales.<\/p>\n\n\n\n<p>Autos de hasta 10 a\u00f1os: la revisi\u00f3n t\u00e9cnica pasar\u00eda a realizarse cada dos a\u00f1os, en vez de ser anual.<\/p>\n\n\n\n<p>Apertura del sistema: concesionarias, importadores y talleres mec\u00e1nicos podr\u00edan realizar las verificaciones, ampliando los actores habilitados.<\/p>\n\n\n\n<p>Fin de la exclusividad: las jurisdicciones no podr\u00edan limitar la cantidad de talleres habilitados ni fijar tarifas m\u00e1ximas o m\u00ednimas.<\/p>\n\n\n\n<p>Sin embargo, para que estas modificaciones entren plenamente en vigencia cada provincia debe adherir al nuevo esquema, por lo que su aplicaci\u00f3n depender\u00e1 de la decisi\u00f3n de las administraciones locales. Por el momento, Buenos Aires y Misiones confirmaron que mantendr\u00e1n su sistema actual sin cambios.<\/p>\n","protected":false},"excerpt":{"rendered":"<p>El gobierno de la provincia de Buenos Aires confirm&oacute; que no aplicar&aacute; en su territorio la reforma del sistema de Verificaci&oacute;n T&eacute;cnica Vehicular (VTV) impulsada por el Gobierno nacional, por lo que continuar&aacute;n vigentes los plazos y requisitos actuales. La decisi&oacute;n fue ratificada por las autoridades provinciales luego de que la administraci&oacute;n del presidente Javier &hellip; <\/p>\n","protected":false},"author":5,"featured_media":9572,"comment_status":"closed","ping_status":"closed","sticky":false,"template":"","format":"standard","meta":{"om_disable_all_campaigns":false,"_joinchat":[]},"categories":[4],"tags":[],"featured_image_urls":{"full":["https:\/\/infotep.com.ar\/wp-content\/uploads\/2023\/12\/vtv.jpeg",1600,1200,false],"thumbnail":["https:\/\/infotep.com.ar\/wp-content\/uploads\/2023\/12\/vtv-150x150.jpeg",150,150,true],"medium":["https:\/\/infotep.com.ar\/wp-content\/uploads\/2023\/12\/vtv-300x225.jpeg",300,225,true],"medium_large":["https:\/\/infotep.com.ar\/wp-content\/uploads\/2023\/12\/vtv-768x576.jpeg",768,576,true],"large":["https:\/\/infotep.com.ar\/wp-content\/uploads\/2023\/12\/vtv-1024x768.jpeg",1020,765,true],"1536x1536":["https:\/\/infotep.com.ar\/wp-content\/uploads\/2023\/12\/vtv-1536x1152.jpeg",1536,1152,true],"2048x2048":["https:\/\/infotep.com.ar\/wp-content\/uploads\/2023\/12\/vtv.jpeg",1600,1200,false],"blossom-feminine-slider":["https:\/\/infotep.com.ar\/wp-content\/uploads\/2023\/12\/vtv-1600x649.jpeg",1600,649,true],"blossom-feminine-featured":["https:\/\/infotep.com.ar\/wp-content\/uploads\/2023\/12\/vtv-1410x600.jpeg",1410,600,true],"blossom-feminine-with-sidebar":["https:\/\/infotep.com.ar\/wp-content\/uploads\/2023\/12\/vtv-1020x600.jpeg",1020,600,true],"blossom-feminine-blog":["https:\/\/infotep.com.ar\/wp-content\/uploads\/2023\/12\/vtv-435x435.jpeg",435,435,true],"blossom-feminine-cat":["https:\/\/infotep.com.ar\/wp-content\/uploads\/2023\/12\/vtv-450x300.jpeg",450,300,true],"blossom-feminine-related":["https:\/\/infotep.com.ar\/wp-content\/uploads\/2023\/12\/vtv-320x200.jpeg",320,200,true],"blossom-feminine-schema":["https:\/\/infotep.com.ar\/wp-content\/uploads\/2023\/12\/vtv-80x60.jpeg",80,60,true],"blossom-mommy-blog-slider-big":["https:\/\/infotep.com.ar\/wp-content\/uploads\/2023\/12\/vtv-920x650.jpeg",920,650,true],"blossom-mommy-blog-slider":["https:\/\/infotep.com.ar\/wp-content\/uploads\/2023\/12\/vtv-460x310.jpeg",460,310,true],"blossom-mommy-blog-two":["https:\/\/infotep.com.ar\/wp-content\/uploads\/2023\/12\/vtv-768x480.jpeg",768,480,true]},"author_info":{"info":["Angela Tobar"]},"category_info":"<a href=\"https:\/\/infotep.com.ar\/index.php\/category\/provinciales\/\" rel=\"category tag\">Provinciales<\/a>","tag_info":"Provinciales","comment_count":"0","_links":{"self":[{"href":"https:\/\/infotep.com.ar\/index.php\/wp-json\/wp\/v2\/posts\/32542"}],"collection":[{"href":"https:\/\/infotep.com.ar\/index.php\/wp-json\/wp\/v2\/posts"}],"about":[{"href":"https:\/\/infotep.com.ar\/index.php\/wp-json\/wp\/v2\/types\/post"}],"author":[{"embeddable":true,"href":"https:\/\/infotep.com.ar\/index.php\/wp-json\/wp\/v2\/users\/5"}],"replies":[{"embeddable":true,"href":"https:\/\/infotep.com.ar\/index.php\/wp-json\/wp\/v2\/comments?post=32542"}],"version-history":[{"count":1,"href":"https:\/\/infotep.com.ar\/index.php\/wp-json\/wp\/v2\/posts\/32542\/revisions"}],"predecessor-version":[{"id":32543,"href":"https:\/\/infotep.com.ar\/index.php\/wp-json\/wp\/v2\/posts\/32542\/revisions\/32543"}],"wp:featuredmedia":[{"embeddable":true,"href":"https:\/\/infotep.com.ar\/index.php\/wp-json\/wp\/v2\/media\/9572"}],"wp:attachment":[{"href":"https:\/\/infotep.com.ar\/index.php\/wp-json\/wp\/v2\/media?parent=32542"}],"wp:term":[{"taxonomy":"category","embeddable":true,"href":"https:\/\/infotep.com.ar\/index.php\/wp-json\/wp\/v2\/categories?post=32542"},{"taxonomy":"post_tag","embeddable":true,"href":"https:\/\/infotep.com.ar\/index.php\/wp-json\/wp\/v2\/tags?post=32542"}],"curies":[{"name":"wp","href":"https:\/\/api.w.org\/{rel}","templated":true}]}}