{"id":32544,"date":"2026-03-16T00:24:00","date_gmt":"2026-03-16T03:24:00","guid":{"rendered":"https:\/\/infotep.com.ar\/?p=32544"},"modified":"2026-03-15T22:28:21","modified_gmt":"2026-03-16T01:28:21","slug":"cumbre-del-pro-en-parque-norte-macri-busca-reordenar-el-partido-de-cara-a-2027","status":"publish","type":"post","link":"https:\/\/infotep.com.ar\/index.php\/2026\/03\/16\/cumbre-del-pro-en-parque-norte-macri-busca-reordenar-el-partido-de-cara-a-2027\/","title":{"rendered":"Cumbre del PRO en Parque Norte: Macri busca reordenar el partido de cara a 2027"},"content":{"rendered":"\n<p>El ex presidente Mauricio Macri encabezar\u00e1 esta semana un encuentro con dirigentes del Propuesta Republicana (PRO) con el objetivo de analizar la situaci\u00f3n pol\u00edtica del espacio y comenzar a delinear la estrategia con vistas a las elecciones de 2027.<\/p>\n\n\n\n<p><strong>La reuni\u00f3n se realizar\u00e1 el jueves 19 en el complejo Parque Norte, en la ciudad de Buenos Aires, y fue organizada por el diputado nacional Fernando de Andreis, quien adem\u00e1s se desempe\u00f1a como secretario general del partido.<\/strong><\/p>\n\n\n\n<p>Seg\u00fan adelantaron desde el espacio, el encuentro contar\u00e1 con la participaci\u00f3n de dirigentes de distintos niveles institucionales, entre ellos legisladores nacionales y provinciales, intendentes y concejales. Entre los asistentes confirmados o esperados figuran Mar\u00eda Eugenia Vidal, Silvia Lospennato y Hern\u00e1n Lombardi, entre otros referentes del partido.<\/p>\n\n\n\n<p>Aunque la convocatoria responde a cuestiones administrativas vinculadas al funcionamiento del Consejo Nacional del PRO, el encuentro tendr\u00e1 tambi\u00e9n un fuerte contenido pol\u00edtico. Durante la jornada se debatir\u00e1 el rumbo del espacio, su representaci\u00f3n en el Congreso y la construcci\u00f3n de alianzas a nivel federal.<\/p>\n\n\n\n<p>Uno de los puntos centrales del intercambio ser\u00e1 la relaci\u00f3n del PRO con el oficialismo nacional, encabezado por el presidente Javier Milei, y el futuro v\u00ednculo con La Libertad Avanza.<\/p>\n\n\n\n<p>En las \u00faltimas semanas, Macri mantuvo una serie de reuniones con dirigentes del partido para comenzar a discutir el papel que buscar\u00e1 ocupar el PRO en el escenario pol\u00edtico de los pr\u00f3ximos a\u00f1os. La cumbre prevista en Parque Norte apunta, seg\u00fan dirigentes del espacio, a reafirmar la identidad partidaria y empezar a delinear la estrategia electoral hacia 2027.<\/p>\n","protected":false},"excerpt":{"rendered":"<p>El ex presidente Mauricio Macri encabezar&aacute; esta semana un encuentro con dirigentes del Propuesta Republicana (PRO) con el objetivo de analizar la situaci&oacute;n pol&iacute;tica del espacio y comenzar a delinear la estrategia con vistas a las elecciones de 2027. La reuni&oacute;n se realizar&aacute; el jueves 19 en el complejo Parque Norte, en la ciudad de &hellip; <\/p>\n","protected":false},"author":5,"featured_media":14962,"comment_status":"closed","ping_status":"closed","sticky":false,"template":"","format":"standard","meta":{"om_disable_all_campaigns":false,"_joinchat":[]},"categories":[3],"tags":[],"featured_image_urls":{"full":["https:\/\/infotep.com.ar\/wp-content\/uploads\/2024\/07\/macri-golpista.webp",1141,720,false],"thumbnail":["https:\/\/infotep.com.ar\/wp-content\/uploads\/2024\/07\/macri-golpista-150x150.webp",150,150,true],"medium":["https:\/\/infotep.com.ar\/wp-content\/uploads\/2024\/07\/macri-golpista-300x189.webp",300,189,true],"medium_large":["https:\/\/infotep.com.ar\/wp-content\/uploads\/2024\/07\/macri-golpista-768x485.webp",768,485,true],"large":["https:\/\/infotep.com.ar\/wp-content\/uploads\/2024\/07\/macri-golpista-1024x646.webp",1020,643,true],"1536x1536":["https:\/\/infotep.com.ar\/wp-content\/uploads\/2024\/07\/macri-golpista.webp",1141,720,false],"2048x2048":["https:\/\/infotep.com.ar\/wp-content\/uploads\/2024\/07\/macri-golpista.webp",1141,720,false],"blossom-feminine-slider":["https:\/\/infotep.com.ar\/wp-content\/uploads\/2024\/07\/macri-golpista-1141x649.webp",1141,649,true],"blossom-feminine-featured":["https:\/\/infotep.com.ar\/wp-content\/uploads\/2024\/07\/macri-golpista-1141x600.webp",1141,600,true],"blossom-feminine-with-sidebar":["https:\/\/infotep.com.ar\/wp-content\/uploads\/2024\/07\/macri-golpista-1020x600.webp",1020,600,true],"blossom-feminine-blog":["https:\/\/infotep.com.ar\/wp-content\/uploads\/2024\/07\/macri-golpista-435x435.webp",435,435,true],"blossom-feminine-cat":["https:\/\/infotep.com.ar\/wp-content\/uploads\/2024\/07\/macri-golpista-450x300.webp",450,300,true],"blossom-feminine-related":["https:\/\/infotep.com.ar\/wp-content\/uploads\/2024\/07\/macri-golpista-320x200.webp",320,200,true],"blossom-feminine-schema":["https:\/\/infotep.com.ar\/wp-content\/uploads\/2024\/07\/macri-golpista-95x60.webp",95,60,true],"blossom-mommy-blog-slider-big":["https:\/\/infotep.com.ar\/wp-content\/uploads\/2024\/07\/macri-golpista-920x650.webp",920,650,true],"blossom-mommy-blog-slider":["https:\/\/infotep.com.ar\/wp-content\/uploads\/2024\/07\/macri-golpista-460x310.webp",460,310,true],"blossom-mommy-blog-two":["https:\/\/infotep.com.ar\/wp-content\/uploads\/2024\/07\/macri-golpista-768x480.webp",768,480,true]},"author_info":{"info":["Angela Tobar"]},"category_info":"<a href=\"https:\/\/infotep.com.ar\/index.php\/category\/nacionales\/\" rel=\"category tag\">Nacionales<\/a>","tag_info":"Nacionales","comment_count":"0","_links":{"self":[{"href":"https:\/\/infotep.com.ar\/index.php\/wp-json\/wp\/v2\/posts\/32544"}],"collection":[{"href":"https:\/\/infotep.com.ar\/index.php\/wp-json\/wp\/v2\/posts"}],"about":[{"href":"https:\/\/infotep.com.ar\/index.php\/wp-json\/wp\/v2\/types\/post"}],"author":[{"embeddable":true,"href":"https:\/\/infotep.com.ar\/index.php\/wp-json\/wp\/v2\/users\/5"}],"replies":[{"embeddable":true,"href":"https:\/\/infotep.com.ar\/index.php\/wp-json\/wp\/v2\/comments?post=32544"}],"version-history":[{"count":1,"href":"https:\/\/infotep.com.ar\/index.php\/wp-json\/wp\/v2\/posts\/32544\/revisions"}],"predecessor-version":[{"id":32545,"href":"https:\/\/infotep.com.ar\/index.php\/wp-json\/wp\/v2\/posts\/32544\/revisions\/32545"}],"wp:featuredmedia":[{"embeddable":true,"href":"https:\/\/infotep.com.ar\/index.php\/wp-json\/wp\/v2\/media\/14962"}],"wp:attachment":[{"href":"https:\/\/infotep.com.ar\/index.php\/wp-json\/wp\/v2\/media?parent=32544"}],"wp:term":[{"taxonomy":"category","embeddable":true,"href":"https:\/\/infotep.com.ar\/index.php\/wp-json\/wp\/v2\/categories?post=32544"},{"taxonomy":"post_tag","embeddable":true,"href":"https:\/\/infotep.com.ar\/index.php\/wp-json\/wp\/v2\/tags?post=32544"}],"curies":[{"name":"wp","href":"https:\/\/api.w.org\/{rel}","templated":true}]}}