{"id":32546,"date":"2026-03-16T00:29:00","date_gmt":"2026-03-16T03:29:00","guid":{"rendered":"https:\/\/infotep.com.ar\/?p=32546"},"modified":"2026-03-15T22:30:51","modified_gmt":"2026-03-16T01:30:51","slug":"kicillof-con-cada-nueva-escuela-ratificamos-nuestro-compromiso-de-invertir-en-la-educacion-de-los-bonaerenses","status":"publish","type":"post","link":"https:\/\/infotep.com.ar\/index.php\/2026\/03\/16\/kicillof-con-cada-nueva-escuela-ratificamos-nuestro-compromiso-de-invertir-en-la-educacion-de-los-bonaerenses\/","title":{"rendered":"Kicillof: \u201cCon cada nueva escuela ratificamos nuestro compromiso de invertir en la educaci\u00f3n de los bonaerenses\u201d"},"content":{"rendered":"\n<p>Fue durante la inauguraci\u00f3n del nuevo edificio de la Escuela Secundaria N\u00b05, en el municipio de Villa Gesell.<\/p>\n\n\n\n<p>El gobernador de la provincia de Buenos Aires, Axel Kicillof, encabez\u00f3 este viernes la inauguraci\u00f3n del nuevo edificio de la Escuela Secundaria N\u00b05 en el municipio de Villa Gesell, junto a la directora general de Cultura y Educaci\u00f3n, Flavia Terigi; y el intendente local, Gustavo Barrera.<\/p>\n\n\n\n<p>\u201cEn este contexto tan complicado, con un Gobierno nacional que est\u00e1 aplicando un ajuste feroz sobre la educaci\u00f3n, la obra p\u00fablica y las provincias, inaugurar este edificio escolar tiene para nosotros un valor mucho mayor\u201d, sostuvo Kicillof y agreg\u00f3: \u201cEs el n\u00famero 310 que ponemos en funcionamiento en la provincia de Buenos Aires y viene a ratificar nuestro compromiso de seguir invirtiendo para que todos los pibes y las pibas puedan estudiar\u201d.<\/p>\n\n\n\n<p>En ese sentido, el Gobernador explic\u00f3: \u201cSabemos que nuestra sociedad est\u00e1 padeciendo las consecuencias de las pol\u00edticas econ\u00f3micas de Milei. Aqu\u00ed en Villa Gesell, como en toda la costa bonaerense, hemos atravesado una temporada de verano con muchos menos turistas que en a\u00f1os anteriores\u201d. \u201cLos negocios no dan m\u00e1s y el consumo interno est\u00e1 destruido porque no hay ning\u00fan tipo de protecci\u00f3n del empleo y la producci\u00f3n nacional\u201d, sostuvo.<\/p>\n\n\n\n<p>A partir de una inversi\u00f3n de $1.785 millones, financiada a trav\u00e9s del Banco de Desarrollo de Am\u00e9rica Latina y el Caribe (CAF), el edificio cuenta con seis aulas, sala multimedios y de profesores, SUM, dependencias administrativas y patio. La nueva infraestructura -donde tambi\u00e9n funcionar\u00e1 la Escuela Profesional de Guardavidas del CEF N\u00b0150- permitir\u00e1 que 378 estudiantes dejen de compartir espacio con la Escuela Primaria N\u00b01.<\/p>\n\n\n\n<p>Por su parte, Terigi remarc\u00f3: \u201cCon mucho compromiso y grandes inversiones trabajamos para dar cumplimiento pleno a la obligatoriedad de la escuela en todos sus niveles y en cada rinc\u00f3n de la Provincia: lo hacemos porque sabemos que es el Estado quien debe garantizar el acceso a la educaci\u00f3n para formar ciudadanos y prepararlos para el futuro\u201d.<\/p>\n\n\n\n<p>La instituci\u00f3n cuenta adem\u00e1s con \u201cAula Virtual\u201d, un proyecto de la Asociaci\u00f3n Civil Amigos Solidarios del Banco Provincia que conecta a escuelas mediante aulas tecnol\u00f3gicas para realizar actividades pedag\u00f3gicas entre distintas instituciones.<\/p>\n\n\n\n<p>\u201cHoy es un d\u00eda muy especial para Villa Gesell: inauguramos un nuevo edificio para la secundaria y nos convertimos en el primer distrito en contar con aulas tecnol\u00f3gicas\u201d, sostuvo Barrera y agreg\u00f3: \u201cNada de esto hubiera sido posible sin un Gobierno provincial que se compromete, termina las obras y nos acompa\u00f1a para que nuestros pibes estudien en las mejores condiciones posibles\u201d.<\/p>\n\n\n\n<p>Por \u00faltimo, Kicillof subray\u00f3 que \u201ccuando vuelvan a hablarnos de la libertad, sepamos que no se trata de pagar y que se salven los que puedan, sino de garantizar que todos y todas tengan acceso a la educaci\u00f3n, a la salud y al trabajo\u201d. \u201cTenemos que seguir trabajando para que todas las familias bonaerenses puedan vivir con dignidad y, para eso, es fundamental contar con un Estado que acompa\u00f1e y est\u00e9 presente en los 135 municipios\u201d, concluy\u00f3.<\/p>\n\n\n\n<p>Durante la jornada, el Gobernador recorri\u00f3 los avances de obra del nuevo Hospital Subzonal \u201cCarlos Idaho Gesell\u201d, que en su primera etapa contempla la puesta en funcionamiento de \u00e1reas de emergencia, guardia pedi\u00e1trica y de adultos, y el laboratorio.<\/p>\n\n\n\n<p>Estuvieron presentes la jefa de Asesores del Gobernador, Cristina \u00c1lvarez Rodr\u00edguez; el ministro de Seguridad, Javier Alonso; la subsecretaria de Priorizaci\u00f3n y Seguimiento Econ\u00f3mico y Productivo de la Jefatura de Asesores, Ayel\u00e9n Borda; el intendente de Mar Chiquita, Walter Wischnivetzky; el director provincial de Consejos Escolares y Coordinaci\u00f3n Institucional de la Direcci\u00f3n General de Cultura y Educaci\u00f3n, Alejandro Perrone; el director de la instituci\u00f3n educativa, Patricio S\u00e1nchez; funcionarios y funcionarias locales.<\/p>\n","protected":false},"excerpt":{"rendered":"<p>Fue durante la inauguraci&oacute;n del nuevo edificio de la Escuela Secundaria N&deg;5, en el municipio de Villa Gesell. El gobernador de la provincia de Buenos Aires, Axel Kicillof, encabez&oacute; este viernes la inauguraci&oacute;n del nuevo edificio de la Escuela Secundaria N&deg;5 en el municipio de Villa Gesell, junto a la directora general de Cultura y &hellip; <\/p>\n","protected":false},"author":5,"featured_media":32547,"comment_status":"closed","ping_status":"closed","sticky":false,"template":"","format":"standard","meta":{"om_disable_all_campaigns":false,"_joinchat":[]},"categories":[1],"tags":[],"featured_image_urls":{"full":["https:\/\/infotep.com.ar\/wp-content\/uploads\/2026\/03\/AR18171-2.jpg",743,530,false],"thumbnail":["https:\/\/infotep.com.ar\/wp-content\/uploads\/2026\/03\/AR18171-2-150x150.jpg",150,150,true],"medium":["https:\/\/infotep.com.ar\/wp-content\/uploads\/2026\/03\/AR18171-2-300x214.jpg",300,214,true],"medium_large":["https:\/\/infotep.com.ar\/wp-content\/uploads\/2026\/03\/AR18171-2.jpg",743,530,false],"large":["https:\/\/infotep.com.ar\/wp-content\/uploads\/2026\/03\/AR18171-2.jpg",743,530,false],"1536x1536":["https:\/\/infotep.com.ar\/wp-content\/uploads\/2026\/03\/AR18171-2.jpg",743,530,false],"2048x2048":["https:\/\/infotep.com.ar\/wp-content\/uploads\/2026\/03\/AR18171-2.jpg",743,530,false],"blossom-feminine-slider":["https:\/\/infotep.com.ar\/wp-content\/uploads\/2026\/03\/AR18171-2.jpg",743,530,false],"blossom-feminine-featured":["https:\/\/infotep.com.ar\/wp-content\/uploads\/2026\/03\/AR18171-2.jpg",743,530,false],"blossom-feminine-with-sidebar":["https:\/\/infotep.com.ar\/wp-content\/uploads\/2026\/03\/AR18171-2.jpg",743,530,false],"blossom-feminine-blog":["https:\/\/infotep.com.ar\/wp-content\/uploads\/2026\/03\/AR18171-2-435x435.jpg",435,435,true],"blossom-feminine-cat":["https:\/\/infotep.com.ar\/wp-content\/uploads\/2026\/03\/AR18171-2-450x300.jpg",450,300,true],"blossom-feminine-related":["https:\/\/infotep.com.ar\/wp-content\/uploads\/2026\/03\/AR18171-2-320x200.jpg",320,200,true],"blossom-feminine-schema":["https:\/\/infotep.com.ar\/wp-content\/uploads\/2026\/03\/AR18171-2-84x60.jpg",84,60,true],"blossom-mommy-blog-slider-big":["https:\/\/infotep.com.ar\/wp-content\/uploads\/2026\/03\/AR18171-2.jpg",743,530,false],"blossom-mommy-blog-slider":["https:\/\/infotep.com.ar\/wp-content\/uploads\/2026\/03\/AR18171-2-460x310.jpg",460,310,true],"blossom-mommy-blog-two":["https:\/\/infotep.com.ar\/wp-content\/uploads\/2026\/03\/AR18171-2-743x480.jpg",743,480,true]},"author_info":{"info":["Angela Tobar"]},"category_info":"<a href=\"https:\/\/infotep.com.ar\/index.php\/category\/municipales\/hurlingham\/\" rel=\"category tag\">Hurlingham<\/a>","tag_info":"Hurlingham","comment_count":"0","_links":{"self":[{"href":"https:\/\/infotep.com.ar\/index.php\/wp-json\/wp\/v2\/posts\/32546"}],"collection":[{"href":"https:\/\/infotep.com.ar\/index.php\/wp-json\/wp\/v2\/posts"}],"about":[{"href":"https:\/\/infotep.com.ar\/index.php\/wp-json\/wp\/v2\/types\/post"}],"author":[{"embeddable":true,"href":"https:\/\/infotep.com.ar\/index.php\/wp-json\/wp\/v2\/users\/5"}],"replies":[{"embeddable":true,"href":"https:\/\/infotep.com.ar\/index.php\/wp-json\/wp\/v2\/comments?post=32546"}],"version-history":[{"count":1,"href":"https:\/\/infotep.com.ar\/index.php\/wp-json\/wp\/v2\/posts\/32546\/revisions"}],"predecessor-version":[{"id":32548,"href":"https:\/\/infotep.com.ar\/index.php\/wp-json\/wp\/v2\/posts\/32546\/revisions\/32548"}],"wp:featuredmedia":[{"embeddable":true,"href":"https:\/\/infotep.com.ar\/index.php\/wp-json\/wp\/v2\/media\/32547"}],"wp:attachment":[{"href":"https:\/\/infotep.com.ar\/index.php\/wp-json\/wp\/v2\/media?parent=32546"}],"wp:term":[{"taxonomy":"category","embeddable":true,"href":"https:\/\/infotep.com.ar\/index.php\/wp-json\/wp\/v2\/categories?post=32546"},{"taxonomy":"post_tag","embeddable":true,"href":"https:\/\/infotep.com.ar\/index.php\/wp-json\/wp\/v2\/tags?post=32546"}],"curies":[{"name":"wp","href":"https:\/\/api.w.org\/{rel}","templated":true}]}}