{"id":32558,"date":"2026-03-16T16:08:02","date_gmt":"2026-03-16T19:08:02","guid":{"rendered":"https:\/\/infotep.com.ar\/?p=32558"},"modified":"2026-03-16T16:08:03","modified_gmt":"2026-03-16T19:08:03","slug":"el-sector-de-lucas-ghi-arraso-en-la-interna-del-pj-de-moron-con-el-70-de-los-votos","status":"publish","type":"post","link":"https:\/\/infotep.com.ar\/index.php\/2026\/03\/16\/el-sector-de-lucas-ghi-arraso-en-la-interna-del-pj-de-moron-con-el-70-de-los-votos\/","title":{"rendered":"El sector de Lucas Ghi arras\u00f3 en la interna del PJ de Mor\u00f3n con el 70% de los votos"},"content":{"rendered":"\n<p>La interna del Partido Justicialista de Mor\u00f3n dej\u00f3 un resultado contundente: el espacio respaldado por el intendente Lucas Ghi se impuso con amplia diferencia y consolid\u00f3 su liderazgo dentro del peronismo local, en una jornada que tambi\u00e9n fue interpretada como un fuerte respaldo al proyecto provincial encabezado por el gobernador Axel Kicillof.<\/p>\n\n\n\n<p>La Lista 2 \u201cPer\u00f3n Vuelve\u201d, encabezada por Claudio Rom\u00e1n como candidato a presidente del PJ local y Vanina Moro como vicepresidenta, obtuvo cerca del 70% de los votos, frente al 30% alcanzado por la Lista 4, liderada por la dirigente Paula Majdanski, vinculada al espacio pol\u00edtico de Mart\u00edn Sabbatella.<\/p>\n\n\n\n<p><strong>El triunfo fue categ\u00f3rico: la lista impulsada por Ghi se impuso en todas las mesas del distrito, marcando una clara diferencia en la disputa interna del peronismo moronense.<\/strong><\/p>\n\n\n<div class=\"wp-block-image\">\n<figure class=\"alignleft size-full\"><img decoding=\"async\" loading=\"lazy\" width=\"640\" height=\"426\" src=\"https:\/\/infotep.com.ar\/wp-content\/uploads\/2026\/03\/WhatsApp-Image-2026-03-16-at-3.59.17-PM-1.jpeg\" alt=\"\" class=\"wp-image-32561\" srcset=\"https:\/\/infotep.com.ar\/wp-content\/uploads\/2026\/03\/WhatsApp-Image-2026-03-16-at-3.59.17-PM-1.jpeg 640w, https:\/\/infotep.com.ar\/wp-content\/uploads\/2026\/03\/WhatsApp-Image-2026-03-16-at-3.59.17-PM-1-300x200.jpeg 300w, https:\/\/infotep.com.ar\/wp-content\/uploads\/2026\/03\/WhatsApp-Image-2026-03-16-at-3.59.17-PM-1-450x300.jpeg 450w, https:\/\/infotep.com.ar\/wp-content\/uploads\/2026\/03\/WhatsApp-Image-2026-03-16-at-3.59.17-PM-1-90x60.jpeg 90w\" sizes=\"(max-width: 640px) 100vw, 640px\" \/><\/figure><\/div>\n\n\n<p>Tras conocerse los resultados, el intendente felicit\u00f3 a los ganadores y destac\u00f3 la participaci\u00f3n de los afiliados en la elecci\u00f3n. \u201cLas diferencias se expresaron donde corresponde: en las urnas. Los compa\u00f1eros y compa\u00f1eras hablaron y el mensaje es claro\u201d, se\u00f1al\u00f3.<\/p>\n\n\n\n<p class=\"has-light-green-cyan-background-color has-background\">Ghi tambi\u00e9n llam\u00f3 a dejar atr\u00e1s las disputas internas y enfocarse en la situaci\u00f3n social y econ\u00f3mica. \u201cMor\u00f3n necesita que estemos enfocados en lo importante: defender a nuestros vecinos y enfrentar el ajuste que est\u00e1 golpeando a nuestra comunidad\u201d, afirm\u00f3, en referencia a las pol\u00edticas del presidente Javier Milei.<\/p>\n\n\n\n<p>En ese sentido, remarc\u00f3 la necesidad de fortalecer el espacio pol\u00edtico tanto a nivel local como provincial. \u201cTenemos que ser un solo m\u00fasculo y trabajar para obtener esa mayor\u00eda que nos permita consolidar la fuerza en la provincia con el liderazgo de Axel Kicillof y tambi\u00e9n volver a ser gobierno a nivel nacional\u201d, sostuvo.<\/p>\n\n\n\n<p>El jefe comunal tambi\u00e9n subray\u00f3 que el resultado electoral implica una mayor responsabilidad para su sector. \u201cEsta victoria nos pone m\u00e1s necesidad de humildad y m\u00e1s vocaci\u00f3n de trabajo. Tenemos que abrir los brazos, convocar a todos y construir la unidad necesaria para mejorar la vida de nuestros vecinos y vecinas\u201d, expres\u00f3.<\/p>\n","protected":false},"excerpt":{"rendered":"<p>La interna del Partido Justicialista de Mor&oacute;n dej&oacute; un resultado contundente: el espacio respaldado por el intendente Lucas Ghi se impuso con amplia diferencia y consolid&oacute; su liderazgo dentro del peronismo local, en una jornada que tambi&eacute;n fue interpretada como un fuerte respaldo al proyecto provincial encabezado por el gobernador Axel Kicillof. La Lista 2 &hellip; <\/p>\n","protected":false},"author":5,"featured_media":32560,"comment_status":"closed","ping_status":"closed","sticky":false,"template":"","format":"standard","meta":{"om_disable_all_campaigns":false,"_joinchat":[]},"categories":[31,9],"tags":[],"featured_image_urls":{"full":["https:\/\/infotep.com.ar\/wp-content\/uploads\/2026\/03\/WhatsApp-Image-2026-03-16-at-3.58.42-PM.jpeg",625,418,false],"thumbnail":["https:\/\/infotep.com.ar\/wp-content\/uploads\/2026\/03\/WhatsApp-Image-2026-03-16-at-3.58.42-PM-150x150.jpeg",150,150,true],"medium":["https:\/\/infotep.com.ar\/wp-content\/uploads\/2026\/03\/WhatsApp-Image-2026-03-16-at-3.58.42-PM-300x201.jpeg",300,201,true],"medium_large":["https:\/\/infotep.com.ar\/wp-content\/uploads\/2026\/03\/WhatsApp-Image-2026-03-16-at-3.58.42-PM.jpeg",625,418,false],"large":["https:\/\/infotep.com.ar\/wp-content\/uploads\/2026\/03\/WhatsApp-Image-2026-03-16-at-3.58.42-PM.jpeg",625,418,false],"1536x1536":["https:\/\/infotep.com.ar\/wp-content\/uploads\/2026\/03\/WhatsApp-Image-2026-03-16-at-3.58.42-PM.jpeg",625,418,false],"2048x2048":["https:\/\/infotep.com.ar\/wp-content\/uploads\/2026\/03\/WhatsApp-Image-2026-03-16-at-3.58.42-PM.jpeg",625,418,false],"blossom-feminine-slider":["https:\/\/infotep.com.ar\/wp-content\/uploads\/2026\/03\/WhatsApp-Image-2026-03-16-at-3.58.42-PM.jpeg",625,418,false],"blossom-feminine-featured":["https:\/\/infotep.com.ar\/wp-content\/uploads\/2026\/03\/WhatsApp-Image-2026-03-16-at-3.58.42-PM.jpeg",625,418,false],"blossom-feminine-with-sidebar":["https:\/\/infotep.com.ar\/wp-content\/uploads\/2026\/03\/WhatsApp-Image-2026-03-16-at-3.58.42-PM.jpeg",625,418,false],"blossom-feminine-blog":["https:\/\/infotep.com.ar\/wp-content\/uploads\/2026\/03\/WhatsApp-Image-2026-03-16-at-3.58.42-PM-435x418.jpeg",435,418,true],"blossom-feminine-cat":["https:\/\/infotep.com.ar\/wp-content\/uploads\/2026\/03\/WhatsApp-Image-2026-03-16-at-3.58.42-PM-450x300.jpeg",450,300,true],"blossom-feminine-related":["https:\/\/infotep.com.ar\/wp-content\/uploads\/2026\/03\/WhatsApp-Image-2026-03-16-at-3.58.42-PM-320x200.jpeg",320,200,true],"blossom-feminine-schema":["https:\/\/infotep.com.ar\/wp-content\/uploads\/2026\/03\/WhatsApp-Image-2026-03-16-at-3.58.42-PM-90x60.jpeg",90,60,true],"blossom-mommy-blog-slider-big":["https:\/\/infotep.com.ar\/wp-content\/uploads\/2026\/03\/WhatsApp-Image-2026-03-16-at-3.58.42-PM.jpeg",625,418,false],"blossom-mommy-blog-slider":["https:\/\/infotep.com.ar\/wp-content\/uploads\/2026\/03\/WhatsApp-Image-2026-03-16-at-3.58.42-PM-460x310.jpeg",460,310,true],"blossom-mommy-blog-two":["https:\/\/infotep.com.ar\/wp-content\/uploads\/2026\/03\/WhatsApp-Image-2026-03-16-at-3.58.42-PM.jpeg",625,418,false]},"author_info":{"info":["Angela Tobar"]},"category_info":"<a href=\"https:\/\/infotep.com.ar\/index.php\/category\/destacadas\/\" rel=\"category tag\">Destacadas<\/a> <a href=\"https:\/\/infotep.com.ar\/index.php\/category\/municipales\/moron\/\" rel=\"category tag\">Mor\u00f3n<\/a>","tag_info":"Mor\u00f3n","comment_count":"0","_links":{"self":[{"href":"https:\/\/infotep.com.ar\/index.php\/wp-json\/wp\/v2\/posts\/32558"}],"collection":[{"href":"https:\/\/infotep.com.ar\/index.php\/wp-json\/wp\/v2\/posts"}],"about":[{"href":"https:\/\/infotep.com.ar\/index.php\/wp-json\/wp\/v2\/types\/post"}],"author":[{"embeddable":true,"href":"https:\/\/infotep.com.ar\/index.php\/wp-json\/wp\/v2\/users\/5"}],"replies":[{"embeddable":true,"href":"https:\/\/infotep.com.ar\/index.php\/wp-json\/wp\/v2\/comments?post=32558"}],"version-history":[{"count":1,"href":"https:\/\/infotep.com.ar\/index.php\/wp-json\/wp\/v2\/posts\/32558\/revisions"}],"predecessor-version":[{"id":32562,"href":"https:\/\/infotep.com.ar\/index.php\/wp-json\/wp\/v2\/posts\/32558\/revisions\/32562"}],"wp:featuredmedia":[{"embeddable":true,"href":"https:\/\/infotep.com.ar\/index.php\/wp-json\/wp\/v2\/media\/32560"}],"wp:attachment":[{"href":"https:\/\/infotep.com.ar\/index.php\/wp-json\/wp\/v2\/media?parent=32558"}],"wp:term":[{"taxonomy":"category","embeddable":true,"href":"https:\/\/infotep.com.ar\/index.php\/wp-json\/wp\/v2\/categories?post=32558"},{"taxonomy":"post_tag","embeddable":true,"href":"https:\/\/infotep.com.ar\/index.php\/wp-json\/wp\/v2\/tags?post=32558"}],"curies":[{"name":"wp","href":"https:\/\/api.w.org\/{rel}","templated":true}]}}