{"id":32563,"date":"2026-03-16T16:59:00","date_gmt":"2026-03-16T19:59:00","guid":{"rendered":"https:\/\/infotep.com.ar\/?p=32563"},"modified":"2026-03-16T16:59:01","modified_gmt":"2026-03-16T19:59:01","slug":"bianco-se-abre-una-nueva-etapa-del-peronismo-bonaerense-con-kicillof","status":"publish","type":"post","link":"https:\/\/infotep.com.ar\/index.php\/2026\/03\/16\/bianco-se-abre-una-nueva-etapa-del-peronismo-bonaerense-con-kicillof\/","title":{"rendered":"Bianco: \u201cSe abre una nueva etapa del peronismo bonaerense con Kicillof\u201d"},"content":{"rendered":"\n<p>El ministro de Gobierno de la provincia de Buenos Aires, Carlos Bianco, asegur\u00f3 que el peronismo bonaerense inicia \u201cuna nueva etapa\u201d con el liderazgo del gobernador Axel Kicillof, tras las elecciones internas del Partido Justicialista en distintos distritos de la provincia.<\/p>\n\n\n\n<p>Durante su habitual conferencia de prensa de los lunes, el funcionario destac\u00f3 que la jornada electoral se desarroll\u00f3 con normalidad y valor\u00f3 la participaci\u00f3n de los afiliados.<\/p>\n\n\n\n<p>\u201cEstamos muy contentos porque las elecciones se hicieron con total tranquilidad. Los afiliados de los distintos municipios se pudieron expresar a trav\u00e9s del voto como corresponde, de manera democr\u00e1tica\u201d, afirm\u00f3.<\/p>\n\n\n\n<p>Los comicios se realizaron en 16 municipios donde no se logr\u00f3 consenso para una lista de unidad. En ese marco, el Movimiento Derecho al Futuro (MDF) que lidera Kicillof se impuso en 11 distritos, mientras que M\u00e1ximo Kirchner a trav\u00e9s de La C\u00e1mpora gan\u00f3 en cuatro municipios y el espacio del Sergio Massa se qued\u00f3 con uno.<\/p>\n\n\n\n<p>Bianco subray\u00f3 que en la mayor\u00eda de los distritos s\u00ed se logr\u00f3 un acuerdo previo y que solo en esos 16 casos se habilit\u00f3 la competencia interna. \u201cCuando no hubo posibilidad de lista de unidad, se habilitaron elecciones y los afiliados votaron\u201d, explic\u00f3.<\/p>\n\n\n\n<p>En ese contexto, felicit\u00f3 a los dirigentes que resultaron ganadores y remarc\u00f3 el inicio de un nuevo ciclo pol\u00edtico dentro del justicialismo bonaerense. \u201cAhora se abre una nueva etapa con la presidencia a nivel provincial del gobernador Kicillof, para la cual vamos a necesitar la ayuda de todos para trabajar en conjunto y fortalecer el peronismo de la provincia\u201d, se\u00f1al\u00f3.<\/p>\n\n\n\n<p>El ministro tambi\u00e9n sostuvo que el objetivo del espacio es construir una alternativa pol\u00edtica al gobierno nacional de Javier Milei de cara a las elecciones de 2027.<\/p>\n\n\n\n<p>\u201cEl peronismo necesita seguir construyendo una alternativa que en 2027 nos saque de este desastre, de la falta de obra p\u00fablica, de la ca\u00edda de la producci\u00f3n y del abandono de la educaci\u00f3n\u201d, sostuvo.<\/p>\n\n\n\n<p>Por otra parte, Bianco confirm\u00f3 que Kicillof participar\u00e1 este martes en La Plata del lanzamiento del Centro de Estudios Derecho al Futuro, un espacio que trabajar\u00e1 en red con otras instituciones para elaborar diagn\u00f3sticos y debatir pol\u00edticas p\u00fablicas a nivel nacional.<\/p>\n\n\n\n<p>Seg\u00fan explic\u00f3 el funcionario, el nuevo centro de estudios \u201cno es una mera herramienta electoral\u201d, sino un instrumento para desarrollar propuestas de gobierno y fortalecer una alternativa pol\u00edtica de cara al futuro.<\/p>\n\n\n\n<p>Finalmente, tambi\u00e9n adelant\u00f3 que el gobernador participar\u00e1 el pr\u00f3ximo 24 de marzo de la conmemoraci\u00f3n por los 50 a\u00f1os del golpe de Estado de 1976, en el marco de las actividades por el Golpe de Estado en Argentina de 1976.<\/p>\n\n\n\n<p>\u201cDadas las circunstancias actuales tiene que ser una movilizaci\u00f3n masiva donde tenemos que seguir sosteniendo las pol\u00edticas de memoria, verdad y justicia\u201d, concluy\u00f3.<\/p>\n","protected":false},"excerpt":{"rendered":"<p>El ministro de Gobierno de la provincia de Buenos Aires, Carlos Bianco, asegur&oacute; que el peronismo bonaerense inicia &ldquo;una nueva etapa&rdquo; con el liderazgo del gobernador Axel Kicillof, tras las elecciones internas del Partido Justicialista en distintos distritos de la provincia. Durante su habitual conferencia de prensa de los lunes, el funcionario destac&oacute; que la &hellip; <\/p>\n","protected":false},"author":5,"featured_media":30609,"comment_status":"closed","ping_status":"closed","sticky":false,"template":"","format":"standard","meta":{"om_disable_all_campaigns":false,"_joinchat":[]},"categories":[4],"tags":[],"featured_image_urls":{"full":["https:\/\/infotep.com.ar\/wp-content\/uploads\/2025\/12\/bianco.jpg",743,530,false],"thumbnail":["https:\/\/infotep.com.ar\/wp-content\/uploads\/2025\/12\/bianco-150x150.jpg",150,150,true],"medium":["https:\/\/infotep.com.ar\/wp-content\/uploads\/2025\/12\/bianco-300x214.jpg",300,214,true],"medium_large":["https:\/\/infotep.com.ar\/wp-content\/uploads\/2025\/12\/bianco.jpg",743,530,false],"large":["https:\/\/infotep.com.ar\/wp-content\/uploads\/2025\/12\/bianco.jpg",743,530,false],"1536x1536":["https:\/\/infotep.com.ar\/wp-content\/uploads\/2025\/12\/bianco.jpg",743,530,false],"2048x2048":["https:\/\/infotep.com.ar\/wp-content\/uploads\/2025\/12\/bianco.jpg",743,530,false],"blossom-feminine-slider":["https:\/\/infotep.com.ar\/wp-content\/uploads\/2025\/12\/bianco.jpg",743,530,false],"blossom-feminine-featured":["https:\/\/infotep.com.ar\/wp-content\/uploads\/2025\/12\/bianco.jpg",743,530,false],"blossom-feminine-with-sidebar":["https:\/\/infotep.com.ar\/wp-content\/uploads\/2025\/12\/bianco.jpg",743,530,false],"blossom-feminine-blog":["https:\/\/infotep.com.ar\/wp-content\/uploads\/2025\/12\/bianco-435x435.jpg",435,435,true],"blossom-feminine-cat":["https:\/\/infotep.com.ar\/wp-content\/uploads\/2025\/12\/bianco-450x300.jpg",450,300,true],"blossom-feminine-related":["https:\/\/infotep.com.ar\/wp-content\/uploads\/2025\/12\/bianco-320x200.jpg",320,200,true],"blossom-feminine-schema":["https:\/\/infotep.com.ar\/wp-content\/uploads\/2025\/12\/bianco-84x60.jpg",84,60,true],"blossom-mommy-blog-slider-big":["https:\/\/infotep.com.ar\/wp-content\/uploads\/2025\/12\/bianco.jpg",743,530,false],"blossom-mommy-blog-slider":["https:\/\/infotep.com.ar\/wp-content\/uploads\/2025\/12\/bianco-460x310.jpg",460,310,true],"blossom-mommy-blog-two":["https:\/\/infotep.com.ar\/wp-content\/uploads\/2025\/12\/bianco-743x480.jpg",743,480,true]},"author_info":{"info":["Angela Tobar"]},"category_info":"<a href=\"https:\/\/infotep.com.ar\/index.php\/category\/provinciales\/\" rel=\"category tag\">Provinciales<\/a>","tag_info":"Provinciales","comment_count":"0","_links":{"self":[{"href":"https:\/\/infotep.com.ar\/index.php\/wp-json\/wp\/v2\/posts\/32563"}],"collection":[{"href":"https:\/\/infotep.com.ar\/index.php\/wp-json\/wp\/v2\/posts"}],"about":[{"href":"https:\/\/infotep.com.ar\/index.php\/wp-json\/wp\/v2\/types\/post"}],"author":[{"embeddable":true,"href":"https:\/\/infotep.com.ar\/index.php\/wp-json\/wp\/v2\/users\/5"}],"replies":[{"embeddable":true,"href":"https:\/\/infotep.com.ar\/index.php\/wp-json\/wp\/v2\/comments?post=32563"}],"version-history":[{"count":1,"href":"https:\/\/infotep.com.ar\/index.php\/wp-json\/wp\/v2\/posts\/32563\/revisions"}],"predecessor-version":[{"id":32564,"href":"https:\/\/infotep.com.ar\/index.php\/wp-json\/wp\/v2\/posts\/32563\/revisions\/32564"}],"wp:featuredmedia":[{"embeddable":true,"href":"https:\/\/infotep.com.ar\/index.php\/wp-json\/wp\/v2\/media\/30609"}],"wp:attachment":[{"href":"https:\/\/infotep.com.ar\/index.php\/wp-json\/wp\/v2\/media?parent=32563"}],"wp:term":[{"taxonomy":"category","embeddable":true,"href":"https:\/\/infotep.com.ar\/index.php\/wp-json\/wp\/v2\/categories?post=32563"},{"taxonomy":"post_tag","embeddable":true,"href":"https:\/\/infotep.com.ar\/index.php\/wp-json\/wp\/v2\/tags?post=32563"}],"curies":[{"name":"wp","href":"https:\/\/api.w.org\/{rel}","templated":true}]}}