{"id":32574,"date":"2026-03-16T23:30:49","date_gmt":"2026-03-17T02:30:49","guid":{"rendered":"https:\/\/infotep.com.ar\/?p=32574"},"modified":"2026-03-16T23:37:28","modified_gmt":"2026-03-17T02:37:28","slug":"convocan-a-una-marcha-en-ituzaingo-para-pedir-justicia-por-el-asesinato-de-juan-cruz-leal","status":"publish","type":"post","link":"https:\/\/infotep.com.ar\/index.php\/2026\/03\/16\/convocan-a-una-marcha-en-ituzaingo-para-pedir-justicia-por-el-asesinato-de-juan-cruz-leal\/","title":{"rendered":"Convocan a una marcha en Ituzaing\u00f3 para pedir justicia por el asesinato de Juan Cruz Leal"},"content":{"rendered":"\n<p>Familiares, amigos y vecinos convocaron a una marcha en pedido de justicia por el asesinato de Juan Cruz Leal, el joven de 21 a\u00f1os que muri\u00f3 tras recibir un disparo efectuado por un efectivo policial en un hecho ocurrido d\u00edas atr\u00e1s en Ituzaing\u00f3, Buenos Aires, Argentina.<\/p>\n\n\n\n<p>El episodio ocurri\u00f3 cuando el joven circulaba en moto junto a un amigo. En esas circunstancias, un agente de la Polic\u00eda de la Ciudad de Buenos Aires que se encontraba fuera de servicio dispar\u00f3 contra ellos, tras asegurar que crey\u00f3 estar frente a un intento de robo. El proyectil impact\u00f3 en el cuerpo del joven, que falleci\u00f3 a causa de las heridas.<\/p>\n\n\n<div class=\"wp-block-image\">\n<figure class=\"alignleft size-full is-resized\"><img decoding=\"async\" loading=\"lazy\" src=\"https:\/\/infotep.com.ar\/wp-content\/uploads\/2026\/03\/WhatsApp-Image-2026-03-16-at-11.13.06-PM.jpeg\" alt=\"\" class=\"wp-image-32575\" width=\"338\" height=\"489\" srcset=\"https:\/\/infotep.com.ar\/wp-content\/uploads\/2026\/03\/WhatsApp-Image-2026-03-16-at-11.13.06-PM.jpeg 695w, https:\/\/infotep.com.ar\/wp-content\/uploads\/2026\/03\/WhatsApp-Image-2026-03-16-at-11.13.06-PM-207x300.jpeg 207w, https:\/\/infotep.com.ar\/wp-content\/uploads\/2026\/03\/WhatsApp-Image-2026-03-16-at-11.13.06-PM-41x60.jpeg 41w\" sizes=\"(max-width: 338px) 100vw, 338px\" \/><\/figure><\/div>\n\n\n<p>El caso gener\u00f3 una fuerte conmoci\u00f3n en la comunidad y es investigado por la Justicia para determinar las responsabilidades y las circunstancias en las que se produjo el disparo. En paralelo, familiares de la v\u00edctima sostienen que el joven no estaba armado ni comet\u00eda ning\u00fan delito al momento del hecho.<\/p>\n\n\n\n<p>En ese contexto, allegados a la familia impulsan una movilizaci\u00f3n para visibilizar el reclamo de justicia y acompa\u00f1ar a los padres del joven.<\/p>\n\n\n\n<p class=\"has-light-green-cyan-background-color has-background\"><strong>La marcha se realizar\u00e1 el viernes 27 de marzo a las 17 en la Plaza San Mart\u00edn de Ituzaing\u00f3, donde vecinos y organizaciones se concentrar\u00e1n para exigir el esclarecimiento del caso.<\/strong><\/p>\n\n\n\n<p>Quienes convocan a la movilizaci\u00f3n pidieron difusi\u00f3n, uni\u00f3n y presencia para acompa\u00f1ar el reclamo y para que el nombre del joven \u201cse escuche\u201d en la comunidad.<\/p>\n\n\n\n<p><strong>La fecha elegida para la manifestaci\u00f3n coincide adem\u00e1s con el d\u00eda en que el joven habr\u00eda cumplido 22 a\u00f1os, lo que convierte a la jornada en un momento especialmente significativo para sus familiares y amigos.<\/strong><\/p>\n","protected":false},"excerpt":{"rendered":"<p>Familiares, amigos y vecinos convocaron a una marcha en pedido de justicia por el asesinato de Juan Cruz Leal, el joven de 21 a&ntilde;os que muri&oacute; tras recibir un disparo efectuado por un efectivo policial en un hecho ocurrido d&iacute;as atr&aacute;s en Ituzaing&oacute;, Buenos Aires, Argentina. El episodio ocurri&oacute; cuando el joven circulaba en moto &hellip; <\/p>\n","protected":false},"author":5,"featured_media":32582,"comment_status":"closed","ping_status":"closed","sticky":false,"template":"","format":"standard","meta":{"om_disable_all_campaigns":false,"_joinchat":[]},"categories":[31,8],"tags":[],"featured_image_urls":{"full":["https:\/\/infotep.com.ar\/wp-content\/uploads\/2026\/03\/leal-a.jpg",568,441,false],"thumbnail":["https:\/\/infotep.com.ar\/wp-content\/uploads\/2026\/03\/leal-a-150x150.jpg",150,150,true],"medium":["https:\/\/infotep.com.ar\/wp-content\/uploads\/2026\/03\/leal-a-300x233.jpg",300,233,true],"medium_large":["https:\/\/infotep.com.ar\/wp-content\/uploads\/2026\/03\/leal-a.jpg",568,441,false],"large":["https:\/\/infotep.com.ar\/wp-content\/uploads\/2026\/03\/leal-a.jpg",568,441,false],"1536x1536":["https:\/\/infotep.com.ar\/wp-content\/uploads\/2026\/03\/leal-a.jpg",568,441,false],"2048x2048":["https:\/\/infotep.com.ar\/wp-content\/uploads\/2026\/03\/leal-a.jpg",568,441,false],"blossom-feminine-slider":["https:\/\/infotep.com.ar\/wp-content\/uploads\/2026\/03\/leal-a.jpg",568,441,false],"blossom-feminine-featured":["https:\/\/infotep.com.ar\/wp-content\/uploads\/2026\/03\/leal-a.jpg",568,441,false],"blossom-feminine-with-sidebar":["https:\/\/infotep.com.ar\/wp-content\/uploads\/2026\/03\/leal-a.jpg",568,441,false],"blossom-feminine-blog":["https:\/\/infotep.com.ar\/wp-content\/uploads\/2026\/03\/leal-a-435x435.jpg",435,435,true],"blossom-feminine-cat":["https:\/\/infotep.com.ar\/wp-content\/uploads\/2026\/03\/leal-a-450x300.jpg",450,300,true],"blossom-feminine-related":["https:\/\/infotep.com.ar\/wp-content\/uploads\/2026\/03\/leal-a-320x200.jpg",320,200,true],"blossom-feminine-schema":["https:\/\/infotep.com.ar\/wp-content\/uploads\/2026\/03\/leal-a-77x60.jpg",77,60,true],"blossom-mommy-blog-slider-big":["https:\/\/infotep.com.ar\/wp-content\/uploads\/2026\/03\/leal-a.jpg",568,441,false],"blossom-mommy-blog-slider":["https:\/\/infotep.com.ar\/wp-content\/uploads\/2026\/03\/leal-a-460x310.jpg",460,310,true],"blossom-mommy-blog-two":["https:\/\/infotep.com.ar\/wp-content\/uploads\/2026\/03\/leal-a.jpg",568,441,false]},"author_info":{"info":["Angela Tobar"]},"category_info":"<a href=\"https:\/\/infotep.com.ar\/index.php\/category\/destacadas\/\" rel=\"category tag\">Destacadas<\/a> <a href=\"https:\/\/infotep.com.ar\/index.php\/category\/municipales\/ituzaingo\/\" rel=\"category tag\">Ituzaing\u00f3<\/a>","tag_info":"Ituzaing\u00f3","comment_count":"0","_links":{"self":[{"href":"https:\/\/infotep.com.ar\/index.php\/wp-json\/wp\/v2\/posts\/32574"}],"collection":[{"href":"https:\/\/infotep.com.ar\/index.php\/wp-json\/wp\/v2\/posts"}],"about":[{"href":"https:\/\/infotep.com.ar\/index.php\/wp-json\/wp\/v2\/types\/post"}],"author":[{"embeddable":true,"href":"https:\/\/infotep.com.ar\/index.php\/wp-json\/wp\/v2\/users\/5"}],"replies":[{"embeddable":true,"href":"https:\/\/infotep.com.ar\/index.php\/wp-json\/wp\/v2\/comments?post=32574"}],"version-history":[{"count":1,"href":"https:\/\/infotep.com.ar\/index.php\/wp-json\/wp\/v2\/posts\/32574\/revisions"}],"predecessor-version":[{"id":32577,"href":"https:\/\/infotep.com.ar\/index.php\/wp-json\/wp\/v2\/posts\/32574\/revisions\/32577"}],"wp:featuredmedia":[{"embeddable":true,"href":"https:\/\/infotep.com.ar\/index.php\/wp-json\/wp\/v2\/media\/32582"}],"wp:attachment":[{"href":"https:\/\/infotep.com.ar\/index.php\/wp-json\/wp\/v2\/media?parent=32574"}],"wp:term":[{"taxonomy":"category","embeddable":true,"href":"https:\/\/infotep.com.ar\/index.php\/wp-json\/wp\/v2\/categories?post=32574"},{"taxonomy":"post_tag","embeddable":true,"href":"https:\/\/infotep.com.ar\/index.php\/wp-json\/wp\/v2\/tags?post=32574"}],"curies":[{"name":"wp","href":"https:\/\/api.w.org\/{rel}","templated":true}]}}