{"id":32588,"date":"2026-03-17T16:40:39","date_gmt":"2026-03-17T19:40:39","guid":{"rendered":"https:\/\/infotep.com.ar\/?p=32588"},"modified":"2026-03-17T16:40:40","modified_gmt":"2026-03-17T19:40:40","slug":"merlo-organiza-un-festival-por-la-memoria-con-recorridos-historicos-y-propuestas-culturales","status":"publish","type":"post","link":"https:\/\/infotep.com.ar\/index.php\/2026\/03\/17\/merlo-organiza-un-festival-por-la-memoria-con-recorridos-historicos-y-propuestas-culturales\/","title":{"rendered":"Merlo organiza un festival por la memoria con recorridos hist\u00f3ricos y propuestas culturales"},"content":{"rendered":"\n<p>El pr\u00f3ximo domingo 22 se realizar\u00e1 en Merlo el Festival por la Memoria \u201cQue digan d\u00f3nde est\u00e1n\u201d, una jornada abierta a toda la comunidad que combinar\u00e1 actividades culturales, debates, intervenciones art\u00edsticas y espacios participativos en el marco del Mes de la Memoria.<\/p>\n\n\n\n<p>La propuesta busca generar un espacio de reflexi\u00f3n colectiva sobre la \u00faltima dictadura c\u00edvico-militar y la vigencia de los derechos humanos, con eje en la memoria, la verdad y la justicia.<\/p>\n\n\n\n<p>La actividad comenzar\u00e1 a las 16 horas con una caravana que partir\u00e1 desde la Plaza N\u00e9stor Kirchner y recorrer\u00e1 distintos puntos de la ciudad hasta llegar a la Plaza Fundador Don Francisco. Durante el trayecto se realizar\u00e1n paradas conmemorativas en sitios se\u00f1alados como espacios de memoria por la Direcci\u00f3n de Derechos Humanos, donde se recordar\u00e1 a v\u00edctimas del terrorismo de Estado y se compartir\u00e1n testimonios.<\/p>\n\n\n\n<p>Entre los puntos destacados del recorrido se encuentran instituciones educativas, dependencias p\u00fablicas y lugares donde funcionaron centros clandestinos de detenci\u00f3n, as\u00ed como espacios vinculados a trabajadores, docentes y vecinos que fueron v\u00edctimas de la represi\u00f3n.<\/p>\n\n\n\n<p class=\"has-light-green-cyan-background-color has-background\">A partir de las 18:30 comenzar\u00e1n las intervenciones art\u00edsticas en la plaza central, con la participaci\u00f3n de murgas y propuestas culturales. Luego, entre las 19 y las 20 horas, se desarrollar\u00e1 un ciclo de debates simult\u00e1neos que abordar\u00e1 distintas tem\u00e1ticas: el impacto econ\u00f3mico de la dictadura, las luchas en el \u00e1mbito educativo y el rol de la cultura como forma de resistencia frente a la censura y la persecuci\u00f3n.<\/p>\n\n\n\n<p>El cierre de la jornada tendr\u00e1 lugar a las 20 horas con una radio abierta en el escenario principal, dedicada a recuperar la historia de la resistencia de los organismos de derechos humanos, especialmente de Madres y Abuelas de Plaza de Mayo. Tambi\u00e9n participar\u00e1n familiares de detenidos-desaparecidos de Merlo, quienes compartir\u00e1n sus testimonios y su lucha.<\/p>\n\n\n\n<p><strong>En el plano art\u00edstico, el festival contar\u00e1 con presentaciones musicales de Inercias y Los Vientos del Laprida, y finalizar\u00e1 con el show del reconocido artista Bruno Arias.<\/strong><\/p>\n\n\n\n<p>Durante toda la jornada habr\u00e1 adem\u00e1s actividades culturales y comunitarias, como una muestra fotogr\u00e1fica sobre derechos humanos en la Casa de la Cultura, una feria gastron\u00f3mica, espacios recreativos para las infancias y stands de organizaciones sociales y pol\u00edticas.<\/p>\n\n\n\n<p>El Festival por la Memoria se presenta como un espacio de encuentro para la comunidad, con el objetivo de mantener viva la historia y reafirmar el compromiso colectivo con los derechos humanos.<\/p>\n","protected":false},"excerpt":{"rendered":"<p>El pr&oacute;ximo domingo 22 se realizar&aacute; en Merlo el Festival por la Memoria &ldquo;Que digan d&oacute;nde est&aacute;n&rdquo;, una jornada abierta a toda la comunidad que combinar&aacute; actividades culturales, debates, intervenciones art&iacute;sticas y espacios participativos en el marco del Mes de la Memoria. La propuesta busca generar un espacio de reflexi&oacute;n colectiva sobre la &uacute;ltima dictadura &hellip; <\/p>\n","protected":false},"author":5,"featured_media":32589,"comment_status":"closed","ping_status":"closed","sticky":false,"template":"","format":"standard","meta":{"om_disable_all_campaigns":false,"_joinchat":[]},"categories":[31,10],"tags":[],"featured_image_urls":{"full":["https:\/\/infotep.com.ar\/wp-content\/uploads\/2026\/03\/merlo.jpg",1200,800,false],"thumbnail":["https:\/\/infotep.com.ar\/wp-content\/uploads\/2026\/03\/merlo-150x150.jpg",150,150,true],"medium":["https:\/\/infotep.com.ar\/wp-content\/uploads\/2026\/03\/merlo-300x200.jpg",300,200,true],"medium_large":["https:\/\/infotep.com.ar\/wp-content\/uploads\/2026\/03\/merlo-768x512.jpg",768,512,true],"large":["https:\/\/infotep.com.ar\/wp-content\/uploads\/2026\/03\/merlo-1024x683.jpg",1020,680,true],"1536x1536":["https:\/\/infotep.com.ar\/wp-content\/uploads\/2026\/03\/merlo.jpg",1200,800,false],"2048x2048":["https:\/\/infotep.com.ar\/wp-content\/uploads\/2026\/03\/merlo.jpg",1200,800,false],"blossom-feminine-slider":["https:\/\/infotep.com.ar\/wp-content\/uploads\/2026\/03\/merlo-1200x649.jpg",1200,649,true],"blossom-feminine-featured":["https:\/\/infotep.com.ar\/wp-content\/uploads\/2026\/03\/merlo-1200x600.jpg",1200,600,true],"blossom-feminine-with-sidebar":["https:\/\/infotep.com.ar\/wp-content\/uploads\/2026\/03\/merlo-1020x600.jpg",1020,600,true],"blossom-feminine-blog":["https:\/\/infotep.com.ar\/wp-content\/uploads\/2026\/03\/merlo-435x435.jpg",435,435,true],"blossom-feminine-cat":["https:\/\/infotep.com.ar\/wp-content\/uploads\/2026\/03\/merlo-450x300.jpg",450,300,true],"blossom-feminine-related":["https:\/\/infotep.com.ar\/wp-content\/uploads\/2026\/03\/merlo-320x200.jpg",320,200,true],"blossom-feminine-schema":["https:\/\/infotep.com.ar\/wp-content\/uploads\/2026\/03\/merlo-90x60.jpg",90,60,true],"blossom-mommy-blog-slider-big":["https:\/\/infotep.com.ar\/wp-content\/uploads\/2026\/03\/merlo-920x650.jpg",920,650,true],"blossom-mommy-blog-slider":["https:\/\/infotep.com.ar\/wp-content\/uploads\/2026\/03\/merlo-460x310.jpg",460,310,true],"blossom-mommy-blog-two":["https:\/\/infotep.com.ar\/wp-content\/uploads\/2026\/03\/merlo-768x480.jpg",768,480,true]},"author_info":{"info":["Angela Tobar"]},"category_info":"<a href=\"https:\/\/infotep.com.ar\/index.php\/category\/destacadas\/\" rel=\"category tag\">Destacadas<\/a> <a href=\"https:\/\/infotep.com.ar\/index.php\/category\/municipales\/merlo\/\" rel=\"category tag\">Merlo<\/a>","tag_info":"Merlo","comment_count":"0","_links":{"self":[{"href":"https:\/\/infotep.com.ar\/index.php\/wp-json\/wp\/v2\/posts\/32588"}],"collection":[{"href":"https:\/\/infotep.com.ar\/index.php\/wp-json\/wp\/v2\/posts"}],"about":[{"href":"https:\/\/infotep.com.ar\/index.php\/wp-json\/wp\/v2\/types\/post"}],"author":[{"embeddable":true,"href":"https:\/\/infotep.com.ar\/index.php\/wp-json\/wp\/v2\/users\/5"}],"replies":[{"embeddable":true,"href":"https:\/\/infotep.com.ar\/index.php\/wp-json\/wp\/v2\/comments?post=32588"}],"version-history":[{"count":1,"href":"https:\/\/infotep.com.ar\/index.php\/wp-json\/wp\/v2\/posts\/32588\/revisions"}],"predecessor-version":[{"id":32590,"href":"https:\/\/infotep.com.ar\/index.php\/wp-json\/wp\/v2\/posts\/32588\/revisions\/32590"}],"wp:featuredmedia":[{"embeddable":true,"href":"https:\/\/infotep.com.ar\/index.php\/wp-json\/wp\/v2\/media\/32589"}],"wp:attachment":[{"href":"https:\/\/infotep.com.ar\/index.php\/wp-json\/wp\/v2\/media?parent=32588"}],"wp:term":[{"taxonomy":"category","embeddable":true,"href":"https:\/\/infotep.com.ar\/index.php\/wp-json\/wp\/v2\/categories?post=32588"},{"taxonomy":"post_tag","embeddable":true,"href":"https:\/\/infotep.com.ar\/index.php\/wp-json\/wp\/v2\/tags?post=32588"}],"curies":[{"name":"wp","href":"https:\/\/api.w.org\/{rel}","templated":true}]}}