{"id":32598,"date":"2026-03-17T17:08:57","date_gmt":"2026-03-17T20:08:57","guid":{"rendered":"https:\/\/infotep.com.ar\/?p=32598"},"modified":"2026-03-17T17:08:58","modified_gmt":"2026-03-17T20:08:58","slug":"a-50-anos-del-golpe-el-terrorismo-de-estado-en-la-zona-oeste","status":"publish","type":"post","link":"https:\/\/infotep.com.ar\/index.php\/2026\/03\/17\/a-50-anos-del-golpe-el-terrorismo-de-estado-en-la-zona-oeste\/","title":{"rendered":"A 50 a\u00f1os del Golpe: El terrorismo de Estado en la Zona Oeste"},"content":{"rendered":"\n<p><\/p>\n\n\n\n<p><strong><em>El territorio nacional fue dividido en cinco grandes zonas, cada una bajo el control de un Cuerpo de Ej\u00e9rcito o una Fuerza Armada principal, el Oeste del Conurbano se ubicaba en la Zona 1, bajo la \u00f3rbita represiva de la Fuerza A\u00e9rea.<\/em><\/strong><\/p>\n\n\n\n<p><strong><em>Por Rub\u00e9n Magliotti<\/em><\/strong><\/p>\n\n\n\n<figure class=\"wp-block-image size-full is-resized\"><img decoding=\"async\" loading=\"lazy\" src=\"https:\/\/infotep.com.ar\/wp-content\/uploads\/2026\/03\/image-16.jpeg\" alt=\"\" class=\"wp-image-32599\" width=\"889\" height=\"511\" srcset=\"https:\/\/infotep.com.ar\/wp-content\/uploads\/2026\/03\/image-16.jpeg 590w, https:\/\/infotep.com.ar\/wp-content\/uploads\/2026\/03\/image-16-300x172.jpeg 300w, https:\/\/infotep.com.ar\/wp-content\/uploads\/2026\/03\/image-16-104x60.jpeg 104w\" sizes=\"(max-width: 889px) 100vw, 889px\" \/><\/figure>\n\n\n\n<p>Zona 1. Subzona 16<\/p>\n\n\n\n<p>En el entramado del poder clandestino del terror, <strong><em>el oeste del conurbano bonaerense se ubicaba en la Zona 1, bajo el mando del Primer Cuerpo del Ejercito a cargo del general Carlos Guillermo Su\u00e1rez Mason<\/em><\/strong>, cubr\u00eda Ciudad de Buenos Aires, la mayor parte de la provincia de Buenos Aires y La Pampa.<\/p>\n\n\n\n<p>El Oeste bonaerense <strong><em>fue designado como la Subzona 16, integrado por los partidos de Mor\u00f3n (en su anterior conformaci\u00f3n con Ituzaing\u00f3 y Hurlingham), Merlo y Moreno<\/em><\/strong> a cargo de la Fuerza A\u00e9rea ya que Mor\u00f3n ten\u00eda dos importantes bases militares: La VII Brigada en Castelar y la Base A\u00e9rea de El Palomar.<\/p>\n\n\n\n<p><strong><em>El Brigadier Miguel \u00c1ngel Oss\u00e9s fue el jefe de la Subzona 16 y ha sido juzgado por los cr\u00edmenes de lesa humanidad cometidos bajo su mando.<\/em><\/strong> Los comandantes de la Fuerza A\u00e9rea como m\u00e1xima autoridad fueron el Brigadier <strong><em>Orlando Ram\u00f3n Agosti<\/em><\/strong> (integrante de la primera Junta Militar) y posteriormente Omar Graffigna que ten\u00edan la responsabilidad \u00faltima sobre las operaciones en sus jurisdicciones.<\/p>\n\n\n\n<p>Adem\u00e1s estaban los Oficiales Operativos como <strong><em>Mario Domingo Ruli y Julio Narciso Flores<\/em><\/strong> condenados recientemente por su actuaci\u00f3n en el &#8220;corredor represivo&#8221; de esta subzona.<\/p>\n\n\n\n<p><strong><em>En la Subzona 16 se han identificado 14 Centros Clandestinos de Detenci\u00f3n <\/em><\/strong>(CCDs) y otro sitio, la Regional de Inteligencia de Buenos Aires (R.I.B.A). Es importante se\u00f1alar que <strong><em>las comisar\u00edas de la Polic\u00eda Bonaerense se encontraban subordinadas a la FFAA.<\/em><\/strong><\/p>\n\n\n\n<figure class=\"wp-block-image size-full\"><img decoding=\"async\" loading=\"lazy\" width=\"1024\" height=\"682\" src=\"https:\/\/infotep.com.ar\/wp-content\/uploads\/2026\/03\/C.jpg\" alt=\"\" class=\"wp-image-32604\" srcset=\"https:\/\/infotep.com.ar\/wp-content\/uploads\/2026\/03\/C.jpg 1024w, https:\/\/infotep.com.ar\/wp-content\/uploads\/2026\/03\/C-300x200.jpg 300w, https:\/\/infotep.com.ar\/wp-content\/uploads\/2026\/03\/C-768x512.jpg 768w, https:\/\/infotep.com.ar\/wp-content\/uploads\/2026\/03\/C-450x300.jpg 450w, https:\/\/infotep.com.ar\/wp-content\/uploads\/2026\/03\/C-90x60.jpg 90w\" sizes=\"(max-width: 1024px) 100vw, 1024px\" \/><figcaption class=\"wp-element-caption\">Imagen indicativo de se\u00f1alamiento de un Centro Clandestino de Detenci\u00f3n y Tortura.<\/figcaption><\/figure>\n\n\n\n<p><\/p>\n\n\n\n<p>\u00c1rea <strong>160<\/strong><\/p>\n\n\n\n<p><strong><em>Las \u00e1reas eran las unidades m\u00e1s peque\u00f1as y locales, responsables de la represi\u00f3n en zonas geogr\u00e1ficas espec\u00edficas<\/em><\/strong>, a menudo bajo el control de jefes de guarnici\u00f3n locales o fuerzas de seguridad, <strong><em>la n\u00famero 160 abarcaba el viejo Partido de Mor\u00f3n, excepto zona norte del mismo (localidad de El Palomar).<\/em><\/strong><\/p>\n\n\n\n<p>En esta \u00e1rea <strong><em>el principal Centro Clandestino de Detenci\u00f3n fue conocido como \u201cMansi\u00f3n Ser\u00e9\u201d o \u201cAtila\u201d,<\/em><\/strong> que funcion\u00f3 entre diciembre de 1976 y fines de marzo de 1978 en el antiguo casco de la quinta de la Familia Ser\u00e9.<\/p>\n\n\n\n<p><strong><em>Por este lugar pasaron casi un centenar de personas secuestradas y 13 de ellas contin\u00faan desaparecidas al d\u00eda de hoy.<\/em><\/strong> Este Centro Clandestino <strong><em>dej\u00f3 de funcionar a consecuencia de una fuga ocurrida el 24 de marzo de 1978<\/em><\/strong>, que permiti\u00f3 el escape de cuatro secuestrados <strong><em>(Guillermo Fern\u00e1ndez, Claudio Tamburrini, Carlos Garc\u00eda y Daniel Russomano),<\/em><\/strong> y a partir de ese evento el resto de los secuestrados que all\u00ed se encontraban fueron liberados o llevados a otro CCD de la zona, y <strong><em>se produjo la destrucci\u00f3n parcial del lugar para borrar los restos del horror y las pruebas del plan de exterminio de la Dictadura<\/em><\/strong>.<\/p>\n\n\n\n<figure class=\"wp-block-image size-full\"><img decoding=\"async\" loading=\"lazy\" width=\"1024\" height=\"683\" src=\"https:\/\/infotep.com.ar\/wp-content\/uploads\/2026\/03\/CGALE.jpg\" alt=\"\" class=\"wp-image-32603\" srcset=\"https:\/\/infotep.com.ar\/wp-content\/uploads\/2026\/03\/CGALE.jpg 1024w, https:\/\/infotep.com.ar\/wp-content\/uploads\/2026\/03\/CGALE-300x200.jpg 300w, https:\/\/infotep.com.ar\/wp-content\/uploads\/2026\/03\/CGALE-768x512.jpg 768w, https:\/\/infotep.com.ar\/wp-content\/uploads\/2026\/03\/CGALE-450x300.jpg 450w, https:\/\/infotep.com.ar\/wp-content\/uploads\/2026\/03\/CGALE-90x60.jpg 90w\" sizes=\"(max-width: 1024px) 100vw, 1024px\" \/><figcaption class=\"wp-element-caption\">Izquierda: Imagen actual de la casona preservada con acceso a sus cimientos, derecha imagen de 1984 luego de su destrucci\u00f3n parcial.<\/figcaption><\/figure>\n\n\n\n<p><\/p>\n\n\n\n<p class=\"has-light-green-cyan-background-color has-background\">El Chalet Hospital Posadas<\/p>\n\n\n\n<p>Durante la dictadura, <strong><em>el Hospital Posadas fue objeto privilegiado de las pr\u00e1cticas represivas del gobierno de facto.<\/em><\/strong> Entre los militares se agitaba el fantasma del \u201cHospital guerrillero\u201d, la fantas\u00eda de que la subversi\u00f3n se hab\u00eda servido de \u00e9l como centro de operaciones. <strong>El 30 de marzo de 1976, el ej\u00e9rcito se present\u00f3 con tanquetas y personal armado.<\/strong> Se nombr\u00f3 interventor al m\u00e9dico Agatino De Benedetto, que dej\u00f3 en claro que su objetivo era \u201cacabar definitivamente con las actividades subversivas que tienen lugar en el hospital\u201d, vali\u00e9ndose para justificarse del argumento de que \u201cel hospital era un nido de subversivos\u201d. <strong><em>Poco despu\u00e9s fueron detenidos varios jefes y cesanteados casi un centenar de trabajadores al aplicarse la ley 21.260 de represi\u00f3n de las actividades subversivas.<\/em><\/strong> Esta medida trajo como consecuencia el exilio de un importante n\u00famero de m\u00e9dicos.<\/p>\n\n\n\n<p class=\"has-light-green-cyan-background-color has-background\">Otros Centros Clandestinos dentro de la Subzona 16<\/p>\n\n\n\n<p><strong><em>La Brigada de Investigaciones de San Justo de la Polic\u00eda de la Provincia de Buenos Aires <\/em><\/strong>fue un centro clandestino de detenci\u00f3n que funcion\u00f3 durante la dictadura. Estuvo bajo la jurisdicci\u00f3n del \u00c1rea 114 (a cargo del Grupo de Artiller\u00eda Mecanizado 1), que integraba la Subzona 11, Zona 1&nbsp; <strong><em>fue parte del Circuito Represivo del General de Brigada Ram\u00f3n Camps<\/em><\/strong> a cargo de la Polic\u00eda de la Provincia de Buenos Aires.\u200b<\/p>\n\n\n\n<p><strong><em>La Casona era un lugar de detenci\u00f3n ilegal dentro de la I Brigada A\u00e9rea en El Palomar<\/em><\/strong>. Subcomisar\u00eda de Villa Tessei, Comisar\u00eda 1\u00aa de Mor\u00f3n, Comisar\u00eda 2\u00aa de Mor\u00f3n (Haedo), Comisar\u00eda 3\u00aa de Mor\u00f3n (Castelar), Comisar\u00eda 1\u00aa de Merlo, Comisar\u00eda 2\u00aa de Merlo (Libertad), GIVA Grupo I de Vigilancia A\u00e9rea de Merlo.<\/p>\n\n\n\n<p><strong>Los operativos de represi\u00f3n<\/strong><\/p>\n\n\n\n<p class=\"has-light-green-cyan-background-color has-background\">El Plan C\u00f3ndor en Mor\u00f3n<\/p>\n\n\n\n<p><strong><em>El 26 de septiembre de 1976 se produjo un operativo de Fuerzas Conjuntas de los gobiernos dictatoriales de Argentina y Uruguay<\/em><\/strong> para desarticular una imprenta clandestina del Partido por la Victoria del Pueblo (PVP) que funcionaba en la finca de Emilio Castro 749. All\u00ed viv\u00edan un matrimonio uruguayo con sus tres hijos. Esa imprenta era manejada por otros dos militantes, tambi\u00e9n uruguayos.<\/p>\n\n\n\n<p>En ese operativo secuestraron a todos los presentes. <strong><em>Adalberto Soba, Ra\u00fal Tejera y Juan Pablo Errandonea a\u00fan permanecen desaparecidos<\/em><\/strong>.<\/p>\n\n\n\n<p class=\"has-light-green-cyan-background-color has-background\">La Cant\u00e1brica<\/p>\n\n\n\n<p><strong><em>La Cant\u00e1brica, una importante metal\u00fargica en Haedo, fue un foco clave de resistencia obrera durante la dictadura.<\/em><\/strong> Sus trabajadores se opusieron al plan econ\u00f3mico de Mart\u00ednez de Hoz, sufriendo persecuci\u00f3n y desapariciones, y protagonizaron tomas de f\u00e1brica en 1980, convirti\u00e9ndose en un s\u00edmbolo de lucha sindical frente a la represi\u00f3n militar.<\/p>\n\n\n\n<figure class=\"wp-block-image size-full is-resized\"><img decoding=\"async\" loading=\"lazy\" src=\"https:\/\/infotep.com.ar\/wp-content\/uploads\/2026\/03\/image-17.jpeg\" alt=\"\" class=\"wp-image-32600\" width=\"752\" height=\"510\" srcset=\"https:\/\/infotep.com.ar\/wp-content\/uploads\/2026\/03\/image-17.jpeg 600w, https:\/\/infotep.com.ar\/wp-content\/uploads\/2026\/03\/image-17-300x204.jpeg 300w, https:\/\/infotep.com.ar\/wp-content\/uploads\/2026\/03\/image-17-88x60.jpeg 88w\" sizes=\"(max-width: 752px) 100vw, 752px\" \/><\/figure>\n\n\n\n<p>La Cant\u00e1brica, junto con <strong><em>otras f\u00e1bricas como Peugeot y Deutz, mantuvo una activa resistencia contra la dictadura fascista<\/em><\/strong>. En 1980, los obreros de <strong><em>La Cant\u00e1brica, Deutz, Sevel y Merex tomaron las plantas en protesta, llegando a pedir la renuncia del ministro de econom\u00eda Jos\u00e9 Alfredo Mart\u00ednez de Hoz.<\/em><\/strong> La f\u00e1brica sufri\u00f3 la represi\u00f3n sistem\u00e1tica del Proceso de Reorganizaci\u00f3n Nacional, dirigida contra trabajadores y sindicalistas.<\/p>\n\n\n\n<p class=\"has-light-green-cyan-background-color has-background\">En Merlo<\/p>\n\n\n\n<p><strong><em>Merlo con amplios antecedentes de actividad militante, estudiantil, sindical y social fue inmerso en un dispositivo represor<\/em><\/strong>, que dej\u00f3 a m\u00e1s de un centenar de vecinos detenidos desaparecidos y asesinados, presos pol\u00edticos, exiliados, como as\u00ed tambi\u00e9n lugares que funcionaron como centros clandestinos de detenci\u00f3n, tortura y exterminio, centros de comando e inteligencia. En la divisi\u00f3n del territorio que el Estado Mayor efectu\u00f3, a partir de sus Fuerzas Armadas, el distrito de Merlo estuvo bajo la \u00f3rbita de la Fuerza A\u00e9rea dentro de lo que se denomin\u00f3 Zona 1, subzona 16.<\/p>\n\n\n\n<p class=\"has-light-green-cyan-background-color has-background\">En Moreno<\/p>\n\n\n\n<p>La represi\u00f3n en Moreno durante la dictadura se caracteriz\u00f3 por el <strong><em>secuestro y desaparici\u00f3n de al menos 80 personas, principalmente militantes sociales y sindicales.<\/em><\/strong> Funcionaron centros clandestinos como la Comisar\u00eda 1ra, la Comisar\u00eda 5ta, la Brigada A\u00e9rea VII, y el Instituto Riglos, siendo la Quinta &#8220;La Pastoril&#8221; escenario de una grave masacre.<\/p>\n\n\n\n<figure class=\"wp-block-image size-full is-resized\"><img decoding=\"async\" loading=\"lazy\" src=\"https:\/\/infotep.com.ar\/wp-content\/uploads\/2026\/03\/image-18.jpeg\" alt=\"\" class=\"wp-image-32601\" width=\"561\" height=\"373\" srcset=\"https:\/\/infotep.com.ar\/wp-content\/uploads\/2026\/03\/image-18.jpeg 275w, https:\/\/infotep.com.ar\/wp-content\/uploads\/2026\/03\/image-18-90x60.jpeg 90w\" sizes=\"(max-width: 561px) 100vw, 561px\" \/><figcaption class=\"wp-element-caption\">Sitio de la Memoria Instituto Riglos<\/figcaption><\/figure>\n\n\n\n<p><\/p>\n\n\n\n<p class=\"has-light-green-cyan-background-color has-background\">En Ituzaing\u00f3<\/p>\n\n\n\n<p>La represi\u00f3n en Ituzaing\u00f3 durante la dictadura form\u00f3 parte del plan sistem\u00e1tico de terrorismo de Estado en la zona oeste del Gran Buenos Aires<strong><em>, resultando en al menos 84 desapariciones y asesinatos, seg\u00fan el archivo de la DIPPBA<\/em><\/strong>. La UES (Uni\u00f3n de Estudiantes Secundarios) y militantes peronistas fueron focos principales, con secuestros masivos entre 1976 y 1977, llevando a las v\u00edctimas a centros clandestinos como la Brigada de San Justo.<\/p>\n\n\n\n<p><strong><em>La dictadura en Ituzaing\u00f3 se caracteriz\u00f3 por la desaparici\u00f3n forzada de j\u00f3venes, estudiantes y trabajadores, muchos de los cuales contin\u00faan desaparecidos<\/em><\/strong>, y cuyos testimonios han sido recuperados recientemente por proyectos escolares locales.<\/p>\n\n\n\n<p><strong><em>En septiembre de 1977, ocho j\u00f3venes de Ituzaing\u00f3 y zonas aleda\u00f1as fueron secuestrados en sus domicilios por su militancia en la UES<\/em><\/strong>. La mayor\u00eda fue llevada a la Brigada de San Justo y siete de ellos fueron fusilados en diciembre de ese a\u00f1o.<\/p>\n\n\n\n<figure class=\"wp-block-image size-full is-resized\"><img decoding=\"async\" loading=\"lazy\" src=\"https:\/\/infotep.com.ar\/wp-content\/uploads\/2026\/03\/image-19.jpeg\" alt=\"\" class=\"wp-image-32602\" width=\"795\" height=\"529\" srcset=\"https:\/\/infotep.com.ar\/wp-content\/uploads\/2026\/03\/image-19.jpeg 275w, https:\/\/infotep.com.ar\/wp-content\/uploads\/2026\/03\/image-19-90x60.jpeg 90w\" sizes=\"(max-width: 795px) 100vw, 795px\" \/><figcaption class=\"wp-element-caption\">Estudiantes desaparecidos de Ituzang\u00f3<\/figcaption><\/figure>\n\n\n\n<p><\/p>\n\n\n\n<p><strong><em>Sonia von Schmeling, Jorge Luis Fern\u00e1ndez, Alejandro Fern\u00e1ndez, Adriana Mart\u00edn, Alejandro Aibar, Marcelo Moglie, Enrique Ricardo Rodr\u00edguez y Luis \u00c1ngel Garc\u00eda <\/em><\/strong>fueron secuestrados en sus domicilios y trasladados al centro clandestino de detenci\u00f3n en la Brigada de San Justo, donde se estima que pasaron atrocidades m\u00e1s de un centenar de personas. La mayor\u00eda de ellos todav\u00eda cursaba sus estudios secundarios al momento del secuestro. <strong><em>Salvo Adriana Mart\u00edn la \u00fanica sobreviviente, cuyo testimonio logr\u00f3 reconstruir la historia, e identificar y condenar a los represores, el resto contin\u00faa desaparecidos<\/em><\/strong><\/p>\n\n\n\n<p>Muchos de estos actos se enmarcaron en la represi\u00f3n a la militancia estudiantil y juvenil, <strong><em>como en la Ciudad de La Plata en la llamada \u201cNoche de los L\u00e1pices\u201d <\/em><\/strong>buscando &#8220;restaurar&#8221; valores a trav\u00e9s de la eliminaci\u00f3n de opositores.<\/p>\n\n\n\n<p><em>Nota de Rub\u00e9n:<\/em><\/p>\n\n\n\n<p><em>En esta tercera y \u00faltima entrega he intentado escribir una semblanza de lo que signific\u00f3 el horror de una pr\u00e1ctica aberrante durante la \u00faltima dictadura c\u00edvico militar, sin embargo, cualquier narrativa no estar\u00e1 ni por asomo cerca del sufrimiento de los detenidos, del desconsuelo de sus familiares y compa\u00f1eros y del vac\u00edo que debieron sufrir sus padres al momento de los secuestros. A todos ellos les debemos respeto y admiraci\u00f3n y con ellos seguiremos sosteniendo que en la Argentina <strong>\u00a1Nunca Mas!<\/strong><\/em><\/p>\n","protected":false},"excerpt":{"rendered":"<p>El territorio nacional fue dividido en cinco grandes zonas, cada una bajo el control de un Cuerpo de Ej&eacute;rcito o una Fuerza Armada principal, el Oeste del Conurbano se ubicaba en la Zona 1, bajo la &oacute;rbita represiva de la Fuerza A&eacute;rea. Por Rub&eacute;n Magliotti Zona 1. Subzona 16 En el entramado del poder clandestino &hellip; <\/p>\n","protected":false},"author":5,"featured_media":32602,"comment_status":"closed","ping_status":"closed","sticky":false,"template":"","format":"standard","meta":{"om_disable_all_campaigns":false,"_joinchat":[]},"categories":[4],"tags":[],"featured_image_urls":{"full":["https:\/\/infotep.com.ar\/wp-content\/uploads\/2026\/03\/image-19.jpeg",275,183,false],"thumbnail":["https:\/\/infotep.com.ar\/wp-content\/uploads\/2026\/03\/image-19-150x150.jpeg",150,150,true],"medium":["https:\/\/infotep.com.ar\/wp-content\/uploads\/2026\/03\/image-19.jpeg",275,183,false],"medium_large":["https:\/\/infotep.com.ar\/wp-content\/uploads\/2026\/03\/image-19.jpeg",275,183,false],"large":["https:\/\/infotep.com.ar\/wp-content\/uploads\/2026\/03\/image-19.jpeg",275,183,false],"1536x1536":["https:\/\/infotep.com.ar\/wp-content\/uploads\/2026\/03\/image-19.jpeg",275,183,false],"2048x2048":["https:\/\/infotep.com.ar\/wp-content\/uploads\/2026\/03\/image-19.jpeg",275,183,false],"blossom-feminine-slider":["https:\/\/infotep.com.ar\/wp-content\/uploads\/2026\/03\/image-19.jpeg",275,183,false],"blossom-feminine-featured":["https:\/\/infotep.com.ar\/wp-content\/uploads\/2026\/03\/image-19.jpeg",275,183,false],"blossom-feminine-with-sidebar":["https:\/\/infotep.com.ar\/wp-content\/uploads\/2026\/03\/image-19.jpeg",275,183,false],"blossom-feminine-blog":["https:\/\/infotep.com.ar\/wp-content\/uploads\/2026\/03\/image-19.jpeg",275,183,false],"blossom-feminine-cat":["https:\/\/infotep.com.ar\/wp-content\/uploads\/2026\/03\/image-19.jpeg",275,183,false],"blossom-feminine-related":["https:\/\/infotep.com.ar\/wp-content\/uploads\/2026\/03\/image-19.jpeg",275,183,false],"blossom-feminine-schema":["https:\/\/infotep.com.ar\/wp-content\/uploads\/2026\/03\/image-19-90x60.jpeg",90,60,true],"blossom-mommy-blog-slider-big":["https:\/\/infotep.com.ar\/wp-content\/uploads\/2026\/03\/image-19.jpeg",275,183,false],"blossom-mommy-blog-slider":["https:\/\/infotep.com.ar\/wp-content\/uploads\/2026\/03\/image-19.jpeg",275,183,false],"blossom-mommy-blog-two":["https:\/\/infotep.com.ar\/wp-content\/uploads\/2026\/03\/image-19.jpeg",275,183,false]},"author_info":{"info":["Angela Tobar"]},"category_info":"<a href=\"https:\/\/infotep.com.ar\/index.php\/category\/provinciales\/\" rel=\"category tag\">Provinciales<\/a>","tag_info":"Provinciales","comment_count":"0","_links":{"self":[{"href":"https:\/\/infotep.com.ar\/index.php\/wp-json\/wp\/v2\/posts\/32598"}],"collection":[{"href":"https:\/\/infotep.com.ar\/index.php\/wp-json\/wp\/v2\/posts"}],"about":[{"href":"https:\/\/infotep.com.ar\/index.php\/wp-json\/wp\/v2\/types\/post"}],"author":[{"embeddable":true,"href":"https:\/\/infotep.com.ar\/index.php\/wp-json\/wp\/v2\/users\/5"}],"replies":[{"embeddable":true,"href":"https:\/\/infotep.com.ar\/index.php\/wp-json\/wp\/v2\/comments?post=32598"}],"version-history":[{"count":1,"href":"https:\/\/infotep.com.ar\/index.php\/wp-json\/wp\/v2\/posts\/32598\/revisions"}],"predecessor-version":[{"id":32605,"href":"https:\/\/infotep.com.ar\/index.php\/wp-json\/wp\/v2\/posts\/32598\/revisions\/32605"}],"wp:featuredmedia":[{"embeddable":true,"href":"https:\/\/infotep.com.ar\/index.php\/wp-json\/wp\/v2\/media\/32602"}],"wp:attachment":[{"href":"https:\/\/infotep.com.ar\/index.php\/wp-json\/wp\/v2\/media?parent=32598"}],"wp:term":[{"taxonomy":"category","embeddable":true,"href":"https:\/\/infotep.com.ar\/index.php\/wp-json\/wp\/v2\/categories?post=32598"},{"taxonomy":"post_tag","embeddable":true,"href":"https:\/\/infotep.com.ar\/index.php\/wp-json\/wp\/v2\/tags?post=32598"}],"curies":[{"name":"wp","href":"https:\/\/api.w.org\/{rel}","templated":true}]}}