{"id":32613,"date":"2026-03-17T05:32:00","date_gmt":"2026-03-17T08:32:00","guid":{"rendered":"https:\/\/infotep.com.ar\/?p=32613"},"modified":"2026-03-17T17:33:33","modified_gmt":"2026-03-17T20:33:33","slug":"pablo-lopez-seguiremos-reclamando-los-recursos-que-pertenecen-a-las-y-los-17-millones-de-bonaerenses","status":"publish","type":"post","link":"https:\/\/infotep.com.ar\/index.php\/2026\/03\/17\/pablo-lopez-seguiremos-reclamando-los-recursos-que-pertenecen-a-las-y-los-17-millones-de-bonaerenses\/","title":{"rendered":"Pablo L\u00f3pez: \u201cSeguiremos reclamando los recursos que pertenecen a las y los 17 millones de bonaerenses\u201d"},"content":{"rendered":"\n<p>Avanza la demanda de la PBA contra el Estado nacional por la deuda de ANSES, que asciende a m\u00e1s de $2,2 billones.<br><br>El Ministro de Econom\u00eda de la provincia de Buenos Aires, Pablo L\u00f3pez, el fiscal de Estado, Hern\u00e1n G\u00f3mez; la titular del Instituto de Previsi\u00f3n Social, Mariana Moretti, y el asesor general de Gobierno, Santiago P\u00e9rez Teruel, asistieron  a una audiencia convocada por la Corte Suprema de Justicia en el marco de la demanda que la Provincia mantiene ante la Administraci\u00f3n Nacional de Seguridad Social (ANSES) por los fondos adeudados a la Provincia, que superan a la fecha los $2,2 billones.<\/p>\n\n\n\n<p><strong>Al concluir la reuni\u00f3n, el Ministro celebr\u00f3 la convocatoria a la audiencia y afirm\u00f3: \u201cGracias a este espacio de di\u00e1logo institucional que dispuso la Corte pudimos plantear el reclamo en relaci\u00f3n a la deuda que el Gobierno nacional mantiene con nuestra Provincia por el sistema jubilatorio provincial, que ya supera los $2,2 billones. El Gobierno nacional se comprometi\u00f3 a trabajar en este reclamo y se fij\u00f3 una nueva audiencia para el 21 de abril. Esperamos llegar a esa instancia con un reconocimiento de la deuda y un compromiso de soluci\u00f3n para este incumplimiento por parte del Gobierno nacional.\u201d<\/strong><\/p>\n\n\n\n<p>\u201cEs importante recordar que el reclamo por los fondos adeudados por ANSES es apenas uno de los siete que tenemos contra Naci\u00f3n. Las deudas que el Gobierno nacional mantiene con las y los bonaerenses entre transferencias no autom\u00e1ticas y obras inconclusas totalizan los $15,6 billones, por lo que desde la Provincia hacemos un esfuerzo enorme para seguir sosteniendo las funciones b\u00e1sicas del Estado bonaerense. Desde la gesti\u00f3n del Gobernador Axel Kicillof seguiremos insistiendo para que el Gobierno nacional cumpla con las obligaciones que tiene con nuestra Provincia y recuperar los recursos que pertenecen a las y los 17 millones de bonaerenses\u201d, concluy\u00f3.<\/p>\n\n\n\n<p>Cabe recordar que la Provincia de Buenos Aires inici\u00f3 otras seis demandas al Gobierno nacional, entre ellas, por el recorte de los fondos vinculados a la seguridad (Fondo de Fortalecimiento Fiscal), al transporte (Fondo de Compensaci\u00f3n al Transporte del Interior) y a los salarios docentes (Fondo Nacional de Incentivo Docente).<\/p>\n\n\n\n<p>Estos reclamos se producen en un contexto de fuerte ca\u00edda de la recaudaci\u00f3n debido a la recesi\u00f3n que atraviesa nuestra Provincia y el pa\u00eds producto de las pol\u00edticas econ\u00f3micas nacionales. Es necesario recordar, adem\u00e1s, que la provincia de Buenos Aires se encuentra gravemente perjudicada por el r\u00e9gimen de coparticipaci\u00f3n federal de impuestos, a trav\u00e9s del cual a pesar de aportar el 38% de la recaudaci\u00f3n recibe s\u00f3lo el 7% del total de lo recaudado, mientras Naci\u00f3n concentra el 70%.<\/p>\n\n\n\n<p>En ese sentido, el recorte de transferencias obligatorias por parte del Gobierno Nacional representa un enorme perjuicio para las finanzas de la Provincia, y su capacidad de dar mejores servicios a los m\u00e1s de 17 millones de bonaerenses.<\/p>\n","protected":false},"excerpt":{"rendered":"<p>Avanza la demanda de la PBA contra el Estado nacional por la deuda de ANSES, que asciende a m&aacute;s de $2,2 billones. El Ministro de Econom&iacute;a de la provincia de Buenos Aires, Pablo L&oacute;pez, el fiscal de Estado, Hern&aacute;n G&oacute;mez; la titular del Instituto de Previsi&oacute;n Social, Mariana Moretti, y el asesor general de Gobierno, &hellip; <\/p>\n","protected":false},"author":5,"featured_media":32614,"comment_status":"closed","ping_status":"closed","sticky":false,"template":"","format":"standard","meta":{"om_disable_all_campaigns":false,"_joinchat":[]},"categories":[4],"tags":[],"featured_image_urls":{"full":["https:\/\/infotep.com.ar\/wp-content\/uploads\/2026\/03\/Suprema_corte22.jpg_1_optimized_300.jpeg",700,467,false],"thumbnail":["https:\/\/infotep.com.ar\/wp-content\/uploads\/2026\/03\/Suprema_corte22.jpg_1_optimized_300-150x150.jpeg",150,150,true],"medium":["https:\/\/infotep.com.ar\/wp-content\/uploads\/2026\/03\/Suprema_corte22.jpg_1_optimized_300-300x200.jpeg",300,200,true],"medium_large":["https:\/\/infotep.com.ar\/wp-content\/uploads\/2026\/03\/Suprema_corte22.jpg_1_optimized_300.jpeg",700,467,false],"large":["https:\/\/infotep.com.ar\/wp-content\/uploads\/2026\/03\/Suprema_corte22.jpg_1_optimized_300.jpeg",700,467,false],"1536x1536":["https:\/\/infotep.com.ar\/wp-content\/uploads\/2026\/03\/Suprema_corte22.jpg_1_optimized_300.jpeg",700,467,false],"2048x2048":["https:\/\/infotep.com.ar\/wp-content\/uploads\/2026\/03\/Suprema_corte22.jpg_1_optimized_300.jpeg",700,467,false],"blossom-feminine-slider":["https:\/\/infotep.com.ar\/wp-content\/uploads\/2026\/03\/Suprema_corte22.jpg_1_optimized_300.jpeg",700,467,false],"blossom-feminine-featured":["https:\/\/infotep.com.ar\/wp-content\/uploads\/2026\/03\/Suprema_corte22.jpg_1_optimized_300.jpeg",700,467,false],"blossom-feminine-with-sidebar":["https:\/\/infotep.com.ar\/wp-content\/uploads\/2026\/03\/Suprema_corte22.jpg_1_optimized_300.jpeg",700,467,false],"blossom-feminine-blog":["https:\/\/infotep.com.ar\/wp-content\/uploads\/2026\/03\/Suprema_corte22.jpg_1_optimized_300-435x435.jpeg",435,435,true],"blossom-feminine-cat":["https:\/\/infotep.com.ar\/wp-content\/uploads\/2026\/03\/Suprema_corte22.jpg_1_optimized_300-450x300.jpeg",450,300,true],"blossom-feminine-related":["https:\/\/infotep.com.ar\/wp-content\/uploads\/2026\/03\/Suprema_corte22.jpg_1_optimized_300-320x200.jpeg",320,200,true],"blossom-feminine-schema":["https:\/\/infotep.com.ar\/wp-content\/uploads\/2026\/03\/Suprema_corte22.jpg_1_optimized_300-90x60.jpeg",90,60,true],"blossom-mommy-blog-slider-big":["https:\/\/infotep.com.ar\/wp-content\/uploads\/2026\/03\/Suprema_corte22.jpg_1_optimized_300.jpeg",700,467,false],"blossom-mommy-blog-slider":["https:\/\/infotep.com.ar\/wp-content\/uploads\/2026\/03\/Suprema_corte22.jpg_1_optimized_300-460x310.jpeg",460,310,true],"blossom-mommy-blog-two":["https:\/\/infotep.com.ar\/wp-content\/uploads\/2026\/03\/Suprema_corte22.jpg_1_optimized_300.jpeg",700,467,false]},"author_info":{"info":["Angela Tobar"]},"category_info":"<a href=\"https:\/\/infotep.com.ar\/index.php\/category\/provinciales\/\" rel=\"category tag\">Provinciales<\/a>","tag_info":"Provinciales","comment_count":"0","_links":{"self":[{"href":"https:\/\/infotep.com.ar\/index.php\/wp-json\/wp\/v2\/posts\/32613"}],"collection":[{"href":"https:\/\/infotep.com.ar\/index.php\/wp-json\/wp\/v2\/posts"}],"about":[{"href":"https:\/\/infotep.com.ar\/index.php\/wp-json\/wp\/v2\/types\/post"}],"author":[{"embeddable":true,"href":"https:\/\/infotep.com.ar\/index.php\/wp-json\/wp\/v2\/users\/5"}],"replies":[{"embeddable":true,"href":"https:\/\/infotep.com.ar\/index.php\/wp-json\/wp\/v2\/comments?post=32613"}],"version-history":[{"count":1,"href":"https:\/\/infotep.com.ar\/index.php\/wp-json\/wp\/v2\/posts\/32613\/revisions"}],"predecessor-version":[{"id":32615,"href":"https:\/\/infotep.com.ar\/index.php\/wp-json\/wp\/v2\/posts\/32613\/revisions\/32615"}],"wp:featuredmedia":[{"embeddable":true,"href":"https:\/\/infotep.com.ar\/index.php\/wp-json\/wp\/v2\/media\/32614"}],"wp:attachment":[{"href":"https:\/\/infotep.com.ar\/index.php\/wp-json\/wp\/v2\/media?parent=32613"}],"wp:term":[{"taxonomy":"category","embeddable":true,"href":"https:\/\/infotep.com.ar\/index.php\/wp-json\/wp\/v2\/categories?post=32613"},{"taxonomy":"post_tag","embeddable":true,"href":"https:\/\/infotep.com.ar\/index.php\/wp-json\/wp\/v2\/tags?post=32613"}],"curies":[{"name":"wp","href":"https:\/\/api.w.org\/{rel}","templated":true}]}}