{"id":32616,"date":"2026-03-17T05:33:00","date_gmt":"2026-03-17T08:33:00","guid":{"rendered":"https:\/\/infotep.com.ar\/?p=32616"},"modified":"2026-03-17T17:34:53","modified_gmt":"2026-03-17T20:34:53","slug":"casi-400-empresas-inscriptas-en-una-nueva-ronda-de-negocios-en-san-martin","status":"publish","type":"post","link":"https:\/\/infotep.com.ar\/index.php\/2026\/03\/17\/casi-400-empresas-inscriptas-en-una-nueva-ronda-de-negocios-en-san-martin\/","title":{"rendered":"Casi 400 empresas inscriptas en una nueva Ronda de Negocios en San Mart\u00edn"},"content":{"rendered":"\n<p>El encuentro dio lugar a m\u00e1s de 1.500 entrevistas de negocios. Las Rondas de Negocios son una exitosa pol\u00edtica provincial para incentivar la interacci\u00f3n entre empresas bonaerenses y promover la actividad productiva y comercial<\/p>\n\n\n\n<p><br>El Ministerio de Producci\u00f3n, Ciencia e Innovaci\u00f3n Tecnol\u00f3gica de la provincia de Buenos Aires organiz\u00f3 este martes junto al municipio de General San Mart\u00edn una nueva Ronda de Negocios, que tuvo lugar en el Parque Yrigoyen y cont\u00f3 con la presencia del intendente Fernando Moreira y la participaci\u00f3n de cerca de 400 pymes y cooperativas de la zona, dando lugar a m\u00e1s de 1.500 entrevistas formales de negocios.<\/p>\n\n\n\n<p>Desde 2022, la Provincia lleva organizadas 104 Rondas de Negocios, en una pol\u00edtica que ya convoc\u00f3 a m\u00e1s de 22.600 pymes, grandes empresas, emprendimientos y cooperativas bonaerenses; y con un total de 78.200 entrevistas concretadas a la fecha. Cada empresa participante, adem\u00e1s, puede conocer las distintas pol\u00edticas vigentes en la provincia de Buenos Aires para impulsar la producci\u00f3n, fomentar la comercializaci\u00f3n y brindar apoyo t\u00e9cnico y de financiamiento, entre ellas, los cr\u00e9ditos Provincia en Marcha, los programas Producci\u00f3n Bonaerense y Cl\u00ednica Tecnol\u00f3gica, las capacitaciones de la Escuela Productiva Bonaerense o las garant\u00edas del Fondo de Garant\u00edas Buenos Aires (FOGABA).<\/p>\n\n\n\n<p>Las Rondas de Negocios son una pol\u00edtica p\u00fablica sostenida del Estado provincial, impulsada por el Gobernador Axel Kicillof a trav\u00e9s de la cartera productiva bonaerense que encabeza el ministro Augusto Costa. En un contexto nacional de fuerte ca\u00edda del consumo y de apertura importadora, la producci\u00f3n local se ve seriamente afectada, con impacto directo en el empleo y en los niveles de actividad industrial. Frente a este escenario a nivel nacional, el Gobierno de la provincia de Buenos Aires impulsa pol\u00edticas p\u00fablicas orientadas a acompa\u00f1ar a las pymes, fortalecer el entramado productivo y promover el desarrollo industrial y comercial como motor de crecimiento y desarrollo social.<\/p>\n\n\n\n<p>\u201cEn este dif\u00edcil contexto de la Argentina, con pol\u00edticas nacionales que alientan las importaciones y dan la espalda a nuestra producci\u00f3n industrial, contar con herramientas como las Rondas es crucial para crear oportunidades genuinas para las pymes industriales bonaerenses\u201d, destac\u00f3 la subsecretaria de Industria y Pymes de la Provincia, Mariela Bembi.<\/p>\n\n\n\n<p>Por su parte, el subsecretario de Desarrollo Comercial y Promoci\u00f3n de Inversiones bonaerense, Ariel Aguilar, destac\u00f3 que \u201cfomentar estos intercambios entre pymes bonaerenses desde el Estado provincial implica incentivar el surgimiento de nuevos proyectos y defender puestos de trabajo, sobre todo en un distrito donde la producci\u00f3n es tan fuerte como lo es San Mart\u00edn, uno de los distritos m\u00e1s industrializados del conurbano\u201d.<\/p>\n\n\n\n<p>\u201cLas Rondas de Negocios que organiza la Provincia dan resultados concretos y eso ocurre en un momento en que el sector pyme se encuentra abandonado por el Gobierno Nacional, y por eso en cada ronda, en cada municipio bonaerense, cada vez se suman m\u00e1s pymes a participar\u201d, complet\u00f3 la subsecretaria Bembi.<\/p>\n\n\n\n<p>Las pr\u00f3ximas Rondas de Negocios Multisectoriales organizadas por el Estado provincial ser\u00e1n en Bah\u00eda Blanca (26\/03) y 9 de Julio (09\/04), adem\u00e1s de la Ronda de Negocios Internacional con supermercados de otros pa\u00edses, que tendr\u00e1 lugar en Escobar (16\/04). <\/p>\n","protected":false},"excerpt":{"rendered":"<p>El encuentro dio lugar a m&aacute;s de 1.500 entrevistas de negocios. Las Rondas de Negocios son una exitosa pol&iacute;tica provincial para incentivar la interacci&oacute;n entre empresas bonaerenses y promover la actividad productiva y comercial El Ministerio de Producci&oacute;n, Ciencia e Innovaci&oacute;n Tecnol&oacute;gica de la provincia de Buenos Aires organiz&oacute; este martes junto al municipio de &hellip; <\/p>\n","protected":false},"author":5,"featured_media":32617,"comment_status":"closed","ping_status":"closed","sticky":false,"template":"","format":"standard","meta":{"om_disable_all_campaigns":false,"_joinchat":[]},"categories":[4],"tags":[],"featured_image_urls":{"full":["https:\/\/infotep.com.ar\/wp-content\/uploads\/2026\/03\/CAPTURONDA.jpg",700,461,false],"thumbnail":["https:\/\/infotep.com.ar\/wp-content\/uploads\/2026\/03\/CAPTURONDA-150x150.jpg",150,150,true],"medium":["https:\/\/infotep.com.ar\/wp-content\/uploads\/2026\/03\/CAPTURONDA-300x198.jpg",300,198,true],"medium_large":["https:\/\/infotep.com.ar\/wp-content\/uploads\/2026\/03\/CAPTURONDA.jpg",700,461,false],"large":["https:\/\/infotep.com.ar\/wp-content\/uploads\/2026\/03\/CAPTURONDA.jpg",700,461,false],"1536x1536":["https:\/\/infotep.com.ar\/wp-content\/uploads\/2026\/03\/CAPTURONDA.jpg",700,461,false],"2048x2048":["https:\/\/infotep.com.ar\/wp-content\/uploads\/2026\/03\/CAPTURONDA.jpg",700,461,false],"blossom-feminine-slider":["https:\/\/infotep.com.ar\/wp-content\/uploads\/2026\/03\/CAPTURONDA.jpg",700,461,false],"blossom-feminine-featured":["https:\/\/infotep.com.ar\/wp-content\/uploads\/2026\/03\/CAPTURONDA.jpg",700,461,false],"blossom-feminine-with-sidebar":["https:\/\/infotep.com.ar\/wp-content\/uploads\/2026\/03\/CAPTURONDA.jpg",700,461,false],"blossom-feminine-blog":["https:\/\/infotep.com.ar\/wp-content\/uploads\/2026\/03\/CAPTURONDA-435x435.jpg",435,435,true],"blossom-feminine-cat":["https:\/\/infotep.com.ar\/wp-content\/uploads\/2026\/03\/CAPTURONDA-450x300.jpg",450,300,true],"blossom-feminine-related":["https:\/\/infotep.com.ar\/wp-content\/uploads\/2026\/03\/CAPTURONDA-320x200.jpg",320,200,true],"blossom-feminine-schema":["https:\/\/infotep.com.ar\/wp-content\/uploads\/2026\/03\/CAPTURONDA-91x60.jpg",91,60,true],"blossom-mommy-blog-slider-big":["https:\/\/infotep.com.ar\/wp-content\/uploads\/2026\/03\/CAPTURONDA.jpg",700,461,false],"blossom-mommy-blog-slider":["https:\/\/infotep.com.ar\/wp-content\/uploads\/2026\/03\/CAPTURONDA-460x310.jpg",460,310,true],"blossom-mommy-blog-two":["https:\/\/infotep.com.ar\/wp-content\/uploads\/2026\/03\/CAPTURONDA.jpg",700,461,false]},"author_info":{"info":["Angela Tobar"]},"category_info":"<a href=\"https:\/\/infotep.com.ar\/index.php\/category\/provinciales\/\" rel=\"category tag\">Provinciales<\/a>","tag_info":"Provinciales","comment_count":"0","_links":{"self":[{"href":"https:\/\/infotep.com.ar\/index.php\/wp-json\/wp\/v2\/posts\/32616"}],"collection":[{"href":"https:\/\/infotep.com.ar\/index.php\/wp-json\/wp\/v2\/posts"}],"about":[{"href":"https:\/\/infotep.com.ar\/index.php\/wp-json\/wp\/v2\/types\/post"}],"author":[{"embeddable":true,"href":"https:\/\/infotep.com.ar\/index.php\/wp-json\/wp\/v2\/users\/5"}],"replies":[{"embeddable":true,"href":"https:\/\/infotep.com.ar\/index.php\/wp-json\/wp\/v2\/comments?post=32616"}],"version-history":[{"count":1,"href":"https:\/\/infotep.com.ar\/index.php\/wp-json\/wp\/v2\/posts\/32616\/revisions"}],"predecessor-version":[{"id":32618,"href":"https:\/\/infotep.com.ar\/index.php\/wp-json\/wp\/v2\/posts\/32616\/revisions\/32618"}],"wp:featuredmedia":[{"embeddable":true,"href":"https:\/\/infotep.com.ar\/index.php\/wp-json\/wp\/v2\/media\/32617"}],"wp:attachment":[{"href":"https:\/\/infotep.com.ar\/index.php\/wp-json\/wp\/v2\/media?parent=32616"}],"wp:term":[{"taxonomy":"category","embeddable":true,"href":"https:\/\/infotep.com.ar\/index.php\/wp-json\/wp\/v2\/categories?post=32616"},{"taxonomy":"post_tag","embeddable":true,"href":"https:\/\/infotep.com.ar\/index.php\/wp-json\/wp\/v2\/tags?post=32616"}],"curies":[{"name":"wp","href":"https:\/\/api.w.org\/{rel}","templated":true}]}}