{"id":3307,"date":"2023-02-13T15:33:01","date_gmt":"2023-02-13T18:33:01","guid":{"rendered":"https:\/\/infotep.com.ar\/?p=3307"},"modified":"2023-02-14T17:15:44","modified_gmt":"2023-02-14T20:15:44","slug":"operativos-de-integracion-social-en-barrios-de-la-matanza","status":"publish","type":"post","link":"https:\/\/infotep.com.ar\/index.php\/2023\/02\/13\/operativos-de-integracion-social-en-barrios-de-la-matanza\/","title":{"rendered":"Operativos de Integraci\u00f3n Social en barrios de La Matanza"},"content":{"rendered":"\n<p>Con el objetivo de garantizar el acceso a derechos de los vecinos y vecinas del distrito, la Secretar\u00eda de Desarrollo Social de La Matanza, en articulaci\u00f3n con el Ministerio de Desarrollo Social de Naci\u00f3n y otras dependencias municipales, llevar\u00e1 adelante nuevos operativos de Integraci\u00f3n Social en las localidades de Virrey del Pino y La Tablada.<\/p>\n\n\n\n<p><strong>Del 13 al 16 de febrero de 2023, de 9 a 12 Hs<\/strong>, los vecinos y las vecinas podr\u00e1n realizar o asesorarse sobre diversos tr\u00e1mites como Registro Nacional de Barrios Populares (RENABAP), MI PIEZA (asistencia econ\u00f3mica para refacciones, mejoras y\/o ampliaciones de la vivienda) y acceder a controles de salud.<\/p>\n\n\n\n<p><strong>Del 13 al 15 de febrero 2023<\/strong>, el Operativo estar\u00e1 en la Plaza del Barrio El Fort\u00edn ubicado en Curumalal y Cirilo Correa de Virrey del Pino y el jueves 16 de febrero el operativo ser\u00e1 en el Club Social y Deportivo Radio Las Antenas, ubicado en Sargento Cabral 4350 de La Tablada.<\/p>\n\n\n\n<p>Adem\u00e1s, en las jornadas <strong>del 14 y el 16 se suman la Secretar\u00eda de Juventudes con el Punto Itinerante <\/strong>Joven; la secretar\u00eda de Desarrollo Social ofreciendo informaci\u00f3n y orientaci\u00f3n acerca de todos sus programas; la Secretar\u00eda de Salud P\u00fablica realizando controles de salud como: Test de VIH y s\u00edfilis \/ Turnos de mamograf\u00eda (+40) \/ Control de presi\u00f3n arterial, Glucemia (en ayunas) \/ Peso y Talla \/ Autotomas VPH \/ Vacunaci\u00f3n (calendario y COVID) \/ Consejer\u00eda y entrega de m\u00e9todos anticonceptivos.<\/p>\n","protected":false},"excerpt":{"rendered":"<p>Con el objetivo de garantizar el acceso a derechos de los vecinos y vecinas del distrito, la Secretar&iacute;a de Desarrollo Social de La Matanza, en articulaci&oacute;n con el Ministerio de Desarrollo Social de Naci&oacute;n y otras dependencias municipales, llevar&aacute; adelante nuevos operativos de Integraci&oacute;n Social en las localidades de Virrey del Pino y La Tablada. &hellip; <\/p>\n","protected":false},"author":5,"featured_media":3308,"comment_status":"closed","ping_status":"closed","sticky":false,"template":"","format":"standard","meta":{"om_disable_all_campaigns":false,"_joinchat":[]},"categories":[26],"tags":[46,59,43],"featured_image_urls":{"full":["https:\/\/infotep.com.ar\/wp-content\/uploads\/2023\/02\/desarrollo-social-la-matanza.jpg",2048,1365,false],"thumbnail":["https:\/\/infotep.com.ar\/wp-content\/uploads\/2023\/02\/desarrollo-social-la-matanza-150x150.jpg",150,150,true],"medium":["https:\/\/infotep.com.ar\/wp-content\/uploads\/2023\/02\/desarrollo-social-la-matanza-300x200.jpg",300,200,true],"medium_large":["https:\/\/infotep.com.ar\/wp-content\/uploads\/2023\/02\/desarrollo-social-la-matanza-768x512.jpg",768,512,true],"large":["https:\/\/infotep.com.ar\/wp-content\/uploads\/2023\/02\/desarrollo-social-la-matanza-1024x683.jpg",1020,680,true],"1536x1536":["https:\/\/infotep.com.ar\/wp-content\/uploads\/2023\/02\/desarrollo-social-la-matanza-1536x1024.jpg",1536,1024,true],"2048x2048":["https:\/\/infotep.com.ar\/wp-content\/uploads\/2023\/02\/desarrollo-social-la-matanza.jpg",2048,1365,false],"blossom-feminine-slider":["https:\/\/infotep.com.ar\/wp-content\/uploads\/2023\/02\/desarrollo-social-la-matanza-1920x649.jpg",1920,649,true],"blossom-feminine-featured":["https:\/\/infotep.com.ar\/wp-content\/uploads\/2023\/02\/desarrollo-social-la-matanza-1410x600.jpg",1410,600,true],"blossom-feminine-with-sidebar":["https:\/\/infotep.com.ar\/wp-content\/uploads\/2023\/02\/desarrollo-social-la-matanza-1020x600.jpg",1020,600,true],"blossom-feminine-blog":["https:\/\/infotep.com.ar\/wp-content\/uploads\/2023\/02\/desarrollo-social-la-matanza-435x435.jpg",435,435,true],"blossom-feminine-cat":["https:\/\/infotep.com.ar\/wp-content\/uploads\/2023\/02\/desarrollo-social-la-matanza-450x300.jpg",450,300,true],"blossom-feminine-related":["https:\/\/infotep.com.ar\/wp-content\/uploads\/2023\/02\/desarrollo-social-la-matanza-320x200.jpg",320,200,true],"blossom-feminine-schema":["https:\/\/infotep.com.ar\/wp-content\/uploads\/2023\/02\/desarrollo-social-la-matanza-90x60.jpg",90,60,true],"blossom-mommy-blog-slider-big":["https:\/\/infotep.com.ar\/wp-content\/uploads\/2023\/02\/desarrollo-social-la-matanza-920x650.jpg",920,650,true],"blossom-mommy-blog-slider":["https:\/\/infotep.com.ar\/wp-content\/uploads\/2023\/02\/desarrollo-social-la-matanza-460x310.jpg",460,310,true],"blossom-mommy-blog-two":["https:\/\/infotep.com.ar\/wp-content\/uploads\/2023\/02\/desarrollo-social-la-matanza-768x480.jpg",768,480,true]},"author_info":{"info":["Angela Tobar"]},"category_info":"<a href=\"https:\/\/infotep.com.ar\/index.php\/category\/municipales\/la-matanza\/\" rel=\"category tag\">La Matanza<\/a>","tag_info":"La Matanza","comment_count":"0","_links":{"self":[{"href":"https:\/\/infotep.com.ar\/index.php\/wp-json\/wp\/v2\/posts\/3307"}],"collection":[{"href":"https:\/\/infotep.com.ar\/index.php\/wp-json\/wp\/v2\/posts"}],"about":[{"href":"https:\/\/infotep.com.ar\/index.php\/wp-json\/wp\/v2\/types\/post"}],"author":[{"embeddable":true,"href":"https:\/\/infotep.com.ar\/index.php\/wp-json\/wp\/v2\/users\/5"}],"replies":[{"embeddable":true,"href":"https:\/\/infotep.com.ar\/index.php\/wp-json\/wp\/v2\/comments?post=3307"}],"version-history":[{"count":1,"href":"https:\/\/infotep.com.ar\/index.php\/wp-json\/wp\/v2\/posts\/3307\/revisions"}],"predecessor-version":[{"id":3309,"href":"https:\/\/infotep.com.ar\/index.php\/wp-json\/wp\/v2\/posts\/3307\/revisions\/3309"}],"wp:featuredmedia":[{"embeddable":true,"href":"https:\/\/infotep.com.ar\/index.php\/wp-json\/wp\/v2\/media\/3308"}],"wp:attachment":[{"href":"https:\/\/infotep.com.ar\/index.php\/wp-json\/wp\/v2\/media?parent=3307"}],"wp:term":[{"taxonomy":"category","embeddable":true,"href":"https:\/\/infotep.com.ar\/index.php\/wp-json\/wp\/v2\/categories?post=3307"},{"taxonomy":"post_tag","embeddable":true,"href":"https:\/\/infotep.com.ar\/index.php\/wp-json\/wp\/v2\/tags?post=3307"}],"curies":[{"name":"wp","href":"https:\/\/api.w.org\/{rel}","templated":true}]}}