{"id":33139,"date":"2026-04-08T13:38:53","date_gmt":"2026-04-08T16:38:53","guid":{"rendered":"https:\/\/infotep.com.ar\/?p=33139"},"modified":"2026-04-08T13:38:54","modified_gmt":"2026-04-08T16:38:54","slug":"fuerte-ajuste-en-el-smn-denuncian-despidos-masivos-y-riesgo-para-la-seguridad","status":"publish","type":"post","link":"https:\/\/infotep.com.ar\/index.php\/2026\/04\/08\/fuerte-ajuste-en-el-smn-denuncian-despidos-masivos-y-riesgo-para-la-seguridad\/","title":{"rendered":"Fuerte ajuste en el SMN: denuncian despidos masivos y riesgo para la seguridad"},"content":{"rendered":"\n<p><\/p>\n\n\n\n<p> Trabajadores del Servicio Meteorol\u00f3gico Nacional (SMN) llevan adelante medidas de fuerza en rechazo a los despidos masivos en el organismo y convocaron a un abrazo simb\u00f3lico para este jueves en su sede central del barrio porte\u00f1o de Palermo.<\/p>\n\n\n\n<p><strong>La jornada de protesta incluir\u00e1 un paro total de actividades en todo el pa\u00eds, mientras que la concentraci\u00f3n principal est\u00e1 prevista desde las 10 en la sede ubicada en la avenida Dorrego 4019. La convocatoria busca visibilizar el impacto de las cesant\u00edas, que alcanzar\u00edan a unos 240 trabajadores, lo que representa cerca del 30% de la planta.<\/strong><\/p>\n\n\n\n<p>Desde el sector denuncian que la situaci\u00f3n es a\u00fan m\u00e1s grave y advierten que los recortes podr\u00edan haber afectado hasta 700 puestos en una dotaci\u00f3n aproximada de mil empleados. En ese marco, el organismo se encuentra en estado de alerta desde marzo ante la posibilidad de nuevos ajustes.<\/p>\n\n\n\n<p>El reclamo central apunta a la reincorporaci\u00f3n del personal despedido, al considerar que la reducci\u00f3n de recursos humanos compromete el funcionamiento del SMN y limita tareas esenciales vinculadas al monitoreo clim\u00e1tico y la elaboraci\u00f3n de pron\u00f3sticos.<\/p>\n\n\n\n<p>Representantes gremiales sostienen que el recorte genera un \u201capag\u00f3n meteorol\u00f3gico\u201d, con posibles consecuencias en \u00e1reas sensibles como la seguridad aeron\u00e1utica \u2014por la provisi\u00f3n de datos clave para vuelos\u2014 y el cierre de estaciones en distintas regiones del pa\u00eds, lo que dificulta la recolecci\u00f3n de informaci\u00f3n local.<\/p>\n\n\n\n<p>Adem\u00e1s, alertan sobre el impacto en el Sistema de Alerta Temprana, fundamental para prevenir fen\u00f3menos extremos, lo que podr\u00eda aumentar riesgos tanto para la poblaci\u00f3n como para sectores productivos, especialmente el agro.<\/p>\n\n\n\n<p>Las protestas son impulsadas por la Asociaci\u00f3n de Trabajadores del Estado (ATE) y el Centro Argentino de Meteor\u00f3logos (CAM), que remarcan el car\u00e1cter estrat\u00e9gico del SMN para la seguridad y la soberan\u00eda nacional.<\/p>\n\n\n\n<p>Seg\u00fan indicaron, los despidos responder\u00edan a lineamientos del Ministerio de Desregulaci\u00f3n y Transformaci\u00f3n del Estado, encabezado por el ministro Federico Sturzenegger.<\/p>\n","protected":false},"excerpt":{"rendered":"<p>Trabajadores del Servicio Meteorol&oacute;gico Nacional (SMN) llevan adelante medidas de fuerza en rechazo a los despidos masivos en el organismo y convocaron a un abrazo simb&oacute;lico para este jueves en su sede central del barrio porte&ntilde;o de Palermo. La jornada de protesta incluir&aacute; un paro total de actividades en todo el pa&iacute;s, mientras que la &hellip; <\/p>\n","protected":false},"author":5,"featured_media":33140,"comment_status":"closed","ping_status":"closed","sticky":false,"template":"","format":"standard","meta":{"om_disable_all_campaigns":false,"_joinchat":[]},"categories":[31,7,3],"tags":[],"featured_image_urls":{"full":["https:\/\/infotep.com.ar\/wp-content\/uploads\/2026\/04\/msn.webp",864,720,false],"thumbnail":["https:\/\/infotep.com.ar\/wp-content\/uploads\/2026\/04\/msn-150x150.webp",150,150,true],"medium":["https:\/\/infotep.com.ar\/wp-content\/uploads\/2026\/04\/msn-300x250.webp",300,250,true],"medium_large":["https:\/\/infotep.com.ar\/wp-content\/uploads\/2026\/04\/msn-768x640.webp",768,640,true],"large":["https:\/\/infotep.com.ar\/wp-content\/uploads\/2026\/04\/msn.webp",864,720,false],"1536x1536":["https:\/\/infotep.com.ar\/wp-content\/uploads\/2026\/04\/msn.webp",864,720,false],"2048x2048":["https:\/\/infotep.com.ar\/wp-content\/uploads\/2026\/04\/msn.webp",864,720,false],"blossom-feminine-slider":["https:\/\/infotep.com.ar\/wp-content\/uploads\/2026\/04\/msn-864x649.webp",864,649,true],"blossom-feminine-featured":["https:\/\/infotep.com.ar\/wp-content\/uploads\/2026\/04\/msn-864x600.webp",864,600,true],"blossom-feminine-with-sidebar":["https:\/\/infotep.com.ar\/wp-content\/uploads\/2026\/04\/msn-864x600.webp",864,600,true],"blossom-feminine-blog":["https:\/\/infotep.com.ar\/wp-content\/uploads\/2026\/04\/msn-435x435.webp",435,435,true],"blossom-feminine-cat":["https:\/\/infotep.com.ar\/wp-content\/uploads\/2026\/04\/msn-450x300.webp",450,300,true],"blossom-feminine-related":["https:\/\/infotep.com.ar\/wp-content\/uploads\/2026\/04\/msn-320x200.webp",320,200,true],"blossom-feminine-schema":["https:\/\/infotep.com.ar\/wp-content\/uploads\/2026\/04\/msn-72x60.webp",72,60,true],"blossom-mommy-blog-slider-big":["https:\/\/infotep.com.ar\/wp-content\/uploads\/2026\/04\/msn-864x650.webp",864,650,true],"blossom-mommy-blog-slider":["https:\/\/infotep.com.ar\/wp-content\/uploads\/2026\/04\/msn-460x310.webp",460,310,true],"blossom-mommy-blog-two":["https:\/\/infotep.com.ar\/wp-content\/uploads\/2026\/04\/msn-768x480.webp",768,480,true]},"author_info":{"info":["Angela Tobar"]},"category_info":"<a href=\"https:\/\/infotep.com.ar\/index.php\/category\/destacadas\/\" rel=\"category tag\">Destacadas<\/a> <a href=\"https:\/\/infotep.com.ar\/index.php\/category\/gremios\/\" rel=\"category tag\">Gremios<\/a> <a href=\"https:\/\/infotep.com.ar\/index.php\/category\/nacionales\/\" rel=\"category tag\">Nacionales<\/a>","tag_info":"Nacionales","comment_count":"0","_links":{"self":[{"href":"https:\/\/infotep.com.ar\/index.php\/wp-json\/wp\/v2\/posts\/33139"}],"collection":[{"href":"https:\/\/infotep.com.ar\/index.php\/wp-json\/wp\/v2\/posts"}],"about":[{"href":"https:\/\/infotep.com.ar\/index.php\/wp-json\/wp\/v2\/types\/post"}],"author":[{"embeddable":true,"href":"https:\/\/infotep.com.ar\/index.php\/wp-json\/wp\/v2\/users\/5"}],"replies":[{"embeddable":true,"href":"https:\/\/infotep.com.ar\/index.php\/wp-json\/wp\/v2\/comments?post=33139"}],"version-history":[{"count":1,"href":"https:\/\/infotep.com.ar\/index.php\/wp-json\/wp\/v2\/posts\/33139\/revisions"}],"predecessor-version":[{"id":33141,"href":"https:\/\/infotep.com.ar\/index.php\/wp-json\/wp\/v2\/posts\/33139\/revisions\/33141"}],"wp:featuredmedia":[{"embeddable":true,"href":"https:\/\/infotep.com.ar\/index.php\/wp-json\/wp\/v2\/media\/33140"}],"wp:attachment":[{"href":"https:\/\/infotep.com.ar\/index.php\/wp-json\/wp\/v2\/media?parent=33139"}],"wp:term":[{"taxonomy":"category","embeddable":true,"href":"https:\/\/infotep.com.ar\/index.php\/wp-json\/wp\/v2\/categories?post=33139"},{"taxonomy":"post_tag","embeddable":true,"href":"https:\/\/infotep.com.ar\/index.php\/wp-json\/wp\/v2\/tags?post=33139"}],"curies":[{"name":"wp","href":"https:\/\/api.w.org\/{rel}","templated":true}]}}