{"id":33185,"date":"2026-04-08T06:40:00","date_gmt":"2026-04-08T09:40:00","guid":{"rendered":"https:\/\/infotep.com.ar\/?p=33185"},"modified":"2026-04-08T20:04:43","modified_gmt":"2026-04-08T23:04:43","slug":"ituzaingo-denuncian-abandono-y-falta-de-mantenimiento-en-la-montana-de-la-cruz","status":"publish","type":"post","link":"https:\/\/infotep.com.ar\/index.php\/2026\/04\/08\/ituzaingo-denuncian-abandono-y-falta-de-mantenimiento-en-la-montana-de-la-cruz\/","title":{"rendered":"Ituzaing\u00f3: denuncian abandono y falta de mantenimiento en la Monta\u00f1a de la Cruz"},"content":{"rendered":"\n<p>Algunos vecinos de Ituzaing\u00f3 expresan su preocupaci\u00f3n por el estado de la Monta\u00f1a de la Cruz, en colectora sur acceso oeste, un espacio verde frecuentado por familias y deportistas, que seg\u00fan su testimonio presenta serios problemas de mantenimiento y limpieza.<\/p>\n\n\n\n<p>Adolfo Montenegro, habitu\u00e9 del lugar, relat\u00f3 que asiste peri\u00f3dicamente a caminar, al igual que muchas otras personas que utilizan el predio para realizar actividades deportivas como running o simplemente para pasar el d\u00eda al aire libre. Sin embargo, asegur\u00f3 que en las \u00faltimas semanas el espacio \u201cse encuentra muy sucio, con basura por todo el predio, que ya huele mal\u201d, adem\u00e1s de presentar \u201csendas totalmente deterioradas, pasto crecido y la alambrada perimetral rota o inexistente en algunos sectores\u201d.<\/p>\n\n\n\n<p>El vecino tambi\u00e9n advirti\u00f3 sobre la presencia de residuos vinculados a rituales, mencionando \u201cpollos y\/o gallinas muertas\u201d, lo que agrava la situaci\u00f3n sanitaria del lugar.<\/p>\n\n\n<div class=\"wp-block-image\">\n<figure class=\"alignleft size-large is-resized\"><img decoding=\"async\" loading=\"lazy\" src=\"https:\/\/infotep.com.ar\/wp-content\/uploads\/2026\/04\/1-769x1024.jpg\" alt=\"\" class=\"wp-image-33189\" width=\"349\" height=\"465\" srcset=\"https:\/\/infotep.com.ar\/wp-content\/uploads\/2026\/04\/1-769x1024.jpg 769w, https:\/\/infotep.com.ar\/wp-content\/uploads\/2026\/04\/1-225x300.jpg 225w, https:\/\/infotep.com.ar\/wp-content\/uploads\/2026\/04\/1-768x1023.jpg 768w, https:\/\/infotep.com.ar\/wp-content\/uploads\/2026\/04\/1-45x60.jpg 45w, https:\/\/infotep.com.ar\/wp-content\/uploads\/2026\/04\/1.jpg 970w\" sizes=\"(max-width: 349px) 100vw, 349px\" \/><\/figure><\/div>\n\n\n<p>Seg\u00fan detall\u00f3 Montenegro, el 3 de marzo realiz\u00f3 un reclamo formal ante la Municipalidad de Ituzaing\u00f3 (ticket N\u00b0 38201), el cual reiter\u00f3 el 13 de marzo ante la falta de respuesta. D\u00edas despu\u00e9s, el 18 de marzo, recibi\u00f3 una notificaci\u00f3n oficial indicando que el reclamo hab\u00eda sido resuelto. No obstante, al acercarse ese mismo d\u00eda al predio, constat\u00f3 que \u201ctodo sigue igual\u201d, situaci\u00f3n que afirm\u00f3 poder respaldar con fotos fechadas y geolocalizadas.<\/p>\n\n\n\n<p>Ante esta situaci\u00f3n, el 19 de marzo se present\u00f3 personalmente en el municipio, donde fue atendido por una agente seg\u00fan su testimonio, la funcionaria se comunic\u00f3 con el \u00e1rea de servicios p\u00fablicos y le indic\u00f3 que el mantenimiento del lugar corresponder\u00eda a Autopista del Oeste, empresa que \u2014seg\u00fan explic\u00f3\u2014 realiza tareas de limpieza principalmente cuando se organizan eventos como maratones.<\/p>\n\n\n<div class=\"wp-block-image\">\n<figure class=\"alignright size-large is-resized\"><img decoding=\"async\" loading=\"lazy\" src=\"https:\/\/infotep.com.ar\/wp-content\/uploads\/2026\/04\/5-769x1024.jpg\" alt=\"\" class=\"wp-image-33190\" width=\"354\" height=\"471\" srcset=\"https:\/\/infotep.com.ar\/wp-content\/uploads\/2026\/04\/5-769x1024.jpg 769w, https:\/\/infotep.com.ar\/wp-content\/uploads\/2026\/04\/5-225x300.jpg 225w, https:\/\/infotep.com.ar\/wp-content\/uploads\/2026\/04\/5-768x1023.jpg 768w, https:\/\/infotep.com.ar\/wp-content\/uploads\/2026\/04\/5-45x60.jpg 45w, https:\/\/infotep.com.ar\/wp-content\/uploads\/2026\/04\/5.jpg 970w\" sizes=\"(max-width: 354px) 100vw, 354px\" \/><\/figure><\/div>\n\n\n<p>Finalmente, Montenegro se\u00f1al\u00f3 que el 27 de marzo el municipio realiz\u00f3 una limpieza parcial del predio y tareas de corte de pasto, aunque remarc\u00f3 que \u201cresta limpiar una parte importante del lugar\u201d.<\/p>\n","protected":false},"excerpt":{"rendered":"<p>Algunos vecinos de Ituzaing&oacute; expresan su preocupaci&oacute;n por el estado de la Monta&ntilde;a de la Cruz, en colectora sur acceso oeste, un espacio verde frecuentado por familias y deportistas, que seg&uacute;n su testimonio presenta serios problemas de mantenimiento y limpieza. Adolfo Montenegro, habitu&eacute; del lugar, relat&oacute; que asiste peri&oacute;dicamente a caminar, al igual que muchas &hellip; <\/p>\n","protected":false},"author":5,"featured_media":33186,"comment_status":"closed","ping_status":"closed","sticky":false,"template":"","format":"standard","meta":{"om_disable_all_campaigns":false,"_joinchat":[]},"categories":[8],"tags":[],"featured_image_urls":{"full":["https:\/\/infotep.com.ar\/wp-content\/uploads\/2026\/04\/4.jpg",970,833,false],"thumbnail":["https:\/\/infotep.com.ar\/wp-content\/uploads\/2026\/04\/4-150x150.jpg",150,150,true],"medium":["https:\/\/infotep.com.ar\/wp-content\/uploads\/2026\/04\/4-300x258.jpg",300,258,true],"medium_large":["https:\/\/infotep.com.ar\/wp-content\/uploads\/2026\/04\/4-768x660.jpg",768,660,true],"large":["https:\/\/infotep.com.ar\/wp-content\/uploads\/2026\/04\/4.jpg",970,833,false],"1536x1536":["https:\/\/infotep.com.ar\/wp-content\/uploads\/2026\/04\/4.jpg",970,833,false],"2048x2048":["https:\/\/infotep.com.ar\/wp-content\/uploads\/2026\/04\/4.jpg",970,833,false],"blossom-feminine-slider":["https:\/\/infotep.com.ar\/wp-content\/uploads\/2026\/04\/4-970x649.jpg",970,649,true],"blossom-feminine-featured":["https:\/\/infotep.com.ar\/wp-content\/uploads\/2026\/04\/4-970x600.jpg",970,600,true],"blossom-feminine-with-sidebar":["https:\/\/infotep.com.ar\/wp-content\/uploads\/2026\/04\/4-970x600.jpg",970,600,true],"blossom-feminine-blog":["https:\/\/infotep.com.ar\/wp-content\/uploads\/2026\/04\/4-435x435.jpg",435,435,true],"blossom-feminine-cat":["https:\/\/infotep.com.ar\/wp-content\/uploads\/2026\/04\/4-450x300.jpg",450,300,true],"blossom-feminine-related":["https:\/\/infotep.com.ar\/wp-content\/uploads\/2026\/04\/4-320x200.jpg",320,200,true],"blossom-feminine-schema":["https:\/\/infotep.com.ar\/wp-content\/uploads\/2026\/04\/4-70x60.jpg",70,60,true],"blossom-mommy-blog-slider-big":["https:\/\/infotep.com.ar\/wp-content\/uploads\/2026\/04\/4-920x650.jpg",920,650,true],"blossom-mommy-blog-slider":["https:\/\/infotep.com.ar\/wp-content\/uploads\/2026\/04\/4-460x310.jpg",460,310,true],"blossom-mommy-blog-two":["https:\/\/infotep.com.ar\/wp-content\/uploads\/2026\/04\/4-768x480.jpg",768,480,true]},"author_info":{"info":["Angela Tobar"]},"category_info":"<a href=\"https:\/\/infotep.com.ar\/index.php\/category\/municipales\/ituzaingo\/\" rel=\"category tag\">Ituzaing\u00f3<\/a>","tag_info":"Ituzaing\u00f3","comment_count":"0","_links":{"self":[{"href":"https:\/\/infotep.com.ar\/index.php\/wp-json\/wp\/v2\/posts\/33185"}],"collection":[{"href":"https:\/\/infotep.com.ar\/index.php\/wp-json\/wp\/v2\/posts"}],"about":[{"href":"https:\/\/infotep.com.ar\/index.php\/wp-json\/wp\/v2\/types\/post"}],"author":[{"embeddable":true,"href":"https:\/\/infotep.com.ar\/index.php\/wp-json\/wp\/v2\/users\/5"}],"replies":[{"embeddable":true,"href":"https:\/\/infotep.com.ar\/index.php\/wp-json\/wp\/v2\/comments?post=33185"}],"version-history":[{"count":5,"href":"https:\/\/infotep.com.ar\/index.php\/wp-json\/wp\/v2\/posts\/33185\/revisions"}],"predecessor-version":[{"id":33194,"href":"https:\/\/infotep.com.ar\/index.php\/wp-json\/wp\/v2\/posts\/33185\/revisions\/33194"}],"wp:featuredmedia":[{"embeddable":true,"href":"https:\/\/infotep.com.ar\/index.php\/wp-json\/wp\/v2\/media\/33186"}],"wp:attachment":[{"href":"https:\/\/infotep.com.ar\/index.php\/wp-json\/wp\/v2\/media?parent=33185"}],"wp:term":[{"taxonomy":"category","embeddable":true,"href":"https:\/\/infotep.com.ar\/index.php\/wp-json\/wp\/v2\/categories?post=33185"},{"taxonomy":"post_tag","embeddable":true,"href":"https:\/\/infotep.com.ar\/index.php\/wp-json\/wp\/v2\/tags?post=33185"}],"curies":[{"name":"wp","href":"https:\/\/api.w.org\/{rel}","templated":true}]}}