{"id":3342,"date":"2023-02-14T05:49:00","date_gmt":"2023-02-14T08:49:00","guid":{"rendered":"https:\/\/infotep.com.ar\/?p=3342"},"modified":"2023-02-14T17:52:15","modified_gmt":"2023-02-14T20:52:15","slug":"luego-de-dejar-el-inadi-victoria-donda-se-incorporo-a-la-gestion-de-axel-kicillof","status":"publish","type":"post","link":"https:\/\/infotep.com.ar\/index.php\/2023\/02\/14\/luego-de-dejar-el-inadi-victoria-donda-se-incorporo-a-la-gestion-de-axel-kicillof\/","title":{"rendered":"Luego de dejar el INADI, Victoria Donda se incorpor\u00f3 a la gesti\u00f3n de Axel Kicillof"},"content":{"rendered":"\n<p>Tras haber renunciado en diciembre pasado a la titularidad del Instituto Nacional contra la Discriminaci\u00f3n, la Xenofobia y el Racismo (INADI) por diferencias con la gesti\u00f3n de Alberto Fern\u00e1ndez, <strong>Victoria Donda anunci\u00f3 este lunes que asumir\u00e1 un cargo dentro de la administraci\u00f3n bonaerense de Axel Kicillof.<\/strong><\/p>\n\n\n\n<p>&#8220;Hoy, de la mano del Gobernador Kicillof y el jefe de Asesores, Carlos Blanco, inicio una nueva etapa en mi carrera pol\u00edtica, como <strong>subsecretaria de An\u00e1lisis y Seguimiento Pol\u00edtico Estrat\u00e9gico<\/strong> en @BAProvincia&#8221;, escribi\u00f3 Donda en su cuenta de Twitter. Adem\u00e1s, dijo que formar\u00e1 parte del directorio de la fundaci\u00f3n del Banco Provincia.<\/p>\n\n\n\n<p class=\"has-light-green-cyan-background-color has-background\">&#8220;Este cargo implica una gran responsabilidad. Me genera una ilusi\u00f3n muy especial porque me va a permitir volver a la Provincia, donde viv\u00ed la mayor parte de mi vida, acompa\u00f1ando en su gesti\u00f3n a un gran compa\u00f1ero con quien compartimos los valores de la justicia social&#8221;, agreg\u00f3.<\/p>\n\n\n\n<p>Y finaliz\u00f3: &#8220;A las y los bonaerenses quiero decirles que voy a trabajar incansablemente con este objetivo: mejorar la calidad de vida de todos, todas y todes&#8221;.<\/p>\n\n\n\n<p><\/p>\n","protected":false},"excerpt":{"rendered":"<p>Tras haber renunciado en diciembre pasado a la titularidad del Instituto Nacional contra la Discriminaci&oacute;n, la Xenofobia y el Racismo (INADI) por diferencias con la gesti&oacute;n de Alberto Fern&aacute;ndez, Victoria Donda anunci&oacute; este lunes que asumir&aacute; un cargo dentro de la administraci&oacute;n bonaerense de Axel Kicillof. &ldquo;Hoy, de la mano del Gobernador Kicillof y el &hellip; <\/p>\n","protected":false},"author":5,"featured_media":3343,"comment_status":"closed","ping_status":"closed","sticky":false,"template":"","format":"standard","meta":{"om_disable_all_campaigns":false,"_joinchat":[]},"categories":[4],"tags":[373,46,129,43],"featured_image_urls":{"full":["https:\/\/infotep.com.ar\/wp-content\/uploads\/2023\/02\/donda-kicillof.jpg",640,427,false],"thumbnail":["https:\/\/infotep.com.ar\/wp-content\/uploads\/2023\/02\/donda-kicillof-150x150.jpg",150,150,true],"medium":["https:\/\/infotep.com.ar\/wp-content\/uploads\/2023\/02\/donda-kicillof-300x200.jpg",300,200,true],"medium_large":["https:\/\/infotep.com.ar\/wp-content\/uploads\/2023\/02\/donda-kicillof.jpg",640,427,false],"large":["https:\/\/infotep.com.ar\/wp-content\/uploads\/2023\/02\/donda-kicillof.jpg",640,427,false],"1536x1536":["https:\/\/infotep.com.ar\/wp-content\/uploads\/2023\/02\/donda-kicillof.jpg",640,427,false],"2048x2048":["https:\/\/infotep.com.ar\/wp-content\/uploads\/2023\/02\/donda-kicillof.jpg",640,427,false],"blossom-feminine-slider":["https:\/\/infotep.com.ar\/wp-content\/uploads\/2023\/02\/donda-kicillof.jpg",640,427,false],"blossom-feminine-featured":["https:\/\/infotep.com.ar\/wp-content\/uploads\/2023\/02\/donda-kicillof.jpg",640,427,false],"blossom-feminine-with-sidebar":["https:\/\/infotep.com.ar\/wp-content\/uploads\/2023\/02\/donda-kicillof.jpg",640,427,false],"blossom-feminine-blog":["https:\/\/infotep.com.ar\/wp-content\/uploads\/2023\/02\/donda-kicillof-435x427.jpg",435,427,true],"blossom-feminine-cat":["https:\/\/infotep.com.ar\/wp-content\/uploads\/2023\/02\/donda-kicillof-450x300.jpg",450,300,true],"blossom-feminine-related":["https:\/\/infotep.com.ar\/wp-content\/uploads\/2023\/02\/donda-kicillof-320x200.jpg",320,200,true],"blossom-feminine-schema":["https:\/\/infotep.com.ar\/wp-content\/uploads\/2023\/02\/donda-kicillof-90x60.jpg",90,60,true],"blossom-mommy-blog-slider-big":["https:\/\/infotep.com.ar\/wp-content\/uploads\/2023\/02\/donda-kicillof.jpg",640,427,false],"blossom-mommy-blog-slider":["https:\/\/infotep.com.ar\/wp-content\/uploads\/2023\/02\/donda-kicillof-460x310.jpg",460,310,true],"blossom-mommy-blog-two":["https:\/\/infotep.com.ar\/wp-content\/uploads\/2023\/02\/donda-kicillof.jpg",640,427,false]},"author_info":{"info":["Angela Tobar"]},"category_info":"<a href=\"https:\/\/infotep.com.ar\/index.php\/category\/provinciales\/\" rel=\"category tag\">Provinciales<\/a>","tag_info":"Provinciales","comment_count":"0","_links":{"self":[{"href":"https:\/\/infotep.com.ar\/index.php\/wp-json\/wp\/v2\/posts\/3342"}],"collection":[{"href":"https:\/\/infotep.com.ar\/index.php\/wp-json\/wp\/v2\/posts"}],"about":[{"href":"https:\/\/infotep.com.ar\/index.php\/wp-json\/wp\/v2\/types\/post"}],"author":[{"embeddable":true,"href":"https:\/\/infotep.com.ar\/index.php\/wp-json\/wp\/v2\/users\/5"}],"replies":[{"embeddable":true,"href":"https:\/\/infotep.com.ar\/index.php\/wp-json\/wp\/v2\/comments?post=3342"}],"version-history":[{"count":1,"href":"https:\/\/infotep.com.ar\/index.php\/wp-json\/wp\/v2\/posts\/3342\/revisions"}],"predecessor-version":[{"id":3344,"href":"https:\/\/infotep.com.ar\/index.php\/wp-json\/wp\/v2\/posts\/3342\/revisions\/3344"}],"wp:featuredmedia":[{"embeddable":true,"href":"https:\/\/infotep.com.ar\/index.php\/wp-json\/wp\/v2\/media\/3343"}],"wp:attachment":[{"href":"https:\/\/infotep.com.ar\/index.php\/wp-json\/wp\/v2\/media?parent=3342"}],"wp:term":[{"taxonomy":"category","embeddable":true,"href":"https:\/\/infotep.com.ar\/index.php\/wp-json\/wp\/v2\/categories?post=3342"},{"taxonomy":"post_tag","embeddable":true,"href":"https:\/\/infotep.com.ar\/index.php\/wp-json\/wp\/v2\/tags?post=3342"}],"curies":[{"name":"wp","href":"https:\/\/api.w.org\/{rel}","templated":true}]}}