{"id":33672,"date":"2026-04-23T00:00:00","date_gmt":"2026-04-23T03:00:00","guid":{"rendered":"https:\/\/infotep.com.ar\/?p=33672"},"modified":"2026-04-23T23:53:20","modified_gmt":"2026-04-24T02:53:20","slug":"tension-en-la-feria-del-libro-fuertes-abucheos-durante-el-discurso-de-leonardo-cifelli","status":"publish","type":"post","link":"https:\/\/infotep.com.ar\/index.php\/2026\/04\/23\/tension-en-la-feria-del-libro-fuertes-abucheos-durante-el-discurso-de-leonardo-cifelli\/","title":{"rendered":"Tensi\u00f3n en la Feria del Libro: fuertes abucheos durante el discurso de Leonardo Cifelli"},"content":{"rendered":"\n<p>Durante la apertura de la tradicional feria el Secretario de Cultura de Milei fue abucheado.<br>La inauguraci\u00f3n de la 50\u00b0 edici\u00f3n de la Feria Internacional del Libro de Buenos Aires estuvo marcada por un clima de fuerte tensi\u00f3n pol\u00edtica durante el discurso del secretario de Cultura de la Naci\u00f3n, Leonardo Cifelli, quien fue interrumpido por abucheos, silbidos y recibi\u00f3 solo algunos tibios aplausos de distintos sectores del p\u00fablico.<\/p>\n\n\n\n<p><strong>Los abucheos al funcionario del Gobierno nacional se produjeron desde el inicio de su discurso, pero lo peor lleg\u00f3 cuando mencion\u00f3 al presidente Javier Milei y a su hermana Karina, la Secretaria General de la Presidencia.<\/strong><\/p>\n\n\n\n<p>\u201cChicos, basta, son cuatro\u201d, lanz\u00f3 Cifelli en medio de las interrupciones, y pidi\u00f3 adem\u00e1s \u201cbajar las pancartas\u201d en referencia a carteles cr\u00edticos exhibidos entre el p\u00fablico.<\/p>\n\n\n\n<p>Luego de destacar presuntos logros del Gobierno en cuanto a cuestiones culturales, Cifelli sentenci\u00f3: \u201cEste fue un desarrollo que ha sido posible gracias al liderazgo del Presidente de la Naci\u00f3n, Javier Milei, y al acompa\u00f1amiento constante de la Secretaria General de la Presidencia, Karina Milei\u201d. En ese momento comenzaron los silbidos y abucheos m\u00e1s fuertes.<\/p>\n\n\n\n<p>&#8220;Por si no entendieron, se los repito de nuevo. Gracias a Javier Milei y Karina Milei\u201d, dijo, lo que gener\u00f3 nuevas reacciones encontradas.<\/p>\n\n\n\n<p>\u201cArgentina empez\u00f3 a liberarse de problemas estructurales que funcionaban como un l\u00edmite permanente para pensar el futuro, como fue por ejemplo el caso de YPF. \u00bfLo arreglaron ustedes lo de YPF o fue el Gobierno de Javier Milei?\u201c, complet\u00f3 Cifelli en medio de gritos e insultos.<\/p>\n","protected":false},"excerpt":{"rendered":"<p>Durante la apertura de la tradicional feria el Secretario de Cultura de Milei fue abucheado.La inauguraci&oacute;n de la 50&deg; edici&oacute;n de la Feria Internacional del Libro de Buenos Aires estuvo marcada por un clima de fuerte tensi&oacute;n pol&iacute;tica durante el discurso del secretario de Cultura de la Naci&oacute;n, Leonardo Cifelli, quien fue interrumpido por abucheos, &hellip; <\/p>\n","protected":false},"author":5,"featured_media":33673,"comment_status":"closed","ping_status":"closed","sticky":false,"template":"","format":"standard","meta":{"om_disable_all_campaigns":false,"_joinchat":[]},"categories":[3],"tags":[],"featured_image_urls":{"full":["https:\/\/infotep.com.ar\/wp-content\/uploads\/2026\/04\/720-18.webp",1257,720,false],"thumbnail":["https:\/\/infotep.com.ar\/wp-content\/uploads\/2026\/04\/720-18-150x150.webp",150,150,true],"medium":["https:\/\/infotep.com.ar\/wp-content\/uploads\/2026\/04\/720-18-300x172.webp",300,172,true],"medium_large":["https:\/\/infotep.com.ar\/wp-content\/uploads\/2026\/04\/720-18-768x440.webp",768,440,true],"large":["https:\/\/infotep.com.ar\/wp-content\/uploads\/2026\/04\/720-18-1024x587.webp",1020,585,true],"1536x1536":["https:\/\/infotep.com.ar\/wp-content\/uploads\/2026\/04\/720-18.webp",1257,720,false],"2048x2048":["https:\/\/infotep.com.ar\/wp-content\/uploads\/2026\/04\/720-18.webp",1257,720,false],"blossom-feminine-slider":["https:\/\/infotep.com.ar\/wp-content\/uploads\/2026\/04\/720-18-1257x649.webp",1257,649,true],"blossom-feminine-featured":["https:\/\/infotep.com.ar\/wp-content\/uploads\/2026\/04\/720-18-1257x600.webp",1257,600,true],"blossom-feminine-with-sidebar":["https:\/\/infotep.com.ar\/wp-content\/uploads\/2026\/04\/720-18-1020x600.webp",1020,600,true],"blossom-feminine-blog":["https:\/\/infotep.com.ar\/wp-content\/uploads\/2026\/04\/720-18-435x435.webp",435,435,true],"blossom-feminine-cat":["https:\/\/infotep.com.ar\/wp-content\/uploads\/2026\/04\/720-18-450x300.webp",450,300,true],"blossom-feminine-related":["https:\/\/infotep.com.ar\/wp-content\/uploads\/2026\/04\/720-18-320x200.webp",320,200,true],"blossom-feminine-schema":["https:\/\/infotep.com.ar\/wp-content\/uploads\/2026\/04\/720-18-105x60.webp",105,60,true],"blossom-mommy-blog-slider-big":["https:\/\/infotep.com.ar\/wp-content\/uploads\/2026\/04\/720-18-920x650.webp",920,650,true],"blossom-mommy-blog-slider":["https:\/\/infotep.com.ar\/wp-content\/uploads\/2026\/04\/720-18-460x310.webp",460,310,true],"blossom-mommy-blog-two":["https:\/\/infotep.com.ar\/wp-content\/uploads\/2026\/04\/720-18-768x480.webp",768,480,true]},"author_info":{"info":["Angela Tobar"]},"category_info":"<a href=\"https:\/\/infotep.com.ar\/index.php\/category\/nacionales\/\" rel=\"category tag\">Nacionales<\/a>","tag_info":"Nacionales","comment_count":"0","_links":{"self":[{"href":"https:\/\/infotep.com.ar\/index.php\/wp-json\/wp\/v2\/posts\/33672"}],"collection":[{"href":"https:\/\/infotep.com.ar\/index.php\/wp-json\/wp\/v2\/posts"}],"about":[{"href":"https:\/\/infotep.com.ar\/index.php\/wp-json\/wp\/v2\/types\/post"}],"author":[{"embeddable":true,"href":"https:\/\/infotep.com.ar\/index.php\/wp-json\/wp\/v2\/users\/5"}],"replies":[{"embeddable":true,"href":"https:\/\/infotep.com.ar\/index.php\/wp-json\/wp\/v2\/comments?post=33672"}],"version-history":[{"count":1,"href":"https:\/\/infotep.com.ar\/index.php\/wp-json\/wp\/v2\/posts\/33672\/revisions"}],"predecessor-version":[{"id":33674,"href":"https:\/\/infotep.com.ar\/index.php\/wp-json\/wp\/v2\/posts\/33672\/revisions\/33674"}],"wp:featuredmedia":[{"embeddable":true,"href":"https:\/\/infotep.com.ar\/index.php\/wp-json\/wp\/v2\/media\/33673"}],"wp:attachment":[{"href":"https:\/\/infotep.com.ar\/index.php\/wp-json\/wp\/v2\/media?parent=33672"}],"wp:term":[{"taxonomy":"category","embeddable":true,"href":"https:\/\/infotep.com.ar\/index.php\/wp-json\/wp\/v2\/categories?post=33672"},{"taxonomy":"post_tag","embeddable":true,"href":"https:\/\/infotep.com.ar\/index.php\/wp-json\/wp\/v2\/tags?post=33672"}],"curies":[{"name":"wp","href":"https:\/\/api.w.org\/{rel}","templated":true}]}}