{"id":33718,"date":"2026-04-27T10:49:05","date_gmt":"2026-04-27T13:49:05","guid":{"rendered":"https:\/\/infotep.com.ar\/?p=33718"},"modified":"2026-04-27T10:49:06","modified_gmt":"2026-04-27T13:49:06","slug":"preocupacion-por-la-caida-en-la-vacunacion-infantil-crece-el-riesgo-de-enfermedades-prevenibles","status":"publish","type":"post","link":"https:\/\/infotep.com.ar\/index.php\/2026\/04\/27\/preocupacion-por-la-caida-en-la-vacunacion-infantil-crece-el-riesgo-de-enfermedades-prevenibles\/","title":{"rendered":"Preocupaci\u00f3n por la ca\u00edda en la vacunaci\u00f3n infantil: crece el riesgo de enfermedades prevenibles"},"content":{"rendered":"\n<p>La disminuci\u00f3n en las tasas de vacunaci\u00f3n entre ni\u00f1os y adolescentes genera creciente preocupaci\u00f3n en el \u00e1mbito sanitario, ya que incrementa el riesgo de brotes de enfermedades prevenibles como el sarampi\u00f3n, la tos ferina y la poliomielitis.<\/p>\n\n\n\n<p>Especialistas advierten que la baja cobertura no solo puede traducirse en un aumento de casos, internaciones y complicaciones, sino que tambi\u00e9n debilita la llamada inmunidad colectiva. Este mecanismo de protecci\u00f3n indirecta resulta clave para resguardar a quienes no pueden vacunarse, como beb\u00e9s o personas con sistemas inmunol\u00f3gicos comprometidos.<\/p>\n\n\n\n<p>Durante las \u00faltimas d\u00e9cadas, la vacunaci\u00f3n ha sido una de las herramientas m\u00e1s efectivas en salud p\u00fablica, con un impacto significativo en la reducci\u00f3n de enfermedades graves y mortales. Sin embargo, en los \u00faltimos a\u00f1os se observa un retroceso que enciende se\u00f1ales de alerta.<\/p>\n\n\n\n<p>Entre los principales desaf\u00edos actuales se destacan la desinformaci\u00f3n y la circulaci\u00f3n de mitos. La evidencia cient\u00edfica sostiene que las vacunas son seguras y eficaces, tras haber superado rigurosos procesos de evaluaci\u00f3n. Tambi\u00e9n se remarca que la aplicaci\u00f3n simult\u00e1nea de varias dosis no representa un riesgo para el sistema inmunol\u00f3gico, sino que permite completar los esquemas en tiempo y forma.<\/p>\n\n\n\n<p>Asimismo, la vacunaci\u00f3n en grupos espec\u00edficos, como personas gestantes, cumple un rol fundamental para proteger tanto a la madre como al beb\u00e9. En el caso de la gripe, por ejemplo, la inmunizaci\u00f3n contribuye a reducir el impacto de una enfermedad que provoca cientos de miles de muertes cada a\u00f1o a nivel global.<\/p>\n\n\n\n<p>Un informe reciente elaborado por especialistas y organizaciones del sector analiz\u00f3 la situaci\u00f3n actual de la inmunizaci\u00f3n en el pa\u00eds y concluy\u00f3 que las coberturas se encuentran por debajo del nivel necesario \u2014estimado en un 95%\u2014 para garantizar una protecci\u00f3n comunitaria adecuada. Esta tendencia descendente se registra desde 2018 y afecta a distintas franjas etarias.<\/p>\n\n\n\n<p>Entre 2022 y 2024, alrededor de 1,7 millones de ni\u00f1os no recibieron todas las vacunas correspondientes a su edad. La situaci\u00f3n es especialmente cr\u00edtica en los refuerzos de la segunda infancia y la adolescencia.<\/p>\n\n\n\n<p>Datos recientes muestran que la cobertura del refuerzo de la vacuna triple viral en ni\u00f1os de 5 a\u00f1os cay\u00f3 a menos del 50%, cuando a\u00f1os atr\u00e1s superaba ampliamente el 90%. Un comportamiento similar se observa en la vacuna contra la poliomielitis. En adolescentes, la inmunizaci\u00f3n contra el Virus del Papiloma Humano (VPH), clave en la prevenci\u00f3n de diversos tipos de c\u00e1ncer, tambi\u00e9n registra niveles considerablemente inferiores a los de per\u00edodos anteriores.<\/p>\n\n\n\n<p>La problem\u00e1tica no se limita a la poblaci\u00f3n infantil. Adultos y personas mayores tampoco acceden en todos los casos a las vacunas recomendadas, en parte debido a dificultades en la organizaci\u00f3n del sistema de salud.<\/p>\n\n\n\n<p>Si bien los niveles de confianza en las vacunas siguen siendo relativamente altos, el principal obst\u00e1culo radica en una reticencia creciente, vinculada a m\u00faltiples factores. Entre ellos, se destacan la difusi\u00f3n de informaci\u00f3n err\u00f3nea en redes sociales, la falta de recomendaciones activas por parte de equipos de salud y diversas barreras de acceso, como horarios limitados en centros de vacunaci\u00f3n o dificultades laborales para asistir.<\/p>\n\n\n\n<p>A esto se suma una menor percepci\u00f3n del riesgo: el \u00e9xito hist\u00f3rico de las campa\u00f1as de vacunaci\u00f3n redujo la circulaci\u00f3n de muchas enfermedades, lo que llev\u00f3 a subestimar su peligrosidad.<\/p>\n\n\n\n<p>Frente a este escenario, especialistas coinciden en que resulta fundamental recuperar la confianza social en las vacunas, mejorar el acceso y reforzar las estrategias de informaci\u00f3n. Subrayan que la inmunizaci\u00f3n no solo protege a nivel individual, sino que constituye una responsabilidad colectiva clave para evitar el resurgimiento de enfermedades que ya se hab\u00edan logrado controlar.<\/p>\n","protected":false},"excerpt":{"rendered":"<p>La disminuci&oacute;n en las tasas de vacunaci&oacute;n entre ni&ntilde;os y adolescentes genera creciente preocupaci&oacute;n en el &aacute;mbito sanitario, ya que incrementa el riesgo de brotes de enfermedades prevenibles como el sarampi&oacute;n, la tos ferina y la poliomielitis. Especialistas advierten que la baja cobertura no solo puede traducirse en un aumento de casos, internaciones y complicaciones, &hellip; <\/p>\n","protected":false},"author":5,"featured_media":22291,"comment_status":"closed","ping_status":"closed","sticky":false,"template":"","format":"standard","meta":{"om_disable_all_campaigns":false,"_joinchat":[]},"categories":[31,3],"tags":[],"featured_image_urls":{"full":["https:\/\/infotep.com.ar\/wp-content\/uploads\/2025\/03\/vacuna.webp",1080,720,false],"thumbnail":["https:\/\/infotep.com.ar\/wp-content\/uploads\/2025\/03\/vacuna-150x150.webp",150,150,true],"medium":["https:\/\/infotep.com.ar\/wp-content\/uploads\/2025\/03\/vacuna-300x200.webp",300,200,true],"medium_large":["https:\/\/infotep.com.ar\/wp-content\/uploads\/2025\/03\/vacuna-768x512.webp",768,512,true],"large":["https:\/\/infotep.com.ar\/wp-content\/uploads\/2025\/03\/vacuna-1024x683.webp",1020,680,true],"1536x1536":["https:\/\/infotep.com.ar\/wp-content\/uploads\/2025\/03\/vacuna.webp",1080,720,false],"2048x2048":["https:\/\/infotep.com.ar\/wp-content\/uploads\/2025\/03\/vacuna.webp",1080,720,false],"blossom-feminine-slider":["https:\/\/infotep.com.ar\/wp-content\/uploads\/2025\/03\/vacuna-1080x649.webp",1080,649,true],"blossom-feminine-featured":["https:\/\/infotep.com.ar\/wp-content\/uploads\/2025\/03\/vacuna-1080x600.webp",1080,600,true],"blossom-feminine-with-sidebar":["https:\/\/infotep.com.ar\/wp-content\/uploads\/2025\/03\/vacuna-1020x600.webp",1020,600,true],"blossom-feminine-blog":["https:\/\/infotep.com.ar\/wp-content\/uploads\/2025\/03\/vacuna-435x435.webp",435,435,true],"blossom-feminine-cat":["https:\/\/infotep.com.ar\/wp-content\/uploads\/2025\/03\/vacuna-450x300.webp",450,300,true],"blossom-feminine-related":["https:\/\/infotep.com.ar\/wp-content\/uploads\/2025\/03\/vacuna-320x200.webp",320,200,true],"blossom-feminine-schema":["https:\/\/infotep.com.ar\/wp-content\/uploads\/2025\/03\/vacuna-90x60.webp",90,60,true],"blossom-mommy-blog-slider-big":["https:\/\/infotep.com.ar\/wp-content\/uploads\/2025\/03\/vacuna-920x650.webp",920,650,true],"blossom-mommy-blog-slider":["https:\/\/infotep.com.ar\/wp-content\/uploads\/2025\/03\/vacuna-460x310.webp",460,310,true],"blossom-mommy-blog-two":["https:\/\/infotep.com.ar\/wp-content\/uploads\/2025\/03\/vacuna-768x480.webp",768,480,true]},"author_info":{"info":["Angela Tobar"]},"category_info":"<a href=\"https:\/\/infotep.com.ar\/index.php\/category\/destacadas\/\" rel=\"category tag\">Destacadas<\/a> <a href=\"https:\/\/infotep.com.ar\/index.php\/category\/nacionales\/\" rel=\"category tag\">Nacionales<\/a>","tag_info":"Nacionales","comment_count":"0","_links":{"self":[{"href":"https:\/\/infotep.com.ar\/index.php\/wp-json\/wp\/v2\/posts\/33718"}],"collection":[{"href":"https:\/\/infotep.com.ar\/index.php\/wp-json\/wp\/v2\/posts"}],"about":[{"href":"https:\/\/infotep.com.ar\/index.php\/wp-json\/wp\/v2\/types\/post"}],"author":[{"embeddable":true,"href":"https:\/\/infotep.com.ar\/index.php\/wp-json\/wp\/v2\/users\/5"}],"replies":[{"embeddable":true,"href":"https:\/\/infotep.com.ar\/index.php\/wp-json\/wp\/v2\/comments?post=33718"}],"version-history":[{"count":1,"href":"https:\/\/infotep.com.ar\/index.php\/wp-json\/wp\/v2\/posts\/33718\/revisions"}],"predecessor-version":[{"id":33719,"href":"https:\/\/infotep.com.ar\/index.php\/wp-json\/wp\/v2\/posts\/33718\/revisions\/33719"}],"wp:featuredmedia":[{"embeddable":true,"href":"https:\/\/infotep.com.ar\/index.php\/wp-json\/wp\/v2\/media\/22291"}],"wp:attachment":[{"href":"https:\/\/infotep.com.ar\/index.php\/wp-json\/wp\/v2\/media?parent=33718"}],"wp:term":[{"taxonomy":"category","embeddable":true,"href":"https:\/\/infotep.com.ar\/index.php\/wp-json\/wp\/v2\/categories?post=33718"},{"taxonomy":"post_tag","embeddable":true,"href":"https:\/\/infotep.com.ar\/index.php\/wp-json\/wp\/v2\/tags?post=33718"}],"curies":[{"name":"wp","href":"https:\/\/api.w.org\/{rel}","templated":true}]}}