{"id":33720,"date":"2026-04-27T10:50:35","date_gmt":"2026-04-27T13:50:35","guid":{"rendered":"https:\/\/infotep.com.ar\/?p=33720"},"modified":"2026-04-27T10:50:36","modified_gmt":"2026-04-27T13:50:36","slug":"gremios-confirman-marcha-del-30-de-abril-contra-las-politicas-economicas","status":"publish","type":"post","link":"https:\/\/infotep.com.ar\/index.php\/2026\/04\/27\/gremios-confirman-marcha-del-30-de-abril-contra-las-politicas-economicas\/","title":{"rendered":"Gremios confirman marcha del 30 de abril contra las pol\u00edticas econ\u00f3micas"},"content":{"rendered":"\n<p>La Confederaci\u00f3n General del Trabajo (CGT) ratific\u00f3 la convocatoria a una movilizaci\u00f3n prevista para el pr\u00f3ximo 30 de abril, en el marco del D\u00eda del Trabajador, con el objetivo de expresar su rechazo a las pol\u00edticas econ\u00f3micas impulsadas por el gobierno de Javier Milei.<\/p>\n\n\n\n<p>El cosecretario general de la central obrera y titular del Sindicato de Empleados de la Industria del Vidrio (SEIVARA), Cristian Jer\u00f3nimo, sostuvo que el movimiento obrero organizado se posiciona como un \u201cbasti\u00f3n de resistencia\u201d frente al rumbo adoptado por la actual gesti\u00f3n.<\/p>\n\n\n\n<p>En sus declaraciones, el dirigente tambi\u00e9n cuestion\u00f3 iniciativas promovidas desde el Ejecutivo, especialmente aquellas vinculadas al sistema aduanero, en l\u00ednea con propuestas impulsadas por el ministro de Desregulaci\u00f3n y Transformaci\u00f3n del Estado, Federico Sturzenegger. En ese sentido, advirti\u00f3 que cualquier modificaci\u00f3n del C\u00f3digo Aduanero debe ser evaluada con cautela debido a su relevancia estrat\u00e9gica para la econom\u00eda.<\/p>\n\n\n\n<p>Jer\u00f3nimo expres\u00f3 adem\u00e1s su preocupaci\u00f3n por el impacto de las medidas econ\u00f3micas en distintos sectores productivos y se\u00f1al\u00f3 un escenario de creciente incertidumbre. Seg\u00fan plante\u00f3, existe una falta de sensibilidad frente a las consecuencias sociales derivadas de las decisiones adoptadas.<\/p>\n\n\n\n<p>La movilizaci\u00f3n tambi\u00e9n tendr\u00e1 un componente simb\u00f3lico: durante la jornada se realizar\u00e1 un homenaje al Papa Francisco, al cumplirse un a\u00f1o de su fallecimiento. Desde la CGT destacaron su defensa del trabajo, los trabajadores y el rol de las organizaciones gremiales.<\/p>\n\n\n\n<p>Desde la central sindical indicaron que la protesta busca no solo manifestar el descontento con las pol\u00edticas actuales, sino tambi\u00e9n impulsar la reapertura del di\u00e1logo en torno a un modelo econ\u00f3mico centrado en la producci\u00f3n y el empleo.<\/p>\n","protected":false},"excerpt":{"rendered":"<p>La Confederaci&oacute;n General del Trabajo (CGT) ratific&oacute; la convocatoria a una movilizaci&oacute;n prevista para el pr&oacute;ximo 30 de abril, en el marco del D&iacute;a del Trabajador, con el objetivo de expresar su rechazo a las pol&iacute;ticas econ&oacute;micas impulsadas por el gobierno de Javier Milei. El cosecretario general de la central obrera y titular del Sindicato &hellip; <\/p>\n","protected":false},"author":5,"featured_media":32471,"comment_status":"closed","ping_status":"closed","sticky":false,"template":"","format":"standard","meta":{"om_disable_all_campaigns":false,"_joinchat":[]},"categories":[31,7,3],"tags":[],"featured_image_urls":{"full":["https:\/\/infotep.com.ar\/wp-content\/uploads\/2026\/03\/cgt-1.webp",993,720,false],"thumbnail":["https:\/\/infotep.com.ar\/wp-content\/uploads\/2026\/03\/cgt-1-150x150.webp",150,150,true],"medium":["https:\/\/infotep.com.ar\/wp-content\/uploads\/2026\/03\/cgt-1-300x218.webp",300,218,true],"medium_large":["https:\/\/infotep.com.ar\/wp-content\/uploads\/2026\/03\/cgt-1-768x557.webp",768,557,true],"large":["https:\/\/infotep.com.ar\/wp-content\/uploads\/2026\/03\/cgt-1.webp",993,720,false],"1536x1536":["https:\/\/infotep.com.ar\/wp-content\/uploads\/2026\/03\/cgt-1.webp",993,720,false],"2048x2048":["https:\/\/infotep.com.ar\/wp-content\/uploads\/2026\/03\/cgt-1.webp",993,720,false],"blossom-feminine-slider":["https:\/\/infotep.com.ar\/wp-content\/uploads\/2026\/03\/cgt-1-993x649.webp",993,649,true],"blossom-feminine-featured":["https:\/\/infotep.com.ar\/wp-content\/uploads\/2026\/03\/cgt-1-993x600.webp",993,600,true],"blossom-feminine-with-sidebar":["https:\/\/infotep.com.ar\/wp-content\/uploads\/2026\/03\/cgt-1-993x600.webp",993,600,true],"blossom-feminine-blog":["https:\/\/infotep.com.ar\/wp-content\/uploads\/2026\/03\/cgt-1-435x435.webp",435,435,true],"blossom-feminine-cat":["https:\/\/infotep.com.ar\/wp-content\/uploads\/2026\/03\/cgt-1-450x300.webp",450,300,true],"blossom-feminine-related":["https:\/\/infotep.com.ar\/wp-content\/uploads\/2026\/03\/cgt-1-320x200.webp",320,200,true],"blossom-feminine-schema":["https:\/\/infotep.com.ar\/wp-content\/uploads\/2026\/03\/cgt-1-83x60.webp",83,60,true],"blossom-mommy-blog-slider-big":["https:\/\/infotep.com.ar\/wp-content\/uploads\/2026\/03\/cgt-1-920x650.webp",920,650,true],"blossom-mommy-blog-slider":["https:\/\/infotep.com.ar\/wp-content\/uploads\/2026\/03\/cgt-1-460x310.webp",460,310,true],"blossom-mommy-blog-two":["https:\/\/infotep.com.ar\/wp-content\/uploads\/2026\/03\/cgt-1-768x480.webp",768,480,true]},"author_info":{"info":["Angela Tobar"]},"category_info":"<a href=\"https:\/\/infotep.com.ar\/index.php\/category\/destacadas\/\" rel=\"category tag\">Destacadas<\/a> <a href=\"https:\/\/infotep.com.ar\/index.php\/category\/gremios\/\" rel=\"category tag\">Gremios<\/a> <a href=\"https:\/\/infotep.com.ar\/index.php\/category\/nacionales\/\" rel=\"category tag\">Nacionales<\/a>","tag_info":"Nacionales","comment_count":"0","_links":{"self":[{"href":"https:\/\/infotep.com.ar\/index.php\/wp-json\/wp\/v2\/posts\/33720"}],"collection":[{"href":"https:\/\/infotep.com.ar\/index.php\/wp-json\/wp\/v2\/posts"}],"about":[{"href":"https:\/\/infotep.com.ar\/index.php\/wp-json\/wp\/v2\/types\/post"}],"author":[{"embeddable":true,"href":"https:\/\/infotep.com.ar\/index.php\/wp-json\/wp\/v2\/users\/5"}],"replies":[{"embeddable":true,"href":"https:\/\/infotep.com.ar\/index.php\/wp-json\/wp\/v2\/comments?post=33720"}],"version-history":[{"count":1,"href":"https:\/\/infotep.com.ar\/index.php\/wp-json\/wp\/v2\/posts\/33720\/revisions"}],"predecessor-version":[{"id":33721,"href":"https:\/\/infotep.com.ar\/index.php\/wp-json\/wp\/v2\/posts\/33720\/revisions\/33721"}],"wp:featuredmedia":[{"embeddable":true,"href":"https:\/\/infotep.com.ar\/index.php\/wp-json\/wp\/v2\/media\/32471"}],"wp:attachment":[{"href":"https:\/\/infotep.com.ar\/index.php\/wp-json\/wp\/v2\/media?parent=33720"}],"wp:term":[{"taxonomy":"category","embeddable":true,"href":"https:\/\/infotep.com.ar\/index.php\/wp-json\/wp\/v2\/categories?post=33720"},{"taxonomy":"post_tag","embeddable":true,"href":"https:\/\/infotep.com.ar\/index.php\/wp-json\/wp\/v2\/tags?post=33720"}],"curies":[{"name":"wp","href":"https:\/\/api.w.org\/{rel}","templated":true}]}}