{"id":33722,"date":"2026-04-27T10:53:50","date_gmt":"2026-04-27T13:53:50","guid":{"rendered":"https:\/\/infotep.com.ar\/?p=33722"},"modified":"2026-04-27T10:53:50","modified_gmt":"2026-04-27T13:53:50","slug":"el-gobierno-apunta-al-servicio-meteorologico-y-crecen-las-advertencias-por-sus-consecuencias","status":"publish","type":"post","link":"https:\/\/infotep.com.ar\/index.php\/2026\/04\/27\/el-gobierno-apunta-al-servicio-meteorologico-y-crecen-las-advertencias-por-sus-consecuencias\/","title":{"rendered":"El Gobierno apunta al Servicio Meteorol\u00f3gico y crecen las advertencias por sus consecuencias"},"content":{"rendered":"\n<p>Las declaraciones del ministro de Desregulaci\u00f3n y Transformaci\u00f3n del Estado, Federico Sturzenegger, sobre una posible reestructuraci\u00f3n profunda del Servicio Meteorol\u00f3gico Nacional (SMN) desataron una fuerte pol\u00e9mica y encendieron alertas en sectores cient\u00edficos, t\u00e9cnicos y gremiales ante la posibilidad de despidos masivos.<\/p>\n\n\n\n<p>El funcionario plante\u00f3 la necesidad de una modernizaci\u00f3n integral del organismo y cuestion\u00f3 su funcionamiento actual, al se\u00f1alar el uso de tecnolog\u00edas consideradas obsoletas y una estructura que, seg\u00fan su diagn\u00f3stico, resulta ineficiente<strong>. En ese marco, sugiri\u00f3 que el SMN podr\u00eda operar con una dotaci\u00f3n significativamente menor de personal, lo que implicar\u00eda una reducci\u00f3n dr\u00e1stica de su planta.<\/strong><\/p>\n\n\n\n<p>Las declaraciones se inscriben en la pol\u00edtica de ajuste del gobierno de Javier Milei, que desde distintos sectores es cuestionada por su impacto en el empleo p\u00fablico y en \u00e1reas estrat\u00e9gicas del Estado. Cr\u00edticos del plan advierten que avanzar con recortes de esta magnitud podr\u00eda debilitar capacidades t\u00e9cnicas clave y afectar servicios esenciales.<\/p>\n\n\n\n<p class=\"has-light-green-cyan-background-color has-background\">El SMN cumple un rol central no solo en la elaboraci\u00f3n de pron\u00f3sticos meteorol\u00f3gicos, sino tambi\u00e9n en la emisi\u00f3n de alertas tempranas ante fen\u00f3menos extremos, una funci\u00f3n cr\u00edtica en un contexto de creciente variabilidad clim\u00e1tica. Especialistas se\u00f1alan que lejos de tratarse de una estructura prescindible, se trata de un organismo estrat\u00e9gico para la prevenci\u00f3n de desastres y la protecci\u00f3n de la poblaci\u00f3n.<\/p>\n\n\n\n<p>En este sentido, remarcan que la tarea del personal no se limita a la recolecci\u00f3n de datos, sino que incluye procesos de validaci\u00f3n, an\u00e1lisis e interpretaci\u00f3n que no pueden ser reemplazados completamente por sistemas automatizados. La eventual reducci\u00f3n del 85% de la planta, como se desliz\u00f3 en el debate p\u00fablico, genera preocupaci\u00f3n por la posible p\u00e9rdida de conocimiento acumulado y experiencia t\u00e9cnica.<\/p>\n\n\n\n<p><strong>Asimismo, se cuestiona la l\u00f3gica de ajuste basada exclusivamente en criterios de reducci\u00f3n de costos, sin contemplar el impacto social y operativo. Los detractores advierten que los despidos masivos no solo afectar\u00edan a cientos de trabajadores, sino que podr\u00edan comprometer la calidad del servicio y la capacidad de respuesta ante emergencias clim\u00e1ticas.<\/strong><\/p>\n\n\n\n<p>Si bien la modernizaci\u00f3n tecnol\u00f3gica es considerada necesaria por distintos actores, sostienen que debe realizarse mediante inversi\u00f3n y fortalecimiento institucional, y no a trav\u00e9s de recortes abruptos. En esa l\u00ednea, plantean que la discusi\u00f3n no deber\u00eda centrarse \u00fanicamente en la eficiencia econ\u00f3mica, sino tambi\u00e9n en el valor estrat\u00e9gico de contar con un sistema meteorol\u00f3gico robusto y confiable.<\/p>\n\n\n\n<p>El debate contin\u00faa abierto y refleja tensiones m\u00e1s amplias sobre el rol del Estado, el alcance del ajuste y las prioridades en materia de pol\u00edticas p\u00fablicas, en un escenario donde la reducci\u00f3n del gasto convive con crecientes cuestionamientos por sus consecuencias en \u00e1reas sensibles.<\/p>\n","protected":false},"excerpt":{"rendered":"<p>Las declaraciones del ministro de Desregulaci&oacute;n y Transformaci&oacute;n del Estado, Federico Sturzenegger, sobre una posible reestructuraci&oacute;n profunda del Servicio Meteorol&oacute;gico Nacional (SMN) desataron una fuerte pol&eacute;mica y encendieron alertas en sectores cient&iacute;ficos, t&eacute;cnicos y gremiales ante la posibilidad de despidos masivos. El funcionario plante&oacute; la necesidad de una modernizaci&oacute;n integral del organismo y cuestion&oacute; su &hellip; <\/p>\n","protected":false},"author":5,"featured_media":33581,"comment_status":"closed","ping_status":"closed","sticky":false,"template":"","format":"standard","meta":{"om_disable_all_campaigns":false,"_joinchat":[]},"categories":[7,3],"tags":[],"featured_image_urls":{"full":["https:\/\/infotep.com.ar\/wp-content\/uploads\/2026\/04\/servicio.webp",1280,720,false],"thumbnail":["https:\/\/infotep.com.ar\/wp-content\/uploads\/2026\/04\/servicio-150x150.webp",150,150,true],"medium":["https:\/\/infotep.com.ar\/wp-content\/uploads\/2026\/04\/servicio-300x169.webp",300,169,true],"medium_large":["https:\/\/infotep.com.ar\/wp-content\/uploads\/2026\/04\/servicio-768x432.webp",768,432,true],"large":["https:\/\/infotep.com.ar\/wp-content\/uploads\/2026\/04\/servicio-1024x576.webp",1020,574,true],"1536x1536":["https:\/\/infotep.com.ar\/wp-content\/uploads\/2026\/04\/servicio.webp",1280,720,false],"2048x2048":["https:\/\/infotep.com.ar\/wp-content\/uploads\/2026\/04\/servicio.webp",1280,720,false],"blossom-feminine-slider":["https:\/\/infotep.com.ar\/wp-content\/uploads\/2026\/04\/servicio-1280x649.webp",1280,649,true],"blossom-feminine-featured":["https:\/\/infotep.com.ar\/wp-content\/uploads\/2026\/04\/servicio-1280x600.webp",1280,600,true],"blossom-feminine-with-sidebar":["https:\/\/infotep.com.ar\/wp-content\/uploads\/2026\/04\/servicio-1020x600.webp",1020,600,true],"blossom-feminine-blog":["https:\/\/infotep.com.ar\/wp-content\/uploads\/2026\/04\/servicio-435x435.webp",435,435,true],"blossom-feminine-cat":["https:\/\/infotep.com.ar\/wp-content\/uploads\/2026\/04\/servicio-450x300.webp",450,300,true],"blossom-feminine-related":["https:\/\/infotep.com.ar\/wp-content\/uploads\/2026\/04\/servicio-320x200.webp",320,200,true],"blossom-feminine-schema":["https:\/\/infotep.com.ar\/wp-content\/uploads\/2026\/04\/servicio-107x60.webp",107,60,true],"blossom-mommy-blog-slider-big":["https:\/\/infotep.com.ar\/wp-content\/uploads\/2026\/04\/servicio-920x650.webp",920,650,true],"blossom-mommy-blog-slider":["https:\/\/infotep.com.ar\/wp-content\/uploads\/2026\/04\/servicio-460x310.webp",460,310,true],"blossom-mommy-blog-two":["https:\/\/infotep.com.ar\/wp-content\/uploads\/2026\/04\/servicio-768x480.webp",768,480,true]},"author_info":{"info":["Angela Tobar"]},"category_info":"<a href=\"https:\/\/infotep.com.ar\/index.php\/category\/gremios\/\" rel=\"category tag\">Gremios<\/a> <a href=\"https:\/\/infotep.com.ar\/index.php\/category\/nacionales\/\" rel=\"category tag\">Nacionales<\/a>","tag_info":"Nacionales","comment_count":"0","_links":{"self":[{"href":"https:\/\/infotep.com.ar\/index.php\/wp-json\/wp\/v2\/posts\/33722"}],"collection":[{"href":"https:\/\/infotep.com.ar\/index.php\/wp-json\/wp\/v2\/posts"}],"about":[{"href":"https:\/\/infotep.com.ar\/index.php\/wp-json\/wp\/v2\/types\/post"}],"author":[{"embeddable":true,"href":"https:\/\/infotep.com.ar\/index.php\/wp-json\/wp\/v2\/users\/5"}],"replies":[{"embeddable":true,"href":"https:\/\/infotep.com.ar\/index.php\/wp-json\/wp\/v2\/comments?post=33722"}],"version-history":[{"count":1,"href":"https:\/\/infotep.com.ar\/index.php\/wp-json\/wp\/v2\/posts\/33722\/revisions"}],"predecessor-version":[{"id":33723,"href":"https:\/\/infotep.com.ar\/index.php\/wp-json\/wp\/v2\/posts\/33722\/revisions\/33723"}],"wp:featuredmedia":[{"embeddable":true,"href":"https:\/\/infotep.com.ar\/index.php\/wp-json\/wp\/v2\/media\/33581"}],"wp:attachment":[{"href":"https:\/\/infotep.com.ar\/index.php\/wp-json\/wp\/v2\/media?parent=33722"}],"wp:term":[{"taxonomy":"category","embeddable":true,"href":"https:\/\/infotep.com.ar\/index.php\/wp-json\/wp\/v2\/categories?post=33722"},{"taxonomy":"post_tag","embeddable":true,"href":"https:\/\/infotep.com.ar\/index.php\/wp-json\/wp\/v2\/tags?post=33722"}],"curies":[{"name":"wp","href":"https:\/\/api.w.org\/{rel}","templated":true}]}}