{"id":33724,"date":"2026-04-27T10:57:29","date_gmt":"2026-04-27T13:57:29","guid":{"rendered":"https:\/\/infotep.com.ar\/?p=33724"},"modified":"2026-04-27T10:57:30","modified_gmt":"2026-04-27T13:57:30","slug":"fin-de-semana-largo-en-puerta-todos-los-feriados-que-quedan-en-2026","status":"publish","type":"post","link":"https:\/\/infotep.com.ar\/index.php\/2026\/04\/27\/fin-de-semana-largo-en-puerta-todos-los-feriados-que-quedan-en-2026\/","title":{"rendered":"Fin de semana largo en puerta: todos los feriados que quedan en 2026"},"content":{"rendered":"\n<p>La llegada del D\u00eda del Trabajador traer\u00e1 consigo un nuevo fin de semana largo en Argentina, marcando una de las primeras oportunidades del a\u00f1o para realizar escapadas o descansar.<\/p>\n\n\n\n<p>El feriado del viernes 1\u00b0 de mayo dar\u00e1 lugar a tres d\u00edas consecutivos de descanso, que se extender\u00e1n hasta el domingo 3. Luego, habr\u00e1 que esperar hasta junio para el pr\u00f3ximo per\u00edodo similar.<\/p>\n\n\n\n<p>A lo largo de 2026, el calendario a\u00fan ofrece varias fechas que permitir\u00e1n disfrutar de fines de semana largos en distintos momentos del a\u00f1o:<\/p>\n\n\n\n<p><strong> Fines de semana largos que quedan en 2026<br><\/strong>Mayo: del viernes 1 al domingo 3 (D\u00eda del Trabajador)<br>Junio: del s\u00e1bado 13 al lunes 15 (Paso a la Inmortalidad del General Mart\u00edn Miguel de G\u00fcemes, trasladado)<br>Julio: del jueves 9 al domingo 12 (D\u00eda de la Independencia + feriado puente el 10)<br>Agosto: del s\u00e1bado 15 al lunes 17 (Paso a la Inmortalidad del General Jos\u00e9 de San Mart\u00edn)<br>Octubre: del s\u00e1bado 10 al lunes 12 (D\u00eda del Respeto a la Diversidad Cultural)<br>Noviembre: del s\u00e1bado 21 al lunes 23 (D\u00eda de la Soberan\u00eda Nacional, trasladado)<br>Diciembre: del s\u00e1bado 5 al martes 8 (fin de semana extendido por d\u00eda no laborable y Inmaculada Concepci\u00f3n de Mar\u00eda)<br><strong>Feriados inamovibles restantes<br><\/strong>1 de mayo<br>25 de mayo<br>20 de junio<br>9 de julio<br>8 de diciembre<br>25 de diciembre<br><strong>Feriados trasladables<br><\/strong>15 de junio (por el 17 de junio)<br>17 de agosto<br>12 de octubre<br>23 de noviembre (por el 20 de noviembre)<br><strong> D\u00edas no laborables<br><\/strong>10 de julio<br>7 de diciembre<\/p>\n\n\n\n<p>Con varias fechas distribuidas a lo largo del a\u00f1o, el calendario 2026 ofrece m\u00faltiples oportunidades para planificar descansos, viajes cortos o escapadas tur\u00edsticas en distintos puntos del pa\u00eds.<\/p>\n","protected":false},"excerpt":{"rendered":"<p>La llegada del D&iacute;a del Trabajador traer&aacute; consigo un nuevo fin de semana largo en Argentina, marcando una de las primeras oportunidades del a&ntilde;o para realizar escapadas o descansar. El feriado del viernes 1&deg; de mayo dar&aacute; lugar a tres d&iacute;as consecutivos de descanso, que se extender&aacute;n hasta el domingo 3. Luego, habr&aacute; que esperar &hellip; <\/p>\n","protected":false},"author":5,"featured_media":5338,"comment_status":"closed","ping_status":"closed","sticky":false,"template":"","format":"standard","meta":{"om_disable_all_campaigns":false,"_joinchat":[]},"categories":[3],"tags":[],"featured_image_urls":{"full":["https:\/\/infotep.com.ar\/wp-content\/uploads\/2023\/05\/vacaciones-de-invierno-2023.jpg",700,463,false],"thumbnail":["https:\/\/infotep.com.ar\/wp-content\/uploads\/2023\/05\/vacaciones-de-invierno-2023-150x150.jpg",150,150,true],"medium":["https:\/\/infotep.com.ar\/wp-content\/uploads\/2023\/05\/vacaciones-de-invierno-2023-300x198.jpg",300,198,true],"medium_large":["https:\/\/infotep.com.ar\/wp-content\/uploads\/2023\/05\/vacaciones-de-invierno-2023.jpg",700,463,false],"large":["https:\/\/infotep.com.ar\/wp-content\/uploads\/2023\/05\/vacaciones-de-invierno-2023.jpg",700,463,false],"1536x1536":["https:\/\/infotep.com.ar\/wp-content\/uploads\/2023\/05\/vacaciones-de-invierno-2023.jpg",700,463,false],"2048x2048":["https:\/\/infotep.com.ar\/wp-content\/uploads\/2023\/05\/vacaciones-de-invierno-2023.jpg",700,463,false],"blossom-feminine-slider":["https:\/\/infotep.com.ar\/wp-content\/uploads\/2023\/05\/vacaciones-de-invierno-2023.jpg",700,463,false],"blossom-feminine-featured":["https:\/\/infotep.com.ar\/wp-content\/uploads\/2023\/05\/vacaciones-de-invierno-2023.jpg",700,463,false],"blossom-feminine-with-sidebar":["https:\/\/infotep.com.ar\/wp-content\/uploads\/2023\/05\/vacaciones-de-invierno-2023.jpg",700,463,false],"blossom-feminine-blog":["https:\/\/infotep.com.ar\/wp-content\/uploads\/2023\/05\/vacaciones-de-invierno-2023-435x435.jpg",435,435,true],"blossom-feminine-cat":["https:\/\/infotep.com.ar\/wp-content\/uploads\/2023\/05\/vacaciones-de-invierno-2023-450x300.jpg",450,300,true],"blossom-feminine-related":["https:\/\/infotep.com.ar\/wp-content\/uploads\/2023\/05\/vacaciones-de-invierno-2023-320x200.jpg",320,200,true],"blossom-feminine-schema":["https:\/\/infotep.com.ar\/wp-content\/uploads\/2023\/05\/vacaciones-de-invierno-2023-91x60.jpg",91,60,true],"blossom-mommy-blog-slider-big":["https:\/\/infotep.com.ar\/wp-content\/uploads\/2023\/05\/vacaciones-de-invierno-2023.jpg",700,463,false],"blossom-mommy-blog-slider":["https:\/\/infotep.com.ar\/wp-content\/uploads\/2023\/05\/vacaciones-de-invierno-2023-460x310.jpg",460,310,true],"blossom-mommy-blog-two":["https:\/\/infotep.com.ar\/wp-content\/uploads\/2023\/05\/vacaciones-de-invierno-2023.jpg",700,463,false]},"author_info":{"info":["Angela Tobar"]},"category_info":"<a href=\"https:\/\/infotep.com.ar\/index.php\/category\/nacionales\/\" rel=\"category tag\">Nacionales<\/a>","tag_info":"Nacionales","comment_count":"0","_links":{"self":[{"href":"https:\/\/infotep.com.ar\/index.php\/wp-json\/wp\/v2\/posts\/33724"}],"collection":[{"href":"https:\/\/infotep.com.ar\/index.php\/wp-json\/wp\/v2\/posts"}],"about":[{"href":"https:\/\/infotep.com.ar\/index.php\/wp-json\/wp\/v2\/types\/post"}],"author":[{"embeddable":true,"href":"https:\/\/infotep.com.ar\/index.php\/wp-json\/wp\/v2\/users\/5"}],"replies":[{"embeddable":true,"href":"https:\/\/infotep.com.ar\/index.php\/wp-json\/wp\/v2\/comments?post=33724"}],"version-history":[{"count":1,"href":"https:\/\/infotep.com.ar\/index.php\/wp-json\/wp\/v2\/posts\/33724\/revisions"}],"predecessor-version":[{"id":33725,"href":"https:\/\/infotep.com.ar\/index.php\/wp-json\/wp\/v2\/posts\/33724\/revisions\/33725"}],"wp:featuredmedia":[{"embeddable":true,"href":"https:\/\/infotep.com.ar\/index.php\/wp-json\/wp\/v2\/media\/5338"}],"wp:attachment":[{"href":"https:\/\/infotep.com.ar\/index.php\/wp-json\/wp\/v2\/media?parent=33724"}],"wp:term":[{"taxonomy":"category","embeddable":true,"href":"https:\/\/infotep.com.ar\/index.php\/wp-json\/wp\/v2\/categories?post=33724"},{"taxonomy":"post_tag","embeddable":true,"href":"https:\/\/infotep.com.ar\/index.php\/wp-json\/wp\/v2\/tags?post=33724"}],"curies":[{"name":"wp","href":"https:\/\/api.w.org\/{rel}","templated":true}]}}