{"id":33729,"date":"2026-04-27T11:02:35","date_gmt":"2026-04-27T14:02:35","guid":{"rendered":"https:\/\/infotep.com.ar\/?p=33729"},"modified":"2026-04-27T11:02:35","modified_gmt":"2026-04-27T14:02:35","slug":"la-industria-perdio-casi-80-mil-empleos-desde-2023-y-crecen-las-criticas-al-modelo-economico","status":"publish","type":"post","link":"https:\/\/infotep.com.ar\/index.php\/2026\/04\/27\/la-industria-perdio-casi-80-mil-empleos-desde-2023-y-crecen-las-criticas-al-modelo-economico\/","title":{"rendered":"La industria perdi\u00f3 casi 80 mil empleos desde 2023 y crecen las cr\u00edticas al modelo econ\u00f3mico"},"content":{"rendered":"\n<p>El sector industrial argentino perdi\u00f3 cerca de 80 mil puestos de trabajo registrados desde diciembre de 2023, en el inicio de la gesti\u00f3n del presidente Javier Milei, seg\u00fan un informe del Observatorio de Industriales Pymes Argentinos (IPA).<\/p>\n\n\n\n<p>El dato posiciona a la industria como el principal foco de destrucci\u00f3n de empleo formal en el pa\u00eds, en un contexto marcado por pol\u00edticas de ajuste econ\u00f3mico que, seg\u00fan referentes del sector, afectan de manera directa a la producci\u00f3n y al mercado interno.<\/p>\n\n\n\n<p>De acuerdo al relevamiento, se contabilizan 79.672 empleos industriales menos desde el cambio de gobierno. Solo en los primeros meses de 2026, la tendencia se profundiz\u00f3: de los 7.593 puestos de trabajo perdidos en toda la econom\u00eda en comparaci\u00f3n con diciembre de 2025, 7.336 corresponden al sector fabril, lo que representa el 97% del total.<\/p>\n\n\n\n<p>El informe tambi\u00e9n advierte sobre el cierre sostenido de empresas. Desde fines de 2023, casi 3.000 establecimientos industriales dejaron de operar, reduciendo el entramado productivo y afectando tanto el empleo directo como las actividades vinculadas.<\/p>\n\n\n\n<p>El presidente de IPA, Daniel Rosato, sostuvo que el pa\u00eds atraviesa un proceso de transformaci\u00f3n hacia un modelo m\u00e1s primario, con menor peso de la industria en la generaci\u00f3n de empleo. En ese sentido, cuestion\u00f3 que el actual esquema econ\u00f3mico favorece a sectores espec\u00edficos mientras debilita el tejido productivo.<\/p>\n\n\n\n<p>Desde una mirada cr\u00edtica, distintos actores advierten que el ajuste fiscal y la apertura de importaciones generan un \u201cefecto pinza\u201d sobre las f\u00e1bricas locales: por un lado, el aumento de costos en pesos y, por otro, un tipo de cambio que no acompa\u00f1a, encareciendo la producci\u00f3n nacional frente a bienes importados.<\/p>\n\n\n\n<p>A esto se suma la ca\u00edda del consumo interno, que impacta de lleno en la actividad industrial. La retracci\u00f3n de la demanda obliga a muchas empresas a reducir turnos, suspender personal o directamente cerrar sus puertas.<\/p>\n\n\n\n<p>El informe se\u00f1ala que la actividad manufacturera acumula varios meses consecutivos de ca\u00edda, reflejando un escenario recesivo que se profundiza. Para el sector, la combinaci\u00f3n de ajuste, menor consumo y competencia externa configura un panorama cr\u00edtico.<\/p>\n\n\n\n<p>Especialistas y referentes industriales coinciden en que la p\u00e9rdida de empleo en la industria tiene efectos m\u00e1s profundos que en otros sectores, debido a su capacidad de generar valor agregado y dinamizar la econom\u00eda. En ese marco, advierten que el debilitamiento del entramado productivo puede tener consecuencias de largo plazo.<\/p>\n\n\n\n<p>Mientras tanto, crecen los reclamos por pol\u00edticas que promuevan la producci\u00f3n nacional, protejan el empleo y amortig\u00fcen el impacto social de los despidos, en un contexto donde la recuperaci\u00f3n del sector aparece cada vez m\u00e1s incierta.<\/p>\n","protected":false},"excerpt":{"rendered":"<p>El sector industrial argentino perdi&oacute; cerca de 80 mil puestos de trabajo registrados desde diciembre de 2023, en el inicio de la gesti&oacute;n del presidente Javier Milei, seg&uacute;n un informe del Observatorio de Industriales Pymes Argentinos (IPA). El dato posiciona a la industria como el principal foco de destrucci&oacute;n de empleo formal en el pa&iacute;s, &hellip; <\/p>\n","protected":false},"author":5,"featured_media":33730,"comment_status":"closed","ping_status":"closed","sticky":false,"template":"","format":"standard","meta":{"om_disable_all_campaigns":false,"_joinchat":[]},"categories":[3],"tags":[],"featured_image_urls":{"full":["https:\/\/infotep.com.ar\/wp-content\/uploads\/2026\/04\/image-1-1.jpg",1024,579,false],"thumbnail":["https:\/\/infotep.com.ar\/wp-content\/uploads\/2026\/04\/image-1-1-150x150.jpg",150,150,true],"medium":["https:\/\/infotep.com.ar\/wp-content\/uploads\/2026\/04\/image-1-1-300x170.jpg",300,170,true],"medium_large":["https:\/\/infotep.com.ar\/wp-content\/uploads\/2026\/04\/image-1-1-768x434.jpg",768,434,true],"large":["https:\/\/infotep.com.ar\/wp-content\/uploads\/2026\/04\/image-1-1.jpg",1020,577,false],"1536x1536":["https:\/\/infotep.com.ar\/wp-content\/uploads\/2026\/04\/image-1-1.jpg",1024,579,false],"2048x2048":["https:\/\/infotep.com.ar\/wp-content\/uploads\/2026\/04\/image-1-1.jpg",1024,579,false],"blossom-feminine-slider":["https:\/\/infotep.com.ar\/wp-content\/uploads\/2026\/04\/image-1-1.jpg",1024,579,false],"blossom-feminine-featured":["https:\/\/infotep.com.ar\/wp-content\/uploads\/2026\/04\/image-1-1.jpg",1024,579,false],"blossom-feminine-with-sidebar":["https:\/\/infotep.com.ar\/wp-content\/uploads\/2026\/04\/image-1-1-1020x579.jpg",1020,579,true],"blossom-feminine-blog":["https:\/\/infotep.com.ar\/wp-content\/uploads\/2026\/04\/image-1-1-435x435.jpg",435,435,true],"blossom-feminine-cat":["https:\/\/infotep.com.ar\/wp-content\/uploads\/2026\/04\/image-1-1-450x300.jpg",450,300,true],"blossom-feminine-related":["https:\/\/infotep.com.ar\/wp-content\/uploads\/2026\/04\/image-1-1-320x200.jpg",320,200,true],"blossom-feminine-schema":["https:\/\/infotep.com.ar\/wp-content\/uploads\/2026\/04\/image-1-1-106x60.jpg",106,60,true],"blossom-mommy-blog-slider-big":["https:\/\/infotep.com.ar\/wp-content\/uploads\/2026\/04\/image-1-1-920x579.jpg",920,579,true],"blossom-mommy-blog-slider":["https:\/\/infotep.com.ar\/wp-content\/uploads\/2026\/04\/image-1-1-460x310.jpg",460,310,true],"blossom-mommy-blog-two":["https:\/\/infotep.com.ar\/wp-content\/uploads\/2026\/04\/image-1-1-768x480.jpg",768,480,true]},"author_info":{"info":["Angela Tobar"]},"category_info":"<a href=\"https:\/\/infotep.com.ar\/index.php\/category\/nacionales\/\" rel=\"category tag\">Nacionales<\/a>","tag_info":"Nacionales","comment_count":"0","_links":{"self":[{"href":"https:\/\/infotep.com.ar\/index.php\/wp-json\/wp\/v2\/posts\/33729"}],"collection":[{"href":"https:\/\/infotep.com.ar\/index.php\/wp-json\/wp\/v2\/posts"}],"about":[{"href":"https:\/\/infotep.com.ar\/index.php\/wp-json\/wp\/v2\/types\/post"}],"author":[{"embeddable":true,"href":"https:\/\/infotep.com.ar\/index.php\/wp-json\/wp\/v2\/users\/5"}],"replies":[{"embeddable":true,"href":"https:\/\/infotep.com.ar\/index.php\/wp-json\/wp\/v2\/comments?post=33729"}],"version-history":[{"count":1,"href":"https:\/\/infotep.com.ar\/index.php\/wp-json\/wp\/v2\/posts\/33729\/revisions"}],"predecessor-version":[{"id":33731,"href":"https:\/\/infotep.com.ar\/index.php\/wp-json\/wp\/v2\/posts\/33729\/revisions\/33731"}],"wp:featuredmedia":[{"embeddable":true,"href":"https:\/\/infotep.com.ar\/index.php\/wp-json\/wp\/v2\/media\/33730"}],"wp:attachment":[{"href":"https:\/\/infotep.com.ar\/index.php\/wp-json\/wp\/v2\/media?parent=33729"}],"wp:term":[{"taxonomy":"category","embeddable":true,"href":"https:\/\/infotep.com.ar\/index.php\/wp-json\/wp\/v2\/categories?post=33729"},{"taxonomy":"post_tag","embeddable":true,"href":"https:\/\/infotep.com.ar\/index.php\/wp-json\/wp\/v2\/tags?post=33729"}],"curies":[{"name":"wp","href":"https:\/\/api.w.org\/{rel}","templated":true}]}}