{"id":33739,"date":"2026-04-27T11:09:46","date_gmt":"2026-04-27T14:09:46","guid":{"rendered":"https:\/\/infotep.com.ar\/?p=33739"},"modified":"2026-04-27T11:12:36","modified_gmt":"2026-04-27T14:12:36","slug":"mas-politicas-de-genero-diversidad-y-cuidados-en-nuestra-provincia","status":"publish","type":"post","link":"https:\/\/infotep.com.ar\/index.php\/2026\/04\/27\/mas-politicas-de-genero-diversidad-y-cuidados-en-nuestra-provincia\/","title":{"rendered":"Fortalecen las pol\u00edticas de g\u00e9nero, diversidad y cuidados en la Provincia"},"content":{"rendered":"\n<p>Estela D\u00edaz realiz\u00f3 actividades en la Regi\u00f3n Segunda destinadas a consolidar pol\u00edticas p\u00fablicas de igualdad, fortalecer la articulaci\u00f3n territorial y ampliar derechos en cada distrito.<\/p>\n\n\n\n<p><br>La ministra Estela D\u00edaz encabez\u00f3 una agenda de trabajo en municipios de la Regi\u00f3n Segunda, con actividades en San Pedro, Baradero y San Andr\u00e9s de Giles, destinadas a consolidar pol\u00edticas p\u00fablicas de igualdad, fortalecer la articulaci\u00f3n territorial y ampliar derechos en cada distrito.<\/p>\n\n\n\n<p>La jornada comenz\u00f3 en San Pedro con la puesta en marcha de la Red Orgullo, una iniciativa orientada a formar y fortalecer referencias territoriales en diversidad sexual y en la promoci\u00f3n de pol\u00edticas p\u00fablicas inclusivas. La actividad se desarroll\u00f3 junto al intendente Cecilio Salazar y autoridades locales.<\/p>\n\n\n\n<p>\u201cEn un contexto nacional de retroceso, donde se desmantelan pol\u00edticas de g\u00e9nero y diversidad, en la Provincia seguimos sosteniendo y fortaleciendo estas agendas con presencia territorial. Ese es nuestro compromiso: construir un futuro con amor, diversidad y m\u00e1s derechos para nuestra comunidad\u201d, se\u00f1al\u00f3 la ministra tras su paso por la localidad.<\/p>\n\n\n\n<p>Por su parte, el Intendente destac\u00f3: \u201cCon much\u00edsimo esfuerzo y con decisi\u00f3n pol\u00edtica hemos mantenido la subsecretar\u00eda de g\u00e9nero en San Pedro. En Naci\u00f3n cerraron un Ministerio y no solo es cerrar un \u00e1rea: es abandonar a miles de familias, de mujeres e hijos que quedan sin ninguna protecci\u00f3n. Han cerrado todos los programas. Frente a eso, nuestro gobernador y Estela vienen haciendo un trabajo inmenso\u201d.<\/p>\n\n\n\n<p>Luego, en Baradero, la ministra mantuvo una reuni\u00f3n de trabajo con el intendente Esteban Sanzio y firm\u00f3 la adhesi\u00f3n del municipio al programa Municipios por la Igualdad, herramienta provincial destinada a acompa\u00f1ar el dise\u00f1o y ejecuci\u00f3n de proyectos con perspectiva de g\u00e9nero.<\/p>\n\n\n\n<p>Esta adhesi\u00f3n permite dar continuidad a un trabajo articulado que ya se ven\u00eda desarrollando en el territorio a trav\u00e9s del programa Comunidades sin Violencias, que permiti\u00f3 la conformaci\u00f3n de equipos profesionales para el abordaje integral de estas problem\u00e1ticas.<\/p>\n\n\n\n<p>Posteriormente Estela D\u00edaz recorri\u00f3 la Casa de la Mujer, donde funciona un taller textil impulsado en el marco de estos programas, espacio que proyecta ampliar su capacidad productiva para la confecci\u00f3n de ajuares destinados a reci\u00e9n nacidos, acompa\u00f1ando tambi\u00e9n las pol\u00edticas de cuidado y primera infancia.<\/p>\n\n\n\n<p>La Casa brinda m\u00e1s 15 talleres del que participan m\u00e1s de 150 mujeres de la localidad. Tras su paso por el lugar, Estela D\u00edaz expres\u00f3: \u201cGracias por esta ense\u00f1anza. Sabemos que nadie se salva en soledad. Las mujeres sabemos muy bien de qu\u00e9 se trata eso, porque siempre tejemos redes, encuentros y respuestas ante las necesidades\u201d.<\/p>\n\n\n\n<p>M\u00e1s tarde, en la localidad de Cucull\u00fa, partido de San Andr\u00e9s de Giles, se realiz\u00f3 un encuentro en el Espacio de Cuidados \u201cLos \u00danicos Privilegiados son los Ni\u00f1os\u201d, impulsado por la Uni\u00f3n Obrera Ladrillera y la COPRETI. All\u00ed, junto al intendente Miguel Gesualdi, se firm\u00f3 la adhesi\u00f3n local al programa Municipios por la Igualdad y se avanz\u00f3 en el proyecto para la construcci\u00f3n de un Sal\u00f3n de Usos M\u00faltiples destinado a fortalecer este dispositivo comunitario que acompa\u00f1a a m\u00e1s de 100 ni\u00f1as, ni\u00f1os y adolescentes.<\/p>\n\n\n\n<p>El espacio lleva adelante tareas fundamentales para la erradicaci\u00f3n del trabajo infantil mediante apoyo escolar, actividades recreativas, talleres art\u00edsticos y acciones de concientizaci\u00f3n en la comunidad.<\/p>\n\n\n\n<p>La agenda concluy\u00f3 con una reuni\u00f3n institucional en el municipio de San Andr\u00e9s de Giles para continuar articulando acciones conjuntas en materia de g\u00e9nero, diversidad, cuidados y fortalecimiento comunitario.<\/p>\n\n\n\n<p>\u201cContinuamos impulsando una gesti\u00f3n territorial que promueve la igualdad, acompa\u00f1a a los municipios y consolida las pol\u00edticas p\u00fablicas que mejoran la vida de las y los bonaerenses\u201d, concluy\u00f3 Estela D\u00edaz tras su recorrida.<\/p>\n\n\n\n<p>Tambi\u00e9n participaron la directora provincial de Regiones, Silvia Zaballa; la directora de la Regi\u00f3n Segunda, Bibiana Giglio; y la coordinadora del programa Municipios por la Igualdad, Trinidad Tortora.<\/p>\n","protected":false},"excerpt":{"rendered":"<p>Estela D&iacute;az realiz&oacute; actividades en la Regi&oacute;n Segunda destinadas a consolidar pol&iacute;ticas p&uacute;blicas de igualdad, fortalecer la articulaci&oacute;n territorial y ampliar derechos en cada distrito. La ministra Estela D&iacute;az encabez&oacute; una agenda de trabajo en municipios de la Regi&oacute;n Segunda, con actividades en San Pedro, Baradero y San Andr&eacute;s de Giles, destinadas a consolidar pol&iacute;ticas &hellip; <\/p>\n","protected":false},"author":5,"featured_media":33746,"comment_status":"closed","ping_status":"closed","sticky":false,"template":"","format":"standard","meta":{"om_disable_all_campaigns":false,"_joinchat":[]},"categories":[4],"tags":[],"featured_image_urls":{"full":["https:\/\/infotep.com.ar\/wp-content\/uploads\/2026\/04\/region-segunda-web.jpg",700,467,false],"thumbnail":["https:\/\/infotep.com.ar\/wp-content\/uploads\/2026\/04\/region-segunda-web-150x150.jpg",150,150,true],"medium":["https:\/\/infotep.com.ar\/wp-content\/uploads\/2026\/04\/region-segunda-web-300x200.jpg",300,200,true],"medium_large":["https:\/\/infotep.com.ar\/wp-content\/uploads\/2026\/04\/region-segunda-web.jpg",700,467,false],"large":["https:\/\/infotep.com.ar\/wp-content\/uploads\/2026\/04\/region-segunda-web.jpg",700,467,false],"1536x1536":["https:\/\/infotep.com.ar\/wp-content\/uploads\/2026\/04\/region-segunda-web.jpg",700,467,false],"2048x2048":["https:\/\/infotep.com.ar\/wp-content\/uploads\/2026\/04\/region-segunda-web.jpg",700,467,false],"blossom-feminine-slider":["https:\/\/infotep.com.ar\/wp-content\/uploads\/2026\/04\/region-segunda-web.jpg",700,467,false],"blossom-feminine-featured":["https:\/\/infotep.com.ar\/wp-content\/uploads\/2026\/04\/region-segunda-web.jpg",700,467,false],"blossom-feminine-with-sidebar":["https:\/\/infotep.com.ar\/wp-content\/uploads\/2026\/04\/region-segunda-web.jpg",700,467,false],"blossom-feminine-blog":["https:\/\/infotep.com.ar\/wp-content\/uploads\/2026\/04\/region-segunda-web-435x435.jpg",435,435,true],"blossom-feminine-cat":["https:\/\/infotep.com.ar\/wp-content\/uploads\/2026\/04\/region-segunda-web-450x300.jpg",450,300,true],"blossom-feminine-related":["https:\/\/infotep.com.ar\/wp-content\/uploads\/2026\/04\/region-segunda-web-320x200.jpg",320,200,true],"blossom-feminine-schema":["https:\/\/infotep.com.ar\/wp-content\/uploads\/2026\/04\/region-segunda-web-90x60.jpg",90,60,true],"blossom-mommy-blog-slider-big":["https:\/\/infotep.com.ar\/wp-content\/uploads\/2026\/04\/region-segunda-web.jpg",700,467,false],"blossom-mommy-blog-slider":["https:\/\/infotep.com.ar\/wp-content\/uploads\/2026\/04\/region-segunda-web-460x310.jpg",460,310,true],"blossom-mommy-blog-two":["https:\/\/infotep.com.ar\/wp-content\/uploads\/2026\/04\/region-segunda-web.jpg",700,467,false]},"author_info":{"info":["Angela Tobar"]},"category_info":"<a href=\"https:\/\/infotep.com.ar\/index.php\/category\/provinciales\/\" rel=\"category tag\">Provinciales<\/a>","tag_info":"Provinciales","comment_count":"0","_links":{"self":[{"href":"https:\/\/infotep.com.ar\/index.php\/wp-json\/wp\/v2\/posts\/33739"}],"collection":[{"href":"https:\/\/infotep.com.ar\/index.php\/wp-json\/wp\/v2\/posts"}],"about":[{"href":"https:\/\/infotep.com.ar\/index.php\/wp-json\/wp\/v2\/types\/post"}],"author":[{"embeddable":true,"href":"https:\/\/infotep.com.ar\/index.php\/wp-json\/wp\/v2\/users\/5"}],"replies":[{"embeddable":true,"href":"https:\/\/infotep.com.ar\/index.php\/wp-json\/wp\/v2\/comments?post=33739"}],"version-history":[{"count":2,"href":"https:\/\/infotep.com.ar\/index.php\/wp-json\/wp\/v2\/posts\/33739\/revisions"}],"predecessor-version":[{"id":33745,"href":"https:\/\/infotep.com.ar\/index.php\/wp-json\/wp\/v2\/posts\/33739\/revisions\/33745"}],"wp:featuredmedia":[{"embeddable":true,"href":"https:\/\/infotep.com.ar\/index.php\/wp-json\/wp\/v2\/media\/33746"}],"wp:attachment":[{"href":"https:\/\/infotep.com.ar\/index.php\/wp-json\/wp\/v2\/media?parent=33739"}],"wp:term":[{"taxonomy":"category","embeddable":true,"href":"https:\/\/infotep.com.ar\/index.php\/wp-json\/wp\/v2\/categories?post=33739"},{"taxonomy":"post_tag","embeddable":true,"href":"https:\/\/infotep.com.ar\/index.php\/wp-json\/wp\/v2\/tags?post=33739"}],"curies":[{"name":"wp","href":"https:\/\/api.w.org\/{rel}","templated":true}]}}