{"id":33742,"date":"2026-04-27T11:11:06","date_gmt":"2026-04-27T14:11:06","guid":{"rendered":"https:\/\/infotep.com.ar\/?p=33742"},"modified":"2026-04-27T11:11:06","modified_gmt":"2026-04-27T14:11:06","slug":"la-provincia-redisena-la-vigilancia-de-la-mortalidad-materna","status":"publish","type":"post","link":"https:\/\/infotep.com.ar\/index.php\/2026\/04\/27\/la-provincia-redisena-la-vigilancia-de-la-mortalidad-materna\/","title":{"rendered":"La Provincia redise\u00f1a la vigilancia de la mortalidad materna"},"content":{"rendered":"\n<p>Junto a autoridades provinciales y municipales se realiz\u00f3 una jornada con el objetivo de transformar y fortalecer la calidad en la atenci\u00f3n perinatal.<\/p>\n\n\n\n<p>El Ministerio de Salud de la provincia de Buenos Aires llev\u00f3 adelante el taller \u201cHacia un ACR con enfoque inclusivo, interseccional e integral\u201d. El encuentro tuvo como objetivo transformar el modelo de An\u00e1lisis de Causa Ra\u00edz (ACR) para fortalecer la vigilancia y la calidad en la atenci\u00f3n perinatal.<\/p>\n\n\n\n<p>Se realiz\u00f3 una jornada de validaci\u00f3n y planificaci\u00f3n estrat\u00e9gica destinada a redise\u00f1ar el sistema de vigilancia de muertes definidas como maternas. Esta iniciativa forma parte del proyecto internacional \u201cTransformar el sistema de vigilancia de la morbilidad y mortalidad materna a trav\u00e9s de un enfoque inclusivo, integrado e interseccional\u201d, financiado por el Centro Internacional de Investigaci\u00f3n para el Desarrollo de Canad\u00e1 y ejecutado junto a Fundaci\u00f3n Hu\u00e9sped.<\/p>\n\n\n\n<p>El objetivo central del taller fue avanzar en la construcci\u00f3n colectiva de una hoja de ruta para un nuevo ACR que supere el actual enfoque hospitaloc\u00e9ntrico y puramente biom\u00e9dico. El encuentro, de car\u00e1cter deliberativo, reuni\u00f3 a equipos t\u00e9cnicos con el fin de acordar cambios estructurales en el sistema de informaci\u00f3n.<\/p>\n\n\n\n<p>Bajo una premisa de confidencialidad y enfoque no punitivo, los participantes trabajaron sobre los hallazgos del diagn\u00f3stico actual, que evidencian la necesidad de incorporar dimensiones como la salud mental perinatal, las trayectorias de vida de las personas gestantes y el impacto de los factores sociales en el sistema de salud.<\/p>\n\n\n\n<p>Durante la jornada, se organizaron mesas de trabajo para abordar cuatro dimensiones cr\u00edticas y as\u00ed poder trabajar en base a los objetivos propuestos. Los ejes fueron analizar el recorrido perinatal completo en lugar de solo el evento final, identificar factores sociales y estructurales con acciones de mejora verificables, registrar combinaciones de factores que deben disparar respuestas institucionales inmediatas y evaluar la capacidad del sistema de salud para actuar como factor de reparaci\u00f3n y cuidado, integrando la salud mental y el seguimiento en el cuarto trimestre.<\/p>\n\n\n\n<p>Esta actividad se inscribe en los lineamientos del Plan Quinquenal de Salud, que propone integrar los sistemas de informaci\u00f3n existentes en un \u00fanico dispositivo de vigilancia que recoja las voces de las personas usuarias y de los equipos de salud bonaerenses.<\/p>\n\n\n\n<p>El taller cont\u00f3 con la participaci\u00f3n de actores estrat\u00e9gicos de municipios, regiones sanitarias y hospitales, asegurando que las decisiones propuestas cuenten con la viabilidad t\u00e9cnica y pol\u00edtica necesaria para su implementaci\u00f3n.<\/p>\n","protected":false},"excerpt":{"rendered":"<p>Junto a autoridades provinciales y municipales se realiz&oacute; una jornada con el objetivo de transformar y fortalecer la calidad en la atenci&oacute;n perinatal. El Ministerio de Salud de la provincia de Buenos Aires llev&oacute; adelante el taller &ldquo;Hacia un ACR con enfoque inclusivo, interseccional e integral&rdquo;. El encuentro tuvo como objetivo transformar el modelo de &hellip; <\/p>\n","protected":false},"author":5,"featured_media":33743,"comment_status":"closed","ping_status":"closed","sticky":false,"template":"","format":"standard","meta":{"om_disable_all_campaigns":false,"_joinchat":[]},"categories":[4],"tags":[],"featured_image_urls":{"full":["https:\/\/infotep.com.ar\/wp-content\/uploads\/2026\/04\/MM.jpeg",700,466,false],"thumbnail":["https:\/\/infotep.com.ar\/wp-content\/uploads\/2026\/04\/MM-150x150.jpeg",150,150,true],"medium":["https:\/\/infotep.com.ar\/wp-content\/uploads\/2026\/04\/MM-300x200.jpeg",300,200,true],"medium_large":["https:\/\/infotep.com.ar\/wp-content\/uploads\/2026\/04\/MM.jpeg",700,466,false],"large":["https:\/\/infotep.com.ar\/wp-content\/uploads\/2026\/04\/MM.jpeg",700,466,false],"1536x1536":["https:\/\/infotep.com.ar\/wp-content\/uploads\/2026\/04\/MM.jpeg",700,466,false],"2048x2048":["https:\/\/infotep.com.ar\/wp-content\/uploads\/2026\/04\/MM.jpeg",700,466,false],"blossom-feminine-slider":["https:\/\/infotep.com.ar\/wp-content\/uploads\/2026\/04\/MM.jpeg",700,466,false],"blossom-feminine-featured":["https:\/\/infotep.com.ar\/wp-content\/uploads\/2026\/04\/MM.jpeg",700,466,false],"blossom-feminine-with-sidebar":["https:\/\/infotep.com.ar\/wp-content\/uploads\/2026\/04\/MM.jpeg",700,466,false],"blossom-feminine-blog":["https:\/\/infotep.com.ar\/wp-content\/uploads\/2026\/04\/MM-435x435.jpeg",435,435,true],"blossom-feminine-cat":["https:\/\/infotep.com.ar\/wp-content\/uploads\/2026\/04\/MM-450x300.jpeg",450,300,true],"blossom-feminine-related":["https:\/\/infotep.com.ar\/wp-content\/uploads\/2026\/04\/MM-320x200.jpeg",320,200,true],"blossom-feminine-schema":["https:\/\/infotep.com.ar\/wp-content\/uploads\/2026\/04\/MM-90x60.jpeg",90,60,true],"blossom-mommy-blog-slider-big":["https:\/\/infotep.com.ar\/wp-content\/uploads\/2026\/04\/MM.jpeg",700,466,false],"blossom-mommy-blog-slider":["https:\/\/infotep.com.ar\/wp-content\/uploads\/2026\/04\/MM-460x310.jpeg",460,310,true],"blossom-mommy-blog-two":["https:\/\/infotep.com.ar\/wp-content\/uploads\/2026\/04\/MM.jpeg",700,466,false]},"author_info":{"info":["Angela Tobar"]},"category_info":"<a href=\"https:\/\/infotep.com.ar\/index.php\/category\/provinciales\/\" rel=\"category tag\">Provinciales<\/a>","tag_info":"Provinciales","comment_count":"0","_links":{"self":[{"href":"https:\/\/infotep.com.ar\/index.php\/wp-json\/wp\/v2\/posts\/33742"}],"collection":[{"href":"https:\/\/infotep.com.ar\/index.php\/wp-json\/wp\/v2\/posts"}],"about":[{"href":"https:\/\/infotep.com.ar\/index.php\/wp-json\/wp\/v2\/types\/post"}],"author":[{"embeddable":true,"href":"https:\/\/infotep.com.ar\/index.php\/wp-json\/wp\/v2\/users\/5"}],"replies":[{"embeddable":true,"href":"https:\/\/infotep.com.ar\/index.php\/wp-json\/wp\/v2\/comments?post=33742"}],"version-history":[{"count":1,"href":"https:\/\/infotep.com.ar\/index.php\/wp-json\/wp\/v2\/posts\/33742\/revisions"}],"predecessor-version":[{"id":33744,"href":"https:\/\/infotep.com.ar\/index.php\/wp-json\/wp\/v2\/posts\/33742\/revisions\/33744"}],"wp:featuredmedia":[{"embeddable":true,"href":"https:\/\/infotep.com.ar\/index.php\/wp-json\/wp\/v2\/media\/33743"}],"wp:attachment":[{"href":"https:\/\/infotep.com.ar\/index.php\/wp-json\/wp\/v2\/media?parent=33742"}],"wp:term":[{"taxonomy":"category","embeddable":true,"href":"https:\/\/infotep.com.ar\/index.php\/wp-json\/wp\/v2\/categories?post=33742"},{"taxonomy":"post_tag","embeddable":true,"href":"https:\/\/infotep.com.ar\/index.php\/wp-json\/wp\/v2\/tags?post=33742"}],"curies":[{"name":"wp","href":"https:\/\/api.w.org\/{rel}","templated":true}]}}