{"id":33747,"date":"2026-04-27T11:14:07","date_gmt":"2026-04-27T14:14:07","guid":{"rendered":"https:\/\/infotep.com.ar\/?p=33747"},"modified":"2026-04-27T11:14:08","modified_gmt":"2026-04-27T14:14:08","slug":"avanza-el-programa-capacitar-para-emprender-en-municipios-bonaerenses","status":"publish","type":"post","link":"https:\/\/infotep.com.ar\/index.php\/2026\/04\/27\/avanza-el-programa-capacitar-para-emprender-en-municipios-bonaerenses\/","title":{"rendered":"Avanza el programa \u201cCapacitar para Emprender\u201d en municipios bonaerenses"},"content":{"rendered":"\n<p>El Ministerio de Desarrollo de la Comunidad de la provincia de Buenos Aires, encabezado por Andr\u00e9s Larroque, avanza con la implementaci\u00f3n del programa \u201cCapacitar para Emprender\u201d en distintos municipios, con el objetivo de fortalecer unidades productivas y proyectos de la econom\u00eda popular.<\/p>\n\n\n\n<p>La iniciativa, impulsada por la Subsecretar\u00eda de Econom\u00eda Popular, busca brindar herramientas pr\u00e1cticas a emprendedores y trabajadores autogestivos, promoviendo la sostenibilidad y el crecimiento de sus actividades.<\/p>\n\n\n\n<p>En este marco, se firm\u00f3 un convenio con el municipio de Chascom\u00fas, en un acto encabezado por el subsecretario Daniel Men\u00e9ndez junto al intendente Javier Gast\u00f3n. El acuerdo permitir\u00e1 acercar capacitaciones en gesti\u00f3n, costos, comercializaci\u00f3n y herramientas digitales a los emprendedores locales.<\/p>\n\n\n\n<p>El programa contempla encuentros presenciales orientados a mejorar la administraci\u00f3n de los proyectos, la fijaci\u00f3n de precios y las estrategias de venta, con el fin de fortalecer la autonom\u00eda econ\u00f3mica y fomentar la formalizaci\u00f3n de las actividades.<\/p>\n\n\n\n<p>La expansi\u00f3n territorial ya comenz\u00f3 y tendr\u00e1 una de sus primeras jornadas en San Nicol\u00e1s, donde se desarrollar\u00e1 un encuentro de capacitaci\u00f3n en la sede de la Uni\u00f3n Obrera Metal\u00fargica (UOM). En tanto, en Chascom\u00fas los talleres se realizar\u00e1n durante mayo en el Centro Universitario local.<\/p>\n\n\n\n<p>Desde la Subsecretar\u00eda destacaron que el objetivo es extender estas herramientas a toda la provincia, en un contexto donde el trabajo independiente y los emprendimientos se consolidan como una alternativa frente a las dificultades del mercado laboral.<\/p>\n\n\n\n<p>En ese sentido, Men\u00e9ndez remarc\u00f3 la importancia de acercar pol\u00edticas p\u00fablicas que fortalezcan a quienes sostienen la econom\u00eda popular, promoviendo la generaci\u00f3n de empleo y el desarrollo de las econom\u00edas locales.<\/p>\n\n\n\n<p>La iniciativa forma parte de una estrategia m\u00e1s amplia orientada a impulsar la inclusi\u00f3n productiva, acompa\u00f1ar a peque\u00f1os emprendimientos y dinamizar el entramado econ\u00f3mico en los distintos distritos bonaerenses.<\/p>\n","protected":false},"excerpt":{"rendered":"<p>El Ministerio de Desarrollo de la Comunidad de la provincia de Buenos Aires, encabezado por Andr&eacute;s Larroque, avanza con la implementaci&oacute;n del programa &ldquo;Capacitar para Emprender&rdquo; en distintos municipios, con el objetivo de fortalecer unidades productivas y proyectos de la econom&iacute;a popular. La iniciativa, impulsada por la Subsecretar&iacute;a de Econom&iacute;a Popular, busca brindar herramientas pr&aacute;cticas &hellip; <\/p>\n","protected":false},"author":5,"featured_media":33748,"comment_status":"closed","ping_status":"closed","sticky":false,"template":"","format":"standard","meta":{"om_disable_all_campaigns":false,"_joinchat":[]},"categories":[4],"tags":[],"featured_image_urls":{"full":["https:\/\/infotep.com.ar\/wp-content\/uploads\/2026\/04\/1_1.jpeg",700,466,false],"thumbnail":["https:\/\/infotep.com.ar\/wp-content\/uploads\/2026\/04\/1_1-150x150.jpeg",150,150,true],"medium":["https:\/\/infotep.com.ar\/wp-content\/uploads\/2026\/04\/1_1-300x200.jpeg",300,200,true],"medium_large":["https:\/\/infotep.com.ar\/wp-content\/uploads\/2026\/04\/1_1.jpeg",700,466,false],"large":["https:\/\/infotep.com.ar\/wp-content\/uploads\/2026\/04\/1_1.jpeg",700,466,false],"1536x1536":["https:\/\/infotep.com.ar\/wp-content\/uploads\/2026\/04\/1_1.jpeg",700,466,false],"2048x2048":["https:\/\/infotep.com.ar\/wp-content\/uploads\/2026\/04\/1_1.jpeg",700,466,false],"blossom-feminine-slider":["https:\/\/infotep.com.ar\/wp-content\/uploads\/2026\/04\/1_1.jpeg",700,466,false],"blossom-feminine-featured":["https:\/\/infotep.com.ar\/wp-content\/uploads\/2026\/04\/1_1.jpeg",700,466,false],"blossom-feminine-with-sidebar":["https:\/\/infotep.com.ar\/wp-content\/uploads\/2026\/04\/1_1.jpeg",700,466,false],"blossom-feminine-blog":["https:\/\/infotep.com.ar\/wp-content\/uploads\/2026\/04\/1_1-435x435.jpeg",435,435,true],"blossom-feminine-cat":["https:\/\/infotep.com.ar\/wp-content\/uploads\/2026\/04\/1_1-450x300.jpeg",450,300,true],"blossom-feminine-related":["https:\/\/infotep.com.ar\/wp-content\/uploads\/2026\/04\/1_1-320x200.jpeg",320,200,true],"blossom-feminine-schema":["https:\/\/infotep.com.ar\/wp-content\/uploads\/2026\/04\/1_1-90x60.jpeg",90,60,true],"blossom-mommy-blog-slider-big":["https:\/\/infotep.com.ar\/wp-content\/uploads\/2026\/04\/1_1.jpeg",700,466,false],"blossom-mommy-blog-slider":["https:\/\/infotep.com.ar\/wp-content\/uploads\/2026\/04\/1_1-460x310.jpeg",460,310,true],"blossom-mommy-blog-two":["https:\/\/infotep.com.ar\/wp-content\/uploads\/2026\/04\/1_1.jpeg",700,466,false]},"author_info":{"info":["Angela Tobar"]},"category_info":"<a href=\"https:\/\/infotep.com.ar\/index.php\/category\/provinciales\/\" rel=\"category tag\">Provinciales<\/a>","tag_info":"Provinciales","comment_count":"0","_links":{"self":[{"href":"https:\/\/infotep.com.ar\/index.php\/wp-json\/wp\/v2\/posts\/33747"}],"collection":[{"href":"https:\/\/infotep.com.ar\/index.php\/wp-json\/wp\/v2\/posts"}],"about":[{"href":"https:\/\/infotep.com.ar\/index.php\/wp-json\/wp\/v2\/types\/post"}],"author":[{"embeddable":true,"href":"https:\/\/infotep.com.ar\/index.php\/wp-json\/wp\/v2\/users\/5"}],"replies":[{"embeddable":true,"href":"https:\/\/infotep.com.ar\/index.php\/wp-json\/wp\/v2\/comments?post=33747"}],"version-history":[{"count":1,"href":"https:\/\/infotep.com.ar\/index.php\/wp-json\/wp\/v2\/posts\/33747\/revisions"}],"predecessor-version":[{"id":33749,"href":"https:\/\/infotep.com.ar\/index.php\/wp-json\/wp\/v2\/posts\/33747\/revisions\/33749"}],"wp:featuredmedia":[{"embeddable":true,"href":"https:\/\/infotep.com.ar\/index.php\/wp-json\/wp\/v2\/media\/33748"}],"wp:attachment":[{"href":"https:\/\/infotep.com.ar\/index.php\/wp-json\/wp\/v2\/media?parent=33747"}],"wp:term":[{"taxonomy":"category","embeddable":true,"href":"https:\/\/infotep.com.ar\/index.php\/wp-json\/wp\/v2\/categories?post=33747"},{"taxonomy":"post_tag","embeddable":true,"href":"https:\/\/infotep.com.ar\/index.php\/wp-json\/wp\/v2\/tags?post=33747"}],"curies":[{"name":"wp","href":"https:\/\/api.w.org\/{rel}","templated":true}]}}