{"id":33750,"date":"2026-04-27T11:21:30","date_gmt":"2026-04-27T14:21:30","guid":{"rendered":"https:\/\/infotep.com.ar\/?p=33750"},"modified":"2026-04-27T11:21:31","modified_gmt":"2026-04-27T14:21:31","slug":"el-sistema-de-salud-de-moreno-recibio-un-premio-por-su-enfoque-comunitario","status":"publish","type":"post","link":"https:\/\/infotep.com.ar\/index.php\/2026\/04\/27\/el-sistema-de-salud-de-moreno-recibio-un-premio-por-su-enfoque-comunitario\/","title":{"rendered":"El sistema de salud de Moreno recibi\u00f3 un premio por su enfoque comunitario"},"content":{"rendered":"\n<p>La Secretar\u00eda de Salud del municipio de Moreno fue distinguida con el Premio \u201cKita Gorban\u201d a la Promoci\u00f3n de la Salud 2026, un reconocimiento otorgado en el marco del Congreso de Salud de la Provincia de Buenos Aires (CoSaPro) por su trabajo territorial y comunitario.<\/p>\n\n\n\n<p>El galard\u00f3n fue recibido por la intendenta Mariel Fern\u00e1ndez junto al secretario de Salud, Juan Varani, y el equipo del \u00e1rea, durante un acto realizado en el Sal\u00f3n Latinoamericano del municipio.<\/p>\n\n\n\n<p>La distinci\u00f3n pone en valor las pol\u00edticas p\u00fablicas impulsadas a nivel local con foco en el acceso a la salud, la prevenci\u00f3n y el fortalecimiento del sistema sanitario, especialmente en el primer nivel de atenci\u00f3n.<\/p>\n\n\n\n<p>En esta edici\u00f3n del congreso, que se llev\u00f3 a cabo en Mar del Plata, se abordaron ejes clave como la gesti\u00f3n de emergencias m\u00e9dicas, la atenci\u00f3n odontol\u00f3gica y la salud mental, con especial atenci\u00f3n en los consumos problem\u00e1ticos.<\/p>\n\n\n\n<p>En ese contexto, el equipo de Moreno present\u00f3 distintas experiencias desarrolladas en el Centro Odontol\u00f3gico Municipal, la Coordinaci\u00f3n General de Emergencias M\u00e9dicas y las unidades sanitarias del distrito, as\u00ed como programas que articulan el trabajo en el territorio.<\/p>\n\n\n\n<p>El reconocimiento destaca el compromiso de trabajadores y trabajadoras del sistema de salud local, quienes, a trav\u00e9s de su labor cotidiana, contribuyen a la construcci\u00f3n de un modelo centrado en el cuidado colectivo.<\/p>\n\n\n\n<p>Desde el municipio se\u00f1alaron que esta distinci\u00f3n refuerza el camino de fortalecimiento del sistema sanitario, con el objetivo de garantizar una atenci\u00f3n cercana, accesible y de calidad para toda la comunidad.<\/p>\n","protected":false},"excerpt":{"rendered":"<p>La Secretar&iacute;a de Salud del municipio de Moreno fue distinguida con el Premio &ldquo;Kita Gorban&rdquo; a la Promoci&oacute;n de la Salud 2026, un reconocimiento otorgado en el marco del Congreso de Salud de la Provincia de Buenos Aires (CoSaPro) por su trabajo territorial y comunitario. El galard&oacute;n fue recibido por la intendenta Mariel Fern&aacute;ndez junto &hellip; <\/p>\n","protected":false},"author":5,"featured_media":33751,"comment_status":"closed","ping_status":"closed","sticky":false,"template":"","format":"standard","meta":{"om_disable_all_campaigns":false,"_joinchat":[]},"categories":[31,85],"tags":[],"featured_image_urls":{"full":["https:\/\/infotep.com.ar\/wp-content\/uploads\/2026\/04\/moreno-1.jpg",1920,1080,false],"thumbnail":["https:\/\/infotep.com.ar\/wp-content\/uploads\/2026\/04\/moreno-1-150x150.jpg",150,150,true],"medium":["https:\/\/infotep.com.ar\/wp-content\/uploads\/2026\/04\/moreno-1-300x169.jpg",300,169,true],"medium_large":["https:\/\/infotep.com.ar\/wp-content\/uploads\/2026\/04\/moreno-1-768x432.jpg",768,432,true],"large":["https:\/\/infotep.com.ar\/wp-content\/uploads\/2026\/04\/moreno-1-1024x576.jpg",1020,574,true],"1536x1536":["https:\/\/infotep.com.ar\/wp-content\/uploads\/2026\/04\/moreno-1-1536x864.jpg",1536,864,true],"2048x2048":["https:\/\/infotep.com.ar\/wp-content\/uploads\/2026\/04\/moreno-1.jpg",1920,1080,false],"blossom-feminine-slider":["https:\/\/infotep.com.ar\/wp-content\/uploads\/2026\/04\/moreno-1-1920x649.jpg",1920,649,true],"blossom-feminine-featured":["https:\/\/infotep.com.ar\/wp-content\/uploads\/2026\/04\/moreno-1-1410x600.jpg",1410,600,true],"blossom-feminine-with-sidebar":["https:\/\/infotep.com.ar\/wp-content\/uploads\/2026\/04\/moreno-1-1020x600.jpg",1020,600,true],"blossom-feminine-blog":["https:\/\/infotep.com.ar\/wp-content\/uploads\/2026\/04\/moreno-1-435x435.jpg",435,435,true],"blossom-feminine-cat":["https:\/\/infotep.com.ar\/wp-content\/uploads\/2026\/04\/moreno-1-450x300.jpg",450,300,true],"blossom-feminine-related":["https:\/\/infotep.com.ar\/wp-content\/uploads\/2026\/04\/moreno-1-320x200.jpg",320,200,true],"blossom-feminine-schema":["https:\/\/infotep.com.ar\/wp-content\/uploads\/2026\/04\/moreno-1-107x60.jpg",107,60,true],"blossom-mommy-blog-slider-big":["https:\/\/infotep.com.ar\/wp-content\/uploads\/2026\/04\/moreno-1-920x650.jpg",920,650,true],"blossom-mommy-blog-slider":["https:\/\/infotep.com.ar\/wp-content\/uploads\/2026\/04\/moreno-1-460x310.jpg",460,310,true],"blossom-mommy-blog-two":["https:\/\/infotep.com.ar\/wp-content\/uploads\/2026\/04\/moreno-1-768x480.jpg",768,480,true]},"author_info":{"info":["Angela Tobar"]},"category_info":"<a href=\"https:\/\/infotep.com.ar\/index.php\/category\/destacadas\/\" rel=\"category tag\">Destacadas<\/a> <a href=\"https:\/\/infotep.com.ar\/index.php\/category\/municipales\/moreno\/\" rel=\"category tag\">Moreno<\/a>","tag_info":"Moreno","comment_count":"0","_links":{"self":[{"href":"https:\/\/infotep.com.ar\/index.php\/wp-json\/wp\/v2\/posts\/33750"}],"collection":[{"href":"https:\/\/infotep.com.ar\/index.php\/wp-json\/wp\/v2\/posts"}],"about":[{"href":"https:\/\/infotep.com.ar\/index.php\/wp-json\/wp\/v2\/types\/post"}],"author":[{"embeddable":true,"href":"https:\/\/infotep.com.ar\/index.php\/wp-json\/wp\/v2\/users\/5"}],"replies":[{"embeddable":true,"href":"https:\/\/infotep.com.ar\/index.php\/wp-json\/wp\/v2\/comments?post=33750"}],"version-history":[{"count":1,"href":"https:\/\/infotep.com.ar\/index.php\/wp-json\/wp\/v2\/posts\/33750\/revisions"}],"predecessor-version":[{"id":33752,"href":"https:\/\/infotep.com.ar\/index.php\/wp-json\/wp\/v2\/posts\/33750\/revisions\/33752"}],"wp:featuredmedia":[{"embeddable":true,"href":"https:\/\/infotep.com.ar\/index.php\/wp-json\/wp\/v2\/media\/33751"}],"wp:attachment":[{"href":"https:\/\/infotep.com.ar\/index.php\/wp-json\/wp\/v2\/media?parent=33750"}],"wp:term":[{"taxonomy":"category","embeddable":true,"href":"https:\/\/infotep.com.ar\/index.php\/wp-json\/wp\/v2\/categories?post=33750"},{"taxonomy":"post_tag","embeddable":true,"href":"https:\/\/infotep.com.ar\/index.php\/wp-json\/wp\/v2\/tags?post=33750"}],"curies":[{"name":"wp","href":"https:\/\/api.w.org\/{rel}","templated":true}]}}