{"id":33756,"date":"2026-04-27T11:34:14","date_gmt":"2026-04-27T14:34:14","guid":{"rendered":"https:\/\/infotep.com.ar\/?p=33756"},"modified":"2026-04-27T11:34:15","modified_gmt":"2026-04-27T14:34:15","slug":"gonzalez-catan-sera-sede-de-una-nueva-jornada-del-ciclo-en-clave-de-genero","status":"publish","type":"post","link":"https:\/\/infotep.com.ar\/index.php\/2026\/04\/27\/gonzalez-catan-sera-sede-de-una-nueva-jornada-del-ciclo-en-clave-de-genero\/","title":{"rendered":"Gonz\u00e1lez Cat\u00e1n ser\u00e1 sede de una nueva jornada del ciclo \u201cEn Clave de G\u00e9nero\u201d"},"content":{"rendered":"\n<p>El ciclo cultural \u201cEn Clave de G\u00e9nero\u201d vuelve a realizarse con nuevas proyecciones gratuitas en la localidad de Gonz\u00e1lez Cat\u00e1n, como parte de una propuesta impulsada por el gobierno local a trav\u00e9s de la Secretar\u00eda de Mujeres, Pol\u00edticas de G\u00e9nero y Diversidades.<\/p>\n\n\n\n<p><strong>La actividad tendr\u00e1 lugar el martes 28 de abril a las 14 horas en el Centro Joven Alegr\u00eda, ubicado en la calle Atenzo 6963, y ser\u00e1 abierta a toda la comunidad, sin necesidad de inscripci\u00f3n previa y sin suspensi\u00f3n por lluvia.<\/strong><\/p>\n\n\n\n<p>En esta edici\u00f3n se proyectar\u00e1n dos producciones audiovisuales: el documental Ilse Fuskova, dirigido por Liliana Furi\u00f3 y Lucas Santa Ana, y el cortometraje Chike, de Luc\u00eda Ravanelli. Ambas piezas abordan tem\u00e1ticas vinculadas a la identidad, los v\u00ednculos y los procesos de transformaci\u00f3n personal.<\/p>\n\n\n\n<p>Ilse Fuskova recupera la historia de una mujer que, tras tres d\u00e9cadas de matrimonio heterosexual, decide asumirse lesbiana en la d\u00e9cada del \u201990, convirti\u00e9ndose en una figura pionera en la visibilizaci\u00f3n de nuevas identidades y formas de vida. Por su parte, Chike narra el encuentro entre dos adolescentes en un momento de cambios emocionales y construcci\u00f3n de su identidad.<\/p>\n\n\n\n<p>Al finalizar las proyecciones, se abrir\u00e1 un espacio de intercambio con el p\u00fablico, que contar\u00e1 con la participaci\u00f3n de las realizadoras, promoviendo el debate y la reflexi\u00f3n colectiva.<\/p>\n\n\n\n<p>El ciclo \u201cEn Clave de G\u00e9nero\u201d es impulsado por el \u00e1rea de G\u00e9nero y Cultura del municipio, en articulaci\u00f3n con el programa Proyectando Feminismos del Ministerio de Mujeres y Diversidad de la provincia de Buenos Aires. La iniciativa busca promover la igualdad, cuestionar estereotipos y fomentar la reflexi\u00f3n a trav\u00e9s del arte y la cultura.<\/p>\n","protected":false},"excerpt":{"rendered":"<p>El ciclo cultural &ldquo;En Clave de G&eacute;nero&rdquo; vuelve a realizarse con nuevas proyecciones gratuitas en la localidad de Gonz&aacute;lez Cat&aacute;n, como parte de una propuesta impulsada por el gobierno local a trav&eacute;s de la Secretar&iacute;a de Mujeres, Pol&iacute;ticas de G&eacute;nero y Diversidades. La actividad tendr&aacute; lugar el martes 28 de abril a las 14 horas &hellip; <\/p>\n","protected":false},"author":5,"featured_media":33757,"comment_status":"closed","ping_status":"closed","sticky":false,"template":"","format":"standard","meta":{"om_disable_all_campaigns":false,"_joinchat":[]},"categories":[26],"tags":[],"featured_image_urls":{"full":["https:\/\/infotep.com.ar\/wp-content\/uploads\/2026\/04\/Liliana-Furio-con-Ilse-Fuskova.jpeg",1223,815,false],"thumbnail":["https:\/\/infotep.com.ar\/wp-content\/uploads\/2026\/04\/Liliana-Furio-con-Ilse-Fuskova-150x150.jpeg",150,150,true],"medium":["https:\/\/infotep.com.ar\/wp-content\/uploads\/2026\/04\/Liliana-Furio-con-Ilse-Fuskova-300x200.jpeg",300,200,true],"medium_large":["https:\/\/infotep.com.ar\/wp-content\/uploads\/2026\/04\/Liliana-Furio-con-Ilse-Fuskova-768x512.jpeg",768,512,true],"large":["https:\/\/infotep.com.ar\/wp-content\/uploads\/2026\/04\/Liliana-Furio-con-Ilse-Fuskova-1024x682.jpeg",1020,679,true],"1536x1536":["https:\/\/infotep.com.ar\/wp-content\/uploads\/2026\/04\/Liliana-Furio-con-Ilse-Fuskova.jpeg",1223,815,false],"2048x2048":["https:\/\/infotep.com.ar\/wp-content\/uploads\/2026\/04\/Liliana-Furio-con-Ilse-Fuskova.jpeg",1223,815,false],"blossom-feminine-slider":["https:\/\/infotep.com.ar\/wp-content\/uploads\/2026\/04\/Liliana-Furio-con-Ilse-Fuskova-1223x649.jpeg",1223,649,true],"blossom-feminine-featured":["https:\/\/infotep.com.ar\/wp-content\/uploads\/2026\/04\/Liliana-Furio-con-Ilse-Fuskova-1223x600.jpeg",1223,600,true],"blossom-feminine-with-sidebar":["https:\/\/infotep.com.ar\/wp-content\/uploads\/2026\/04\/Liliana-Furio-con-Ilse-Fuskova-1020x600.jpeg",1020,600,true],"blossom-feminine-blog":["https:\/\/infotep.com.ar\/wp-content\/uploads\/2026\/04\/Liliana-Furio-con-Ilse-Fuskova-435x435.jpeg",435,435,true],"blossom-feminine-cat":["https:\/\/infotep.com.ar\/wp-content\/uploads\/2026\/04\/Liliana-Furio-con-Ilse-Fuskova-450x300.jpeg",450,300,true],"blossom-feminine-related":["https:\/\/infotep.com.ar\/wp-content\/uploads\/2026\/04\/Liliana-Furio-con-Ilse-Fuskova-320x200.jpeg",320,200,true],"blossom-feminine-schema":["https:\/\/infotep.com.ar\/wp-content\/uploads\/2026\/04\/Liliana-Furio-con-Ilse-Fuskova-90x60.jpeg",90,60,true],"blossom-mommy-blog-slider-big":["https:\/\/infotep.com.ar\/wp-content\/uploads\/2026\/04\/Liliana-Furio-con-Ilse-Fuskova-920x650.jpeg",920,650,true],"blossom-mommy-blog-slider":["https:\/\/infotep.com.ar\/wp-content\/uploads\/2026\/04\/Liliana-Furio-con-Ilse-Fuskova-460x310.jpeg",460,310,true],"blossom-mommy-blog-two":["https:\/\/infotep.com.ar\/wp-content\/uploads\/2026\/04\/Liliana-Furio-con-Ilse-Fuskova-768x480.jpeg",768,480,true]},"author_info":{"info":["Angela Tobar"]},"category_info":"<a href=\"https:\/\/infotep.com.ar\/index.php\/category\/municipales\/la-matanza\/\" rel=\"category tag\">La Matanza<\/a>","tag_info":"La Matanza","comment_count":"0","_links":{"self":[{"href":"https:\/\/infotep.com.ar\/index.php\/wp-json\/wp\/v2\/posts\/33756"}],"collection":[{"href":"https:\/\/infotep.com.ar\/index.php\/wp-json\/wp\/v2\/posts"}],"about":[{"href":"https:\/\/infotep.com.ar\/index.php\/wp-json\/wp\/v2\/types\/post"}],"author":[{"embeddable":true,"href":"https:\/\/infotep.com.ar\/index.php\/wp-json\/wp\/v2\/users\/5"}],"replies":[{"embeddable":true,"href":"https:\/\/infotep.com.ar\/index.php\/wp-json\/wp\/v2\/comments?post=33756"}],"version-history":[{"count":1,"href":"https:\/\/infotep.com.ar\/index.php\/wp-json\/wp\/v2\/posts\/33756\/revisions"}],"predecessor-version":[{"id":33758,"href":"https:\/\/infotep.com.ar\/index.php\/wp-json\/wp\/v2\/posts\/33756\/revisions\/33758"}],"wp:featuredmedia":[{"embeddable":true,"href":"https:\/\/infotep.com.ar\/index.php\/wp-json\/wp\/v2\/media\/33757"}],"wp:attachment":[{"href":"https:\/\/infotep.com.ar\/index.php\/wp-json\/wp\/v2\/media?parent=33756"}],"wp:term":[{"taxonomy":"category","embeddable":true,"href":"https:\/\/infotep.com.ar\/index.php\/wp-json\/wp\/v2\/categories?post=33756"},{"taxonomy":"post_tag","embeddable":true,"href":"https:\/\/infotep.com.ar\/index.php\/wp-json\/wp\/v2\/tags?post=33756"}],"curies":[{"name":"wp","href":"https:\/\/api.w.org\/{rel}","templated":true}]}}