{"id":33761,"date":"2026-04-28T12:13:54","date_gmt":"2026-04-28T15:13:54","guid":{"rendered":"https:\/\/infotep.com.ar\/?p=33761"},"modified":"2026-04-28T12:48:57","modified_gmt":"2026-04-28T15:48:57","slug":"la-confianza-de-los-ciudadanos-en-el-gobierno-retrocedio-por-quinto-mes-consecutivo","status":"publish","type":"post","link":"https:\/\/infotep.com.ar\/index.php\/2026\/04\/28\/la-confianza-de-los-ciudadanos-en-el-gobierno-retrocedio-por-quinto-mes-consecutivo\/","title":{"rendered":"La confianza de los ciudadanos en el Gobierno retrocedi\u00f3 por quinto mes consecutivo"},"content":{"rendered":"\n<p>El \u00cdndice de Confianza en el Gobierno que mide mensualmente la Universidad Torcuato Di Tella muestra una ca\u00edda sostenida desde diciembre de 2025<br><br>La confianza de los ciudadanos en el Gobierno sufri\u00f3 una brusca ca\u00edda en abril, con un descenso del 12,1%, lo que representa el quinto mes consecutivo de baja, seg\u00fan la medici\u00f3n que elabora mensualmente la Escuela de Gobierno de la Universidad Torcuato Di Tella.<\/p>\n\n\n\n<p><strong>El \u00cdndice de Confianza en el Gobierno (ICG), con una escala que va de un m\u00ednimo de 0 a un m\u00e1ximo de cinco, viene marcando mes a mes una ca\u00edda desde diciembre 2025, seg\u00fan el informe de esa misma Universidad.<\/strong><\/p>\n\n\n\n<p>El ICG de abril fue de 2,02 puntos, una marca que muestra una brusca disminuci\u00f3n de 12,1% respecto de marzo, y es un 2,1% menor que el de abril de 2018, durante el gobierno de Mauricio Macri, y 40,9% mayor que el de abril de 2022, durante la gesti\u00f3n de Alberto Fern\u00e1ndez.<\/p>\n\n\n\n<p>La ca\u00edda de la confianza en el Gobierno ya se hab\u00eda expresado en marzo cuando baj\u00f3 -2,30 puntos, un porcentaje que se suma a los retrocesos de febrero -0,6%, enero -2,8%, y diciembre -2,46.<\/p>\n\n\n\n<p>La \u00faltima vez que creci\u00f3 el ICG fue en noviembre 2025, un mes despu\u00e9s del triunfo electoral de La Libertad Avanza, cuando registr\u00f3 2,47 puntos, con un aumento del 17,5% respecto de octubre, aunque como comparaci\u00f3n, el trabajo indica que en ese mes era un 16,8% menor que el de noviembre de 2017, durante el gobierno de Mauricio Macri.<\/p>\n\n\n\n<p>El ICG tiene mide la evoluci\u00f3n de la opini\u00f3n p\u00fablica respecto de la labor que desarrolla el gobierno nacional, y est\u00e1 dise\u00f1ado para captar lo que los ciudadanos piensan, a partir de la estimaci\u00f3n de cinco dimensiones.<\/p>\n\n\n\n<p>Se trata de medir la imagen o evaluaci\u00f3n general del gobierno; la percepci\u00f3n sobre si se gobierna pensando en el bien general o en el de sectores particulares; la eficiencia en la administraci\u00f3n del gasto p\u00fablico; la honestidad de los miembros del Gobierno; y la capacidad para resolver los problemas del pa\u00eds.<\/p>\n","protected":false},"excerpt":{"rendered":"<p>El &Iacute;ndice de Confianza en el Gobierno que mide mensualmente la Universidad Torcuato Di Tella muestra una ca&iacute;da sostenida desde diciembre de 2025 La confianza de los ciudadanos en el Gobierno sufri&oacute; una brusca ca&iacute;da en abril, con un descenso del 12,1%, lo que representa el quinto mes consecutivo de baja, seg&uacute;n la medici&oacute;n que &hellip; <\/p>\n","protected":false},"author":5,"featured_media":18832,"comment_status":"closed","ping_status":"closed","sticky":false,"template":"","format":"standard","meta":{"om_disable_all_campaigns":false,"_joinchat":[]},"categories":[3],"tags":[],"featured_image_urls":{"full":["https:\/\/infotep.com.ar\/wp-content\/uploads\/2024\/12\/milei-cadena-nacional-2024.webp",790,339,false],"thumbnail":["https:\/\/infotep.com.ar\/wp-content\/uploads\/2024\/12\/milei-cadena-nacional-2024-150x150.webp",150,150,true],"medium":["https:\/\/infotep.com.ar\/wp-content\/uploads\/2024\/12\/milei-cadena-nacional-2024-300x129.webp",300,129,true],"medium_large":["https:\/\/infotep.com.ar\/wp-content\/uploads\/2024\/12\/milei-cadena-nacional-2024-768x330.webp",768,330,true],"large":["https:\/\/infotep.com.ar\/wp-content\/uploads\/2024\/12\/milei-cadena-nacional-2024.webp",790,339,false],"1536x1536":["https:\/\/infotep.com.ar\/wp-content\/uploads\/2024\/12\/milei-cadena-nacional-2024.webp",790,339,false],"2048x2048":["https:\/\/infotep.com.ar\/wp-content\/uploads\/2024\/12\/milei-cadena-nacional-2024.webp",790,339,false],"blossom-feminine-slider":["https:\/\/infotep.com.ar\/wp-content\/uploads\/2024\/12\/milei-cadena-nacional-2024.webp",790,339,false],"blossom-feminine-featured":["https:\/\/infotep.com.ar\/wp-content\/uploads\/2024\/12\/milei-cadena-nacional-2024.webp",790,339,false],"blossom-feminine-with-sidebar":["https:\/\/infotep.com.ar\/wp-content\/uploads\/2024\/12\/milei-cadena-nacional-2024.webp",790,339,false],"blossom-feminine-blog":["https:\/\/infotep.com.ar\/wp-content\/uploads\/2024\/12\/milei-cadena-nacional-2024-435x339.webp",435,339,true],"blossom-feminine-cat":["https:\/\/infotep.com.ar\/wp-content\/uploads\/2024\/12\/milei-cadena-nacional-2024-450x300.webp",450,300,true],"blossom-feminine-related":["https:\/\/infotep.com.ar\/wp-content\/uploads\/2024\/12\/milei-cadena-nacional-2024-320x200.webp",320,200,true],"blossom-feminine-schema":["https:\/\/infotep.com.ar\/wp-content\/uploads\/2024\/12\/milei-cadena-nacional-2024-140x60.webp",140,60,true],"blossom-mommy-blog-slider-big":["https:\/\/infotep.com.ar\/wp-content\/uploads\/2024\/12\/milei-cadena-nacional-2024.webp",790,339,false],"blossom-mommy-blog-slider":["https:\/\/infotep.com.ar\/wp-content\/uploads\/2024\/12\/milei-cadena-nacional-2024-460x310.webp",460,310,true],"blossom-mommy-blog-two":["https:\/\/infotep.com.ar\/wp-content\/uploads\/2024\/12\/milei-cadena-nacional-2024-768x339.webp",768,339,true]},"author_info":{"info":["Angela Tobar"]},"category_info":"<a href=\"https:\/\/infotep.com.ar\/index.php\/category\/nacionales\/\" rel=\"category tag\">Nacionales<\/a>","tag_info":"Nacionales","comment_count":"0","_links":{"self":[{"href":"https:\/\/infotep.com.ar\/index.php\/wp-json\/wp\/v2\/posts\/33761"}],"collection":[{"href":"https:\/\/infotep.com.ar\/index.php\/wp-json\/wp\/v2\/posts"}],"about":[{"href":"https:\/\/infotep.com.ar\/index.php\/wp-json\/wp\/v2\/types\/post"}],"author":[{"embeddable":true,"href":"https:\/\/infotep.com.ar\/index.php\/wp-json\/wp\/v2\/users\/5"}],"replies":[{"embeddable":true,"href":"https:\/\/infotep.com.ar\/index.php\/wp-json\/wp\/v2\/comments?post=33761"}],"version-history":[{"count":1,"href":"https:\/\/infotep.com.ar\/index.php\/wp-json\/wp\/v2\/posts\/33761\/revisions"}],"predecessor-version":[{"id":33762,"href":"https:\/\/infotep.com.ar\/index.php\/wp-json\/wp\/v2\/posts\/33761\/revisions\/33762"}],"wp:featuredmedia":[{"embeddable":true,"href":"https:\/\/infotep.com.ar\/index.php\/wp-json\/wp\/v2\/media\/18832"}],"wp:attachment":[{"href":"https:\/\/infotep.com.ar\/index.php\/wp-json\/wp\/v2\/media?parent=33761"}],"wp:term":[{"taxonomy":"category","embeddable":true,"href":"https:\/\/infotep.com.ar\/index.php\/wp-json\/wp\/v2\/categories?post=33761"},{"taxonomy":"post_tag","embeddable":true,"href":"https:\/\/infotep.com.ar\/index.php\/wp-json\/wp\/v2\/tags?post=33761"}],"curies":[{"name":"wp","href":"https:\/\/api.w.org\/{rel}","templated":true}]}}