{"id":33763,"date":"2026-04-28T12:17:14","date_gmt":"2026-04-28T15:17:14","guid":{"rendered":"https:\/\/infotep.com.ar\/?p=33763"},"modified":"2026-04-28T12:17:15","modified_gmt":"2026-04-28T15:17:15","slug":"salud-mental-en-adolescentes-claves-para-detectar-senales-de-riesgo-y-actuar-a-tiempo","status":"publish","type":"post","link":"https:\/\/infotep.com.ar\/index.php\/2026\/04\/28\/salud-mental-en-adolescentes-claves-para-detectar-senales-de-riesgo-y-actuar-a-tiempo\/","title":{"rendered":"Salud mental en adolescentes: claves para detectar se\u00f1ales de riesgo y actuar a tiempo"},"content":{"rendered":"\n<p>Ante situaciones de violencia y malestar emocional, especialistas advierten sobre la importancia de que no se minimicen se\u00f1ales que pueden estar naturalizadas.<br><br>La salud mental de los adolescentes volvi\u00f3 a ocupar en las \u00faltimas semanas un lugar central en la agenda p\u00fablica, tras una serie de hechos que encendieron alertas y, seg\u00fan la Organizaci\u00f3n Mundial de la Salud, 1 de cada 7 personas de entre 10 y 19 a\u00f1os atraviesa alg\u00fan trastorno mental, y la depresi\u00f3n se ubica entre las principales causas.<\/p>\n\n\n\n<p>En 2025, el Ministerio P\u00fablico Tutelar de la Ciudad de Buenos Aires inform\u00f3 que se registra m\u00e1s de una internaci\u00f3n diaria de ni\u00f1os, ni\u00f1as y adolescentes por riesgo suicida, y que en m\u00e1s del 90% de los casos se trata de adolescentes, seg\u00fan un informe.<\/p>\n\n\n\n<p>En el mismo se indic\u00f3 que, desde el Hospital de Cl\u00ednicas se\u00f1alan un incremento cercano al 30% en el \u00faltimo a\u00f1o en las consultas por problemas de salud mental en j\u00f3venes y detallan qu\u00e9 conductas constituyen signos de riesgo y cu\u00e1ndo es necesario consultar con un profesional.<\/p>\n\n\n\n<p>\u201cEstamos asistiendo a un incremento de situaciones de violencia en todas sus dimensiones, que adem\u00e1s tienden a naturalizarse. Adem\u00e1s, estamos atravesando un momento de alta demanda en salud mental\u201d, se\u00f1al\u00f3 la Dra. Silvia Ongini, Psiquiatra Infanto-Juvenil (M.N. 69.218) de la divisi\u00f3n Pediatr\u00eda del citado centro de salud.<\/p>\n\n\n\n<p>En ese sentido, la especialista a\u00f1adi\u00f3: \u201cUno de los errores m\u00e1s frecuentes es no detectar situaciones de riesgo a tiempo: naturalizar conductas o s\u00edntomas, minimizarlos como si fueran \u2018caprichos\u2019 o parte de la edad. Cuando alguien manifiesta un padecimiento, es fundamental intentar comprender qu\u00e9 le est\u00e1 pasando\u201d.<\/p>\n\n\n\n<p><strong>Las se\u00f1ales de alerta<br><\/strong>Respecto de las se\u00f1ales de alerta, Ongini remarca la importancia por parte de los adultos de estar atentos a:<\/p>\n\n\n\n<p>Alteraciones en el rendimiento escolar<br>Alteraciones en el sue\u00f1o<br>Sentimientos de malestar sostenidos en el tiempo como irritabilidad, ansiedad, angustia<br>Aislamiento social permanente<br>Sobreexposici\u00f3n digital<br><br><strong>Cambios de h\u00e1bitos a partir de este comportamiento<br><\/strong>Dificultad para vincularse entre pares<br>Por otra parte, puntualiza en la necesidad de promover al interior de las familias una escucha activa y respetuosa, sin descalificar ni minimizar los padecimientos que manifiestan los j\u00f3venes. Tambi\u00e9n destaca la importancia de fortalecer los v\u00ednculos familiares y generar espacios de encuentro, en un contexto donde muchas veces se pierden momentos de disfrute compartido.<\/p>\n\n\n\n<p>En esa l\u00ednea, desde el hospital trabajan en la generaci\u00f3n de espacios de contenci\u00f3n y acompa\u00f1amiento. \u201cEs fundamental que los adultos puedan compartir tiempo de calidad con sus hijos y habilitar espacios donde los adolescentes puedan expresarse, ser escuchados y sentirse contenidos\u201d, sostiene. \u201cCuando un integrante de la familia est\u00e1 mal, todo el sistema familiar se ve afectado, de modo que es clave poder acompa\u00f1ar y encontrar salidas en conjunto\u201d, agrega.<\/p>\n\n\n\n<p>Por \u00faltimo, Ongini remarca la importancia de consultar cuando se presenten se\u00f1ales de alarma. \u201cNunca es tarde para consultar. Es fundamental perder el miedo a hacerlo y desestigmatizar la salud mental. Pedir ayuda a tiempo puede cambiar trayectorias de vida\u201d, concluye.<\/p>\n","protected":false},"excerpt":{"rendered":"<p>Ante situaciones de violencia y malestar emocional, especialistas advierten sobre la importancia de que no se minimicen se&ntilde;ales que pueden estar naturalizadas. La salud mental de los adolescentes volvi&oacute; a ocupar en las &uacute;ltimas semanas un lugar central en la agenda p&uacute;blica, tras una serie de hechos que encendieron alertas y, seg&uacute;n la Organizaci&oacute;n Mundial &hellip; <\/p>\n","protected":false},"author":5,"featured_media":33764,"comment_status":"closed","ping_status":"closed","sticky":false,"template":"","format":"standard","meta":{"om_disable_all_campaigns":false,"_joinchat":[]},"categories":[31,3],"tags":[],"featured_image_urls":{"full":["https:\/\/infotep.com.ar\/wp-content\/uploads\/2026\/04\/salud-mental-adolescentes-depresion-estres.jpg",299,168,false],"thumbnail":["https:\/\/infotep.com.ar\/wp-content\/uploads\/2026\/04\/salud-mental-adolescentes-depresion-estres-150x150.jpg",150,150,true],"medium":["https:\/\/infotep.com.ar\/wp-content\/uploads\/2026\/04\/salud-mental-adolescentes-depresion-estres.jpg",299,168,false],"medium_large":["https:\/\/infotep.com.ar\/wp-content\/uploads\/2026\/04\/salud-mental-adolescentes-depresion-estres.jpg",299,168,false],"large":["https:\/\/infotep.com.ar\/wp-content\/uploads\/2026\/04\/salud-mental-adolescentes-depresion-estres.jpg",299,168,false],"1536x1536":["https:\/\/infotep.com.ar\/wp-content\/uploads\/2026\/04\/salud-mental-adolescentes-depresion-estres.jpg",299,168,false],"2048x2048":["https:\/\/infotep.com.ar\/wp-content\/uploads\/2026\/04\/salud-mental-adolescentes-depresion-estres.jpg",299,168,false],"blossom-feminine-slider":["https:\/\/infotep.com.ar\/wp-content\/uploads\/2026\/04\/salud-mental-adolescentes-depresion-estres.jpg",299,168,false],"blossom-feminine-featured":["https:\/\/infotep.com.ar\/wp-content\/uploads\/2026\/04\/salud-mental-adolescentes-depresion-estres.jpg",299,168,false],"blossom-feminine-with-sidebar":["https:\/\/infotep.com.ar\/wp-content\/uploads\/2026\/04\/salud-mental-adolescentes-depresion-estres.jpg",299,168,false],"blossom-feminine-blog":["https:\/\/infotep.com.ar\/wp-content\/uploads\/2026\/04\/salud-mental-adolescentes-depresion-estres.jpg",299,168,false],"blossom-feminine-cat":["https:\/\/infotep.com.ar\/wp-content\/uploads\/2026\/04\/salud-mental-adolescentes-depresion-estres.jpg",299,168,false],"blossom-feminine-related":["https:\/\/infotep.com.ar\/wp-content\/uploads\/2026\/04\/salud-mental-adolescentes-depresion-estres.jpg",299,168,false],"blossom-feminine-schema":["https:\/\/infotep.com.ar\/wp-content\/uploads\/2026\/04\/salud-mental-adolescentes-depresion-estres-107x60.jpg",107,60,true],"blossom-mommy-blog-slider-big":["https:\/\/infotep.com.ar\/wp-content\/uploads\/2026\/04\/salud-mental-adolescentes-depresion-estres.jpg",299,168,false],"blossom-mommy-blog-slider":["https:\/\/infotep.com.ar\/wp-content\/uploads\/2026\/04\/salud-mental-adolescentes-depresion-estres.jpg",299,168,false],"blossom-mommy-blog-two":["https:\/\/infotep.com.ar\/wp-content\/uploads\/2026\/04\/salud-mental-adolescentes-depresion-estres.jpg",299,168,false]},"author_info":{"info":["Angela Tobar"]},"category_info":"<a href=\"https:\/\/infotep.com.ar\/index.php\/category\/destacadas\/\" rel=\"category tag\">Destacadas<\/a> <a href=\"https:\/\/infotep.com.ar\/index.php\/category\/nacionales\/\" rel=\"category tag\">Nacionales<\/a>","tag_info":"Nacionales","comment_count":"0","_links":{"self":[{"href":"https:\/\/infotep.com.ar\/index.php\/wp-json\/wp\/v2\/posts\/33763"}],"collection":[{"href":"https:\/\/infotep.com.ar\/index.php\/wp-json\/wp\/v2\/posts"}],"about":[{"href":"https:\/\/infotep.com.ar\/index.php\/wp-json\/wp\/v2\/types\/post"}],"author":[{"embeddable":true,"href":"https:\/\/infotep.com.ar\/index.php\/wp-json\/wp\/v2\/users\/5"}],"replies":[{"embeddable":true,"href":"https:\/\/infotep.com.ar\/index.php\/wp-json\/wp\/v2\/comments?post=33763"}],"version-history":[{"count":1,"href":"https:\/\/infotep.com.ar\/index.php\/wp-json\/wp\/v2\/posts\/33763\/revisions"}],"predecessor-version":[{"id":33765,"href":"https:\/\/infotep.com.ar\/index.php\/wp-json\/wp\/v2\/posts\/33763\/revisions\/33765"}],"wp:featuredmedia":[{"embeddable":true,"href":"https:\/\/infotep.com.ar\/index.php\/wp-json\/wp\/v2\/media\/33764"}],"wp:attachment":[{"href":"https:\/\/infotep.com.ar\/index.php\/wp-json\/wp\/v2\/media?parent=33763"}],"wp:term":[{"taxonomy":"category","embeddable":true,"href":"https:\/\/infotep.com.ar\/index.php\/wp-json\/wp\/v2\/categories?post=33763"},{"taxonomy":"post_tag","embeddable":true,"href":"https:\/\/infotep.com.ar\/index.php\/wp-json\/wp\/v2\/tags?post=33763"}],"curies":[{"name":"wp","href":"https:\/\/api.w.org\/{rel}","templated":true}]}}