{"id":33775,"date":"2026-04-28T12:32:39","date_gmt":"2026-04-28T15:32:39","guid":{"rendered":"https:\/\/infotep.com.ar\/?p=33775"},"modified":"2026-04-28T12:32:40","modified_gmt":"2026-04-28T15:32:40","slug":"bianco-milei-debe-cambiar-el-programa-economico-porque-es-insostenible","status":"publish","type":"post","link":"https:\/\/infotep.com.ar\/index.php\/2026\/04\/28\/bianco-milei-debe-cambiar-el-programa-economico-porque-es-insostenible\/","title":{"rendered":"Bianco: \u201cMilei debe cambiar el programa econ\u00f3mico porque es insostenible\u201d"},"content":{"rendered":"\n<p>El ministro de Gobierno, Carlos Bianco, brind\u00f3 la habitual conferencia de los lunes junto a su par de Desarrollo de la Comunidad, Andr\u00e9s Larroque, y la directora general de Cultura y Educaci\u00f3n, Flavia Terigi.<\/p>\n\n\n\n<p>El ministro de Gobierno bonaerense, Carlos Bianco, sostuvo que \u201c(el presidente Javier) Milei debe cambiar el programa econ\u00f3mico porque es insostenible\u201d. Fue en el marco de la habitual conferencia de prensa de los lunes, que encabez\u00f3 junto a su par de Desarrollo de la Comunidad, Andr\u00e9s Larroque, y la directora general de Cultura y Educaci\u00f3n, Flavia Terigi.<\/p>\n\n\n\n<p>En su repaso de la situaci\u00f3n econ\u00f3mica, productiva y social en Argentina, Bianco se\u00f1al\u00f3 que seg\u00fan datos oficiales en febrero se registr\u00f3 una ca\u00edda del 2,6% de la actividad econ\u00f3mica (2,1% en t\u00e9rminos interanuales), con los dos sectores que m\u00e1s empleo generan (industria manufacturera y comercio) como los principales afectados; asimismo, hubo descensos en el consumo de rubros b\u00e1sicos de la canasta alimentaria como los l\u00e1cteos (-8% en febrero) y la carne vacuna (-10% en marzo), mientras que las ventas minoristas registraron una ca\u00edda del 6,6% interanual en marzo. <\/p>\n\n\n\n<p class=\"has-light-green-cyan-background-color has-background\">Bianco indic\u00f3 que desde el inicio de la presidencia de Milei m\u00e1s de 24.000 empresas cerraron sus puertas y que en el \u00faltimo a\u00f1o las pol\u00edticas econ\u00f3micas del Gobierno nacional llevaron a la destrucci\u00f3n de 124.000 empleos. \u201cNosotros le repetimos desde aqu\u00ed al Presidente lo que varias veces le dijimos: este modelo y estas pol\u00edticas econ\u00f3micas no van m\u00e1s. Los argentinos quieren trabajar y tener una vida digna, pero as\u00ed es imposible\u201d, explic\u00f3 el funcionario.<\/p>\n\n\n\n<p>A continuaci\u00f3n, el ministro de Gobierno expuso una actualizaci\u00f3n de las deudas que el Gobierno nacional mantiene con la Provincia, que incluyen deudas directas, saldos de obras p\u00fablicas abandonadas y discontinuidades o retrasos de programas nacionales. <\/p>\n\n\n\n<p>El monto total por estos rubros asciende a los $16,7 billones. Si a esto se le suman las ca\u00eddas de los recursos de origen nacional que deber\u00edan haber llegado a la provincia y los de origen provincial por la menor recaudaci\u00f3n generada por la crisis econ\u00f3mica, el total del desfinanciamiento que le ha causado el gobierno del presidente Milei a la Provincia llega a los 24,6 billones de pesos, afirm\u00f3 Bianco y sostuvo: \u201cEso es lo que Milei le ha robado a la Provincia de Buenos Aires. Ya nos presentamos con distintas demandas ante la Corte Suprema de Justicia de la Naci\u00f3n, porque el Gobierno nacional no contesta, no se hace cargo y deserta de todas sus obligaciones\u201d. <\/p>\n\n\n\n<p>El detalle de estas deudas, as\u00ed como de las ocho presentaciones que el Gobierno bonaerense lleva realizadas ante la Corte, est\u00e1 disponible en el siguiente enlace:<a href=\"https:\/\/tinyurl.com\/mv46ppxv\" target=\"_blank\" rel=\"noreferrer noopener\"> https:\/\/tinyurl.com\/mv46ppxv<\/a><\/p>\n\n\n\n<p>A su turno, el ministro Larroque destac\u00f3 el fortalecimiento del Servicio Alimentario Escolar (SAE), para el que en 2026 se ha incrementado en m\u00e1s del 30% la inversi\u00f3n. Este programa alcanza a m\u00e1s de dos millones y medio de estudiantes, a quienes garantiza desayuno, almuerzo y merienda. \u201cEl 90 por ciento del presupuesto de nuestro Ministerio est\u00e1 destinado a la pol\u00edtica alimentaria. La inversi\u00f3n anual en materia de compra de alimentos por parte de la Provincia es de 389.692 millones de pesos, mientras que la inversi\u00f3n del ministerio de Capital Humano, en la misma materia y para toda la Argentina, es de s\u00f3lo 91.000 millones de pesos\u201d, destac\u00f3 Larroque.<\/p>\n\n\n\n<p>Adem\u00e1s, el ministro de Desarrollo de la Comunidad mencion\u00f3 la diferencia entre los fondos solicitados al Gobierno nacional y los transferidos. En 2024, el Gobierno nacional transfiri\u00f3 un 32,2% menos de lo solicitado; en 2025, esa diferencia creci\u00f3 a un 40,8%. \u201cHago una apelaci\u00f3n al presidente Milei, que pone tanto esfuerzo en defender a funcionarios comprometidos o complicados, para que ponga el mismo esfuerzo y ah\u00ednco en resolver los problemas de la gente\u201d, sostuvo Larroque.<\/p>\n\n\n\n<p>Por su parte, la directora general de Cultura y Educaci\u00f3n, Flavia Terigi, se refiri\u00f3 a las situaciones de amenazas registradas en escuelas en las \u00faltimas semanas. \u201cHay un clima de banalizaci\u00f3n del da\u00f1o que producen las palabras. Los mensajes de odio repercuten porque est\u00e1n validados desde distintos sectores, y los chicos y las chicas crecen mirando ese escenario. Nosotros dimos, en este sentido, un mensaje muy claro a los y las estudiantes: esto no es una broma, es una conducta grave que vulnera la convivencia dentro de la instituci\u00f3n, que produce un da\u00f1o en los dem\u00e1s y que adem\u00e1s puede ser, como se ha visto, objeto de investigaci\u00f3n judicial\u201d, explic\u00f3 Terigi. <\/p>\n\n\n\n<p>Al respecto, la Direcci\u00f3n General de Cultura y Educaci\u00f3n emiti\u00f3 un comunicado el 17 de abril y un documento con orientaciones para la acci\u00f3n ante emergencias, en un trabajo coordinado con el Ministerio de Seguridad de la Provincia de Buenos Aires.<\/p>\n\n\n\n<p>Entre las principales recomendaciones, Terigi destac\u00f3: \u201cHemos instado a las familias y a los estudiantes a que den intervenci\u00f3n inmediata a los equipos de conducci\u00f3n de las escuelas si se detecta una situaci\u00f3n de este tipo. Hemos instado tambi\u00e9n a que colaboren para no viralizar los contenidos, sobre todo en el caso de las amenazas, porque producen m\u00e1s temor y estimulan la repetici\u00f3n. Y en cuanto a nuestras escuelas, a las que les reconocemos su trabajo en las \u00faltimas dos semanas frente a esta situaci\u00f3n, les corresponde intervenir educativamente: una acci\u00f3n reparatoria o una disculpa p\u00fablica son medidas efectivas, porque apuntan a generar reflexi\u00f3n y cambios en los comportamientos\u201d.<\/p>\n","protected":false},"excerpt":{"rendered":"<p>El ministro de Gobierno, Carlos Bianco, brind&oacute; la habitual conferencia de los lunes junto a su par de Desarrollo de la Comunidad, Andr&eacute;s Larroque, y la directora general de Cultura y Educaci&oacute;n, Flavia Terigi. El ministro de Gobierno bonaerense, Carlos Bianco, sostuvo que &ldquo;(el presidente Javier) Milei debe cambiar el programa econ&oacute;mico porque es insostenible&rdquo;. &hellip; <\/p>\n","protected":false},"author":5,"featured_media":33776,"comment_status":"closed","ping_status":"closed","sticky":false,"template":"","format":"standard","meta":{"om_disable_all_campaigns":false,"_joinchat":[]},"categories":[4],"tags":[],"featured_image_urls":{"full":["https:\/\/infotep.com.ar\/wp-content\/uploads\/2026\/04\/bianco.jpg",743,530,false],"thumbnail":["https:\/\/infotep.com.ar\/wp-content\/uploads\/2026\/04\/bianco-150x150.jpg",150,150,true],"medium":["https:\/\/infotep.com.ar\/wp-content\/uploads\/2026\/04\/bianco-300x214.jpg",300,214,true],"medium_large":["https:\/\/infotep.com.ar\/wp-content\/uploads\/2026\/04\/bianco.jpg",743,530,false],"large":["https:\/\/infotep.com.ar\/wp-content\/uploads\/2026\/04\/bianco.jpg",743,530,false],"1536x1536":["https:\/\/infotep.com.ar\/wp-content\/uploads\/2026\/04\/bianco.jpg",743,530,false],"2048x2048":["https:\/\/infotep.com.ar\/wp-content\/uploads\/2026\/04\/bianco.jpg",743,530,false],"blossom-feminine-slider":["https:\/\/infotep.com.ar\/wp-content\/uploads\/2026\/04\/bianco.jpg",743,530,false],"blossom-feminine-featured":["https:\/\/infotep.com.ar\/wp-content\/uploads\/2026\/04\/bianco.jpg",743,530,false],"blossom-feminine-with-sidebar":["https:\/\/infotep.com.ar\/wp-content\/uploads\/2026\/04\/bianco.jpg",743,530,false],"blossom-feminine-blog":["https:\/\/infotep.com.ar\/wp-content\/uploads\/2026\/04\/bianco-435x435.jpg",435,435,true],"blossom-feminine-cat":["https:\/\/infotep.com.ar\/wp-content\/uploads\/2026\/04\/bianco-450x300.jpg",450,300,true],"blossom-feminine-related":["https:\/\/infotep.com.ar\/wp-content\/uploads\/2026\/04\/bianco-320x200.jpg",320,200,true],"blossom-feminine-schema":["https:\/\/infotep.com.ar\/wp-content\/uploads\/2026\/04\/bianco-84x60.jpg",84,60,true],"blossom-mommy-blog-slider-big":["https:\/\/infotep.com.ar\/wp-content\/uploads\/2026\/04\/bianco.jpg",743,530,false],"blossom-mommy-blog-slider":["https:\/\/infotep.com.ar\/wp-content\/uploads\/2026\/04\/bianco-460x310.jpg",460,310,true],"blossom-mommy-blog-two":["https:\/\/infotep.com.ar\/wp-content\/uploads\/2026\/04\/bianco-743x480.jpg",743,480,true]},"author_info":{"info":["Angela Tobar"]},"category_info":"<a href=\"https:\/\/infotep.com.ar\/index.php\/category\/provinciales\/\" rel=\"category tag\">Provinciales<\/a>","tag_info":"Provinciales","comment_count":"0","_links":{"self":[{"href":"https:\/\/infotep.com.ar\/index.php\/wp-json\/wp\/v2\/posts\/33775"}],"collection":[{"href":"https:\/\/infotep.com.ar\/index.php\/wp-json\/wp\/v2\/posts"}],"about":[{"href":"https:\/\/infotep.com.ar\/index.php\/wp-json\/wp\/v2\/types\/post"}],"author":[{"embeddable":true,"href":"https:\/\/infotep.com.ar\/index.php\/wp-json\/wp\/v2\/users\/5"}],"replies":[{"embeddable":true,"href":"https:\/\/infotep.com.ar\/index.php\/wp-json\/wp\/v2\/comments?post=33775"}],"version-history":[{"count":1,"href":"https:\/\/infotep.com.ar\/index.php\/wp-json\/wp\/v2\/posts\/33775\/revisions"}],"predecessor-version":[{"id":33777,"href":"https:\/\/infotep.com.ar\/index.php\/wp-json\/wp\/v2\/posts\/33775\/revisions\/33777"}],"wp:featuredmedia":[{"embeddable":true,"href":"https:\/\/infotep.com.ar\/index.php\/wp-json\/wp\/v2\/media\/33776"}],"wp:attachment":[{"href":"https:\/\/infotep.com.ar\/index.php\/wp-json\/wp\/v2\/media?parent=33775"}],"wp:term":[{"taxonomy":"category","embeddable":true,"href":"https:\/\/infotep.com.ar\/index.php\/wp-json\/wp\/v2\/categories?post=33775"},{"taxonomy":"post_tag","embeddable":true,"href":"https:\/\/infotep.com.ar\/index.php\/wp-json\/wp\/v2\/tags?post=33775"}],"curies":[{"name":"wp","href":"https:\/\/api.w.org\/{rel}","templated":true}]}}