{"id":33781,"date":"2026-04-28T12:35:41","date_gmt":"2026-04-28T15:35:41","guid":{"rendered":"https:\/\/infotep.com.ar\/?p=33781"},"modified":"2026-04-28T12:35:41","modified_gmt":"2026-04-28T15:35:41","slug":"larroque-en-alimentos-nacion-invierte-un-cuarto-de-lo-que-invierte-provincia","status":"publish","type":"post","link":"https:\/\/infotep.com.ar\/index.php\/2026\/04\/28\/larroque-en-alimentos-nacion-invierte-un-cuarto-de-lo-que-invierte-provincia\/","title":{"rendered":"Larroque: \u201cEn alimentos, Naci\u00f3n invierte un cuarto de lo que invierte Provincia&#8221;"},"content":{"rendered":"\n<p>El ministro contrapuso la pol\u00edtica alimentaria bonaerense con la nacional y brind\u00f3 detalles del aumento dispuesto del 30% en el SAE y 25% en los programas sociales al mismo tiempo que se duplic\u00f3 la asistencia a municipios.<\/p>\n\n\n\n<p>En el marco de la conferencia de prensa de los lunes, el ministro de Desarrollo de la Comunidad de la provincia de Buenos Aires, Andr\u00e9s Larroque, junto al ministro de Gobierno, Carlos Bianco, y la directora general de Cultura y Educaci\u00f3n, Flavia Terigi, brind\u00f3 detalles sobre el paquete de medidas del gobierno bonaerense para fortalecer la pol\u00edtica alimentaria y social en un contexto de ajuste y corrimiento de sus obligaciones del gobierno nacional.<\/p>\n\n\n\n<p>Las decisiones incluyen un aumento del 30% en el Servicio Alimentario Escolar (SAE), un incremento del 25% en los programas sociales y la duplicaci\u00f3n de la asistencia alimentaria a los municipios, con impacto directo en estudiantes, familias en situaci\u00f3n de vulnerabilidad y gobiernos locales de los 135 distritos.<\/p>\n\n\n\n<p>Entre los principales ejes, se destaca el fortalecimiento del SAE, que garantiza desayuno, almuerzo y merienda a m\u00e1s de 2,5 millones de estudiantes y eleva la inversi\u00f3n mensual de $41.000 millones a $54.000 millones, alcanzando una inversi\u00f3n anual de $553.910 millones.<\/p>\n\n\n\n<p>En paralelo, la Provincia dispuso la duplicaci\u00f3n de la asistencia alimentaria a municipios a trav\u00e9s del refuerzo del M\u00f3dulo Alimentario Territorial (MATE), con una inversi\u00f3n adicional de $26.400 millones, destinada a acompa\u00f1ar a familias con dificultades en el acceso a los alimentos.<\/p>\n\n\n\n<p>Durante su exposici\u00f3n, Larroque subray\u00f3 el contraste entre la inversi\u00f3n provincial y la nacional en materia alimentaria: \u201cQuiero marcar ac\u00e1 algo muy sugestivo, que es que la inversi\u00f3n anual en materia de compra alimentos de la provincia de Buenos Aires es de 389.692 millones de pesos, la inversi\u00f3n del Ministerio de Capital Humano, en la misma materia para toda la Argentina, es de 91.000 millones de pesos. Para todo el pa\u00eds, un cuarto de la inversi\u00f3n que hace la Provincia\u201d.<\/p>\n\n\n\n<p>En ese marco, el ministro cuestion\u00f3 el rol del Gobierno nacional en el financiamiento de la pol\u00edtica alimentaria y detall\u00f3 la ca\u00edda de su participaci\u00f3n en el SAE, que pas\u00f3 del 33% hist\u00f3rico al 14,5%, con una deuda acumulada estimada en $220.800 millones.<\/p>\n\n\n\n<p>Asimismo, se anunci\u00f3 un aumento del 25% en los programas sociales orientados a acompa\u00f1ar a distintos sectores de la poblaci\u00f3n, entre ellos ni\u00f1as, ni\u00f1os y adolescentes, j\u00f3venes, personas mayores y personas con discapacidad, con una inversi\u00f3n anual que asciende a $182.123 millones. En ese marco, los 18 programas alcanzados incluyen dispositivos de cuidado y desarrollo infantil, pol\u00edticas de discapacidad y de inclusi\u00f3n para j\u00f3venes, asistencia para personas en situaci\u00f3n de calle, fortalecimiento de centros de d\u00eda y hogares con eje en las personas mayores, as\u00ed como programas alimentarios espec\u00edficos destinados a personas gestantes, en per\u00edodo de lactancia, primera infancia, personas cel\u00edacas y personas que viven con VIH, adem\u00e1s de iniciativas de inclusi\u00f3n sociolaboral y acompa\u00f1amiento comunitario.<\/p>\n\n\n\n<p>Adem\u00e1s, Larroque se refiri\u00f3 al reclamo realizado por la Provincia para acceder a financiamiento: \u201cEl 2 de diciembre de 2024 el Ministro de Hacienda Pablo L\u00f3pez, solicit\u00f3 la posibilidad de contar con financiamiento externo para financiar programas alimentarios, esta nota nunca fue contestada con lo cual la semana pasada hemos reiterado el reclamo para por lo menos, si la Naci\u00f3n no se va a hacer cargo de sus obligaciones que nos permita buscar financiamiento externo en una tem\u00e1tica tan sensible como es la cuesti\u00f3n alimentaria. El 90% del presupuesto de nuestro ministerio lamentablemente est\u00e1 dedicado a la cuesti\u00f3n alimentaria\u201d subray\u00f3.<\/p>\n\n\n\n<p>Por \u00faltimo, Larroque realiz\u00f3 una apelaci\u00f3n directa al presidente de la Naci\u00f3n: \u201cHago una apelaci\u00f3n al presidente que pone tanto esfuerzo en defender a funcionarios comprometidos o complicados, que ponga el mismo esfuerzo y ah\u00ednco en resolver los problemas de la gente, en este caso el alimento de los chicos y las chicas en las escuelas&#8221;.<\/p>\n","protected":false},"excerpt":{"rendered":"<p>El ministro contrapuso la pol&iacute;tica alimentaria bonaerense con la nacional y brind&oacute; detalles del aumento dispuesto del 30% en el SAE y 25% en los programas sociales al mismo tiempo que se duplic&oacute; la asistencia a municipios. En el marco de la conferencia de prensa de los lunes, el ministro de Desarrollo de la Comunidad &hellip; <\/p>\n","protected":false},"author":5,"featured_media":33782,"comment_status":"closed","ping_status":"closed","sticky":false,"template":"","format":"standard","meta":{"om_disable_all_campaigns":false,"_joinchat":[]},"categories":[4],"tags":[],"featured_image_urls":{"full":["https:\/\/infotep.com.ar\/wp-content\/uploads\/2026\/04\/larroque.jpg",700,467,false],"thumbnail":["https:\/\/infotep.com.ar\/wp-content\/uploads\/2026\/04\/larroque-150x150.jpg",150,150,true],"medium":["https:\/\/infotep.com.ar\/wp-content\/uploads\/2026\/04\/larroque-300x200.jpg",300,200,true],"medium_large":["https:\/\/infotep.com.ar\/wp-content\/uploads\/2026\/04\/larroque.jpg",700,467,false],"large":["https:\/\/infotep.com.ar\/wp-content\/uploads\/2026\/04\/larroque.jpg",700,467,false],"1536x1536":["https:\/\/infotep.com.ar\/wp-content\/uploads\/2026\/04\/larroque.jpg",700,467,false],"2048x2048":["https:\/\/infotep.com.ar\/wp-content\/uploads\/2026\/04\/larroque.jpg",700,467,false],"blossom-feminine-slider":["https:\/\/infotep.com.ar\/wp-content\/uploads\/2026\/04\/larroque.jpg",700,467,false],"blossom-feminine-featured":["https:\/\/infotep.com.ar\/wp-content\/uploads\/2026\/04\/larroque.jpg",700,467,false],"blossom-feminine-with-sidebar":["https:\/\/infotep.com.ar\/wp-content\/uploads\/2026\/04\/larroque.jpg",700,467,false],"blossom-feminine-blog":["https:\/\/infotep.com.ar\/wp-content\/uploads\/2026\/04\/larroque-435x435.jpg",435,435,true],"blossom-feminine-cat":["https:\/\/infotep.com.ar\/wp-content\/uploads\/2026\/04\/larroque-450x300.jpg",450,300,true],"blossom-feminine-related":["https:\/\/infotep.com.ar\/wp-content\/uploads\/2026\/04\/larroque-320x200.jpg",320,200,true],"blossom-feminine-schema":["https:\/\/infotep.com.ar\/wp-content\/uploads\/2026\/04\/larroque-90x60.jpg",90,60,true],"blossom-mommy-blog-slider-big":["https:\/\/infotep.com.ar\/wp-content\/uploads\/2026\/04\/larroque.jpg",700,467,false],"blossom-mommy-blog-slider":["https:\/\/infotep.com.ar\/wp-content\/uploads\/2026\/04\/larroque-460x310.jpg",460,310,true],"blossom-mommy-blog-two":["https:\/\/infotep.com.ar\/wp-content\/uploads\/2026\/04\/larroque.jpg",700,467,false]},"author_info":{"info":["Angela Tobar"]},"category_info":"<a href=\"https:\/\/infotep.com.ar\/index.php\/category\/provinciales\/\" rel=\"category tag\">Provinciales<\/a>","tag_info":"Provinciales","comment_count":"0","_links":{"self":[{"href":"https:\/\/infotep.com.ar\/index.php\/wp-json\/wp\/v2\/posts\/33781"}],"collection":[{"href":"https:\/\/infotep.com.ar\/index.php\/wp-json\/wp\/v2\/posts"}],"about":[{"href":"https:\/\/infotep.com.ar\/index.php\/wp-json\/wp\/v2\/types\/post"}],"author":[{"embeddable":true,"href":"https:\/\/infotep.com.ar\/index.php\/wp-json\/wp\/v2\/users\/5"}],"replies":[{"embeddable":true,"href":"https:\/\/infotep.com.ar\/index.php\/wp-json\/wp\/v2\/comments?post=33781"}],"version-history":[{"count":1,"href":"https:\/\/infotep.com.ar\/index.php\/wp-json\/wp\/v2\/posts\/33781\/revisions"}],"predecessor-version":[{"id":33783,"href":"https:\/\/infotep.com.ar\/index.php\/wp-json\/wp\/v2\/posts\/33781\/revisions\/33783"}],"wp:featuredmedia":[{"embeddable":true,"href":"https:\/\/infotep.com.ar\/index.php\/wp-json\/wp\/v2\/media\/33782"}],"wp:attachment":[{"href":"https:\/\/infotep.com.ar\/index.php\/wp-json\/wp\/v2\/media?parent=33781"}],"wp:term":[{"taxonomy":"category","embeddable":true,"href":"https:\/\/infotep.com.ar\/index.php\/wp-json\/wp\/v2\/categories?post=33781"},{"taxonomy":"post_tag","embeddable":true,"href":"https:\/\/infotep.com.ar\/index.php\/wp-json\/wp\/v2\/tags?post=33781"}],"curies":[{"name":"wp","href":"https:\/\/api.w.org\/{rel}","templated":true}]}}