{"id":33784,"date":"2026-04-28T12:39:34","date_gmt":"2026-04-28T15:39:34","guid":{"rendered":"https:\/\/infotep.com.ar\/?p=33784"},"modified":"2026-04-28T12:39:34","modified_gmt":"2026-04-28T15:39:34","slug":"reforma-laboral-kicillof-articula-un-frente-con-gremios-y-provincias","status":"publish","type":"post","link":"https:\/\/infotep.com.ar\/index.php\/2026\/04\/28\/reforma-laboral-kicillof-articula-un-frente-con-gremios-y-provincias\/","title":{"rendered":"Reforma laboral: Kicillof articula un frente con gremios y provincias"},"content":{"rendered":"\n<p>El gobernador de la provincia de Buenos Aires, Axel Kicillof, encabez\u00f3 un encuentro con dirigentes sindicales y autoridades laborales de distintas provincias para analizar el impacto de la reforma laboral y avanzar en una estrategia conjunta para cuestionarla.<\/p>\n\n\n\n<p>La reuni\u00f3n se realiz\u00f3 en la Casa de Gobierno bonaerense junto al ministro de Trabajo, Walter Correa, y se enmarca en la reciente reactivaci\u00f3n judicial de la normativa impulsada por el presidente Javier Milei.<\/p>\n\n\n\n<p><strong>Un frente com\u00fan contra la reforma<\/strong><\/p>\n\n\n\n<p>El encuentro form\u00f3 parte del denominado \u201cEncuentro Federal del Trabajo\u201d, un espacio de articulaci\u00f3n entre provincias que busca coordinar pol\u00edticas laborales y que surgi\u00f3 tras la desarticulaci\u00f3n de \u00e1mbitos federales previos.<\/p>\n\n\n\n<p>Participaron representantes de las principales centrales sindicales, como la Confederaci\u00f3n General del Trabajo (CGT) y las dos CTA, junto a funcionarios de provincias como La Pampa, Tierra del Fuego, Formosa, La Rioja y Santiago del Estero.<\/p>\n\n\n\n<p>Entre los dirigentes presentes estuvieron Hugo Godoy, Hugo Yasky, H\u00e9ctor Daer, Octavio Arg\u00fcello y Roberto Baradel, entre otros.<\/p>\n\n\n\n<p><strong>Cr\u00edticas a la ley y planteo de inconstitucionalidad<\/strong><\/p>\n\n\n\n<p>Durante la jornada, los participantes coincidieron en cuestionar la reforma laboral por considerar que afecta competencias de las provincias en materia de fiscalizaci\u00f3n y control del trabajo.<\/p>\n\n\n\n<p>Kicillof sostuvo que existe \u201cun intento de suprimir facultades provinciales\u201d y calific\u00f3 la iniciativa como \u201cinconstitucional\u201d, al tiempo que asegur\u00f3 que su gesti\u00f3n continuar\u00e1 defendiendo los derechos laborales.<\/p>\n\n\n\n<p>En la misma l\u00ednea, los dirigentes sindicales remarcaron que la norma limita la capacidad de las jurisdicciones para ejercer el poder de polic\u00eda laboral y garantizar el cumplimiento de derechos.<\/p>\n\n\n\n<p><strong>Documento conjunto y estrategia<\/strong><\/p>\n\n\n\n<p>Como resultado del encuentro, se elabor\u00f3 un documento consensuado en el que se identifican al menos 13 puntos cr\u00edticos de la ley. All\u00ed se advierte sobre posibles violaciones a la Constituci\u00f3n Nacional y a las constituciones provinciales.<\/p>\n\n\n\n<p>El texto tambi\u00e9n plantea que la reforma implica una \u201cintromisi\u00f3n\u201d en atribuciones no delegadas por las provincias, especialmente en aspectos vinculados a procedimientos judiciales, fiscalizaci\u00f3n y regulaci\u00f3n del trabajo.<\/p>\n\n\n\n<p>En ese marco, las centrales sindicales y los gobiernos provinciales anticiparon que impulsar\u00e1n acciones coordinadas en los planos pol\u00edtico, judicial y gremial para frenar la aplicaci\u00f3n de la norma.<\/p>\n\n\n\n<p><strong>Federalismo y conflicto pol\u00edtico<\/strong><\/p>\n\n\n\n<p>Los participantes coincidieron en que el eje del conflicto no es solo laboral, sino tambi\u00e9n institucional. Seg\u00fan se\u00f1alaron, est\u00e1 en juego el equilibrio federal y la autonom\u00eda de las provincias.<\/p>\n\n\n\n<p>En ese sentido, se plante\u00f3 la necesidad de fortalecer la articulaci\u00f3n entre jurisdicciones y sindicatos para enfrentar lo que consideran un avance del Gobierno nacional sobre competencias locales.<\/p>\n\n\n\n<p>El encuentro se suma a una serie de gestos pol\u00edticos del gobernador bonaerense en busca de consolidar un bloque federal de oposici\u00f3n a las pol\u00edticas laborales impulsadas por la administraci\u00f3n nacional.<\/p>\n","protected":false},"excerpt":{"rendered":"<p>El gobernador de la provincia de Buenos Aires, Axel Kicillof, encabez&oacute; un encuentro con dirigentes sindicales y autoridades laborales de distintas provincias para analizar el impacto de la reforma laboral y avanzar en una estrategia conjunta para cuestionarla. La reuni&oacute;n se realiz&oacute; en la Casa de Gobierno bonaerense junto al ministro de Trabajo, Walter Correa, &hellip; <\/p>\n","protected":false},"author":5,"featured_media":33785,"comment_status":"closed","ping_status":"closed","sticky":false,"template":"","format":"standard","meta":{"om_disable_all_campaigns":false,"_joinchat":[]},"categories":[7,4],"tags":[],"featured_image_urls":{"full":["https:\/\/infotep.com.ar\/wp-content\/uploads\/2026\/04\/whatsapp-image-2026-04-27-at-203755-1.webp",730,486,false],"thumbnail":["https:\/\/infotep.com.ar\/wp-content\/uploads\/2026\/04\/whatsapp-image-2026-04-27-at-203755-1-150x150.webp",150,150,true],"medium":["https:\/\/infotep.com.ar\/wp-content\/uploads\/2026\/04\/whatsapp-image-2026-04-27-at-203755-1-300x200.webp",300,200,true],"medium_large":["https:\/\/infotep.com.ar\/wp-content\/uploads\/2026\/04\/whatsapp-image-2026-04-27-at-203755-1.webp",730,486,false],"large":["https:\/\/infotep.com.ar\/wp-content\/uploads\/2026\/04\/whatsapp-image-2026-04-27-at-203755-1.webp",730,486,false],"1536x1536":["https:\/\/infotep.com.ar\/wp-content\/uploads\/2026\/04\/whatsapp-image-2026-04-27-at-203755-1.webp",730,486,false],"2048x2048":["https:\/\/infotep.com.ar\/wp-content\/uploads\/2026\/04\/whatsapp-image-2026-04-27-at-203755-1.webp",730,486,false],"blossom-feminine-slider":["https:\/\/infotep.com.ar\/wp-content\/uploads\/2026\/04\/whatsapp-image-2026-04-27-at-203755-1.webp",730,486,false],"blossom-feminine-featured":["https:\/\/infotep.com.ar\/wp-content\/uploads\/2026\/04\/whatsapp-image-2026-04-27-at-203755-1.webp",730,486,false],"blossom-feminine-with-sidebar":["https:\/\/infotep.com.ar\/wp-content\/uploads\/2026\/04\/whatsapp-image-2026-04-27-at-203755-1.webp",730,486,false],"blossom-feminine-blog":["https:\/\/infotep.com.ar\/wp-content\/uploads\/2026\/04\/whatsapp-image-2026-04-27-at-203755-1-435x435.webp",435,435,true],"blossom-feminine-cat":["https:\/\/infotep.com.ar\/wp-content\/uploads\/2026\/04\/whatsapp-image-2026-04-27-at-203755-1-450x300.webp",450,300,true],"blossom-feminine-related":["https:\/\/infotep.com.ar\/wp-content\/uploads\/2026\/04\/whatsapp-image-2026-04-27-at-203755-1-320x200.webp",320,200,true],"blossom-feminine-schema":["https:\/\/infotep.com.ar\/wp-content\/uploads\/2026\/04\/whatsapp-image-2026-04-27-at-203755-1-90x60.webp",90,60,true],"blossom-mommy-blog-slider-big":["https:\/\/infotep.com.ar\/wp-content\/uploads\/2026\/04\/whatsapp-image-2026-04-27-at-203755-1.webp",730,486,false],"blossom-mommy-blog-slider":["https:\/\/infotep.com.ar\/wp-content\/uploads\/2026\/04\/whatsapp-image-2026-04-27-at-203755-1-460x310.webp",460,310,true],"blossom-mommy-blog-two":["https:\/\/infotep.com.ar\/wp-content\/uploads\/2026\/04\/whatsapp-image-2026-04-27-at-203755-1-730x480.webp",730,480,true]},"author_info":{"info":["Angela Tobar"]},"category_info":"<a href=\"https:\/\/infotep.com.ar\/index.php\/category\/gremios\/\" rel=\"category tag\">Gremios<\/a> <a href=\"https:\/\/infotep.com.ar\/index.php\/category\/provinciales\/\" rel=\"category tag\">Provinciales<\/a>","tag_info":"Provinciales","comment_count":"0","_links":{"self":[{"href":"https:\/\/infotep.com.ar\/index.php\/wp-json\/wp\/v2\/posts\/33784"}],"collection":[{"href":"https:\/\/infotep.com.ar\/index.php\/wp-json\/wp\/v2\/posts"}],"about":[{"href":"https:\/\/infotep.com.ar\/index.php\/wp-json\/wp\/v2\/types\/post"}],"author":[{"embeddable":true,"href":"https:\/\/infotep.com.ar\/index.php\/wp-json\/wp\/v2\/users\/5"}],"replies":[{"embeddable":true,"href":"https:\/\/infotep.com.ar\/index.php\/wp-json\/wp\/v2\/comments?post=33784"}],"version-history":[{"count":1,"href":"https:\/\/infotep.com.ar\/index.php\/wp-json\/wp\/v2\/posts\/33784\/revisions"}],"predecessor-version":[{"id":33786,"href":"https:\/\/infotep.com.ar\/index.php\/wp-json\/wp\/v2\/posts\/33784\/revisions\/33786"}],"wp:featuredmedia":[{"embeddable":true,"href":"https:\/\/infotep.com.ar\/index.php\/wp-json\/wp\/v2\/media\/33785"}],"wp:attachment":[{"href":"https:\/\/infotep.com.ar\/index.php\/wp-json\/wp\/v2\/media?parent=33784"}],"wp:term":[{"taxonomy":"category","embeddable":true,"href":"https:\/\/infotep.com.ar\/index.php\/wp-json\/wp\/v2\/categories?post=33784"},{"taxonomy":"post_tag","embeddable":true,"href":"https:\/\/infotep.com.ar\/index.php\/wp-json\/wp\/v2\/tags?post=33784"}],"curies":[{"name":"wp","href":"https:\/\/api.w.org\/{rel}","templated":true}]}}