{"id":33787,"date":"2026-04-28T12:46:21","date_gmt":"2026-04-28T15:46:21","guid":{"rendered":"https:\/\/infotep.com.ar\/?p=33787"},"modified":"2026-04-28T12:47:40","modified_gmt":"2026-04-28T15:47:40","slug":"rechazo-en-moreno-al-ingreso-de-tropas-extranjeras-apuntan-contra-milei","status":"publish","type":"post","link":"https:\/\/infotep.com.ar\/index.php\/2026\/04\/28\/rechazo-en-moreno-al-ingreso-de-tropas-extranjeras-apuntan-contra-milei\/","title":{"rendered":"Rechazo en Moreno al ingreso de tropas de Estados Unidos y alerta por la soberan\u00eda"},"content":{"rendered":"\n<p>La intendenta de Moreno, Mariel Fern\u00e1ndez, encabez\u00f3 un encuentro de trabajo junto a excombatientes de Malvinas, dirigentes pol\u00edticos, sindicatos y organismos de derechos humanos para coordinar acciones en rechazo al ingreso de tropas militares estadounidenses al pa\u00eds.<\/p>\n\n\n\n<p>La preocupaci\u00f3n se centra en los operativos denominados \u201cDaga Atl\u00e1ntica\u201d y \u201cPassex\u201d, autorizados por decreto del presidente Javier Milei, que contemplan actividades en la VII Brigada A\u00e9rea ubicada en el distrito.<\/p>\n\n\n\n<p><strong>Cuestionamientos legales y pol\u00edticos<\/strong><\/p>\n\n\n\n<p>Durante la reuni\u00f3n, los participantes se\u00f1alaron que la medida se adopt\u00f3 sin la intervenci\u00f3n del Congreso, lo que \u2014seg\u00fan remarcaron\u2014 contradice la Constituci\u00f3n Nacional, que establece que el ingreso de fuerzas extranjeras debe contar con autorizaci\u00f3n legislativa.<\/p>\n\n\n\n<p>En ese marco, Fern\u00e1ndez fue cr\u00edtica con la decisi\u00f3n del Ejecutivo y sostuvo que \u201ces un procedimiento contrario a la Constituci\u00f3n\u201d, al tiempo que advirti\u00f3 que la medida \u201cfortalece intereses externos m\u00e1s que capacidades nacionales\u201d.<\/p>\n\n\n\n<p><strong>Preocupaci\u00f3n por la soberan\u00eda y el contexto<\/strong><\/p>\n\n\n\n<p>El encuentro estuvo atravesado por una mirada de fuerte preocupaci\u00f3n sobre el rumbo de la pol\u00edtica de defensa. Los participantes coincidieron en que la autorizaci\u00f3n de estos ejercicios refleja una pol\u00edtica de alineamiento internacional que podr\u00eda afectar la soberan\u00eda argentina.<\/p>\n\n\n\n<p>Adem\u00e1s, se plante\u00f3 que este tipo de decisiones se dan en un contexto m\u00e1s amplio de tensi\u00f3n, marcado por recortes, redefiniciones en el rol del Estado y una creciente conflictividad pol\u00edtica.<\/p>\n\n\n\n<p>En ese sentido, se cuestion\u00f3 lo que calificaron como una pol\u00edtica de \u201csumisi\u00f3n\u201d del Gobierno nacional, al tiempo que se impuls\u00f3 la construcci\u00f3n de una agenda com\u00fan para visibilizar el rechazo y sostener el reclamo en distintos \u00e1mbitos.<\/p>\n\n\n\n<p><strong>Participaci\u00f3n amplia y acciones en marcha<\/strong><\/p>\n\n\n\n<p>Del encuentro participaron integrantes de la Uni\u00f3n de Excombatientes de Islas Malvinas de Moreno, junto a la diputada nacional Agustina Propato, la diputada provincial Noelia Saavedra, autoridades municipales y representantes sindicales.<\/p>\n\n\n\n<p><strong>Como resultado, se avanz\u00f3 en distintas iniciativas institucionales para rechazar el decreto, entre ellas:<\/strong><\/p>\n\n\n\n<p>Proyectos en el Concejo Deliberante de Moreno<br>Presentaciones en la Legislatura bonaerense<br>Un proyecto de resoluci\u00f3n en el Congreso nacional<\/p>\n\n\n\n<p>Adem\u00e1s, se anticip\u00f3 el acompa\u00f1amiento a una presentaci\u00f3n judicial impulsada por excombatientes para declarar la nulidad de la medida.<\/p>\n\n\n\n<p><strong>Fuerzas Armadas y situaci\u00f3n interna<\/strong><\/p>\n\n\n\n<p>Durante la jornada tambi\u00e9n se abord\u00f3 la situaci\u00f3n de las Fuerzas Armadas. Si bien se aclar\u00f3 que no existe rechazo al fortalecimiento y capacitaci\u00f3n militar, se expres\u00f3 preocupaci\u00f3n por las condiciones actuales del sector.<\/p>\n\n\n\n<p>En particular, se se\u00f1al\u00f3 el deterioro salarial y el desfinanciamiento del Instituto de Obra Social de las Fuerzas Armadas y de Seguridad (IOSFA), lo que \u2014seg\u00fan indicaron\u2014 agrava el escenario.<\/p>\n\n\n\n<p><strong>El eje Malvinas<\/strong><\/p>\n\n\n\n<p>Por \u00faltimo, se remarc\u00f3 el rechazo a la realizaci\u00f3n de ejercicios conjuntos con pa\u00edses que no reconocen la soberan\u00eda argentina sobre las Islas Malvinas, un punto especialmente sensible para los excombatientes y organizaciones presentes.<\/p>\n","protected":false},"excerpt":{"rendered":"<p>La intendenta de Moreno, Mariel Fern&aacute;ndez, encabez&oacute; un encuentro de trabajo junto a excombatientes de Malvinas, dirigentes pol&iacute;ticos, sindicatos y organismos de derechos humanos para coordinar acciones en rechazo al ingreso de tropas militares estadounidenses al pa&iacute;s. La preocupaci&oacute;n se centra en los operativos denominados &ldquo;Daga Atl&aacute;ntica&rdquo; y &ldquo;Passex&rdquo;, autorizados por decreto del presidente Javier &hellip; <\/p>\n","protected":false},"author":5,"featured_media":33788,"comment_status":"closed","ping_status":"closed","sticky":false,"template":"","format":"standard","meta":{"om_disable_all_campaigns":false,"_joinchat":[]},"categories":[31,85],"tags":[],"featured_image_urls":{"full":["https:\/\/infotep.com.ar\/wp-content\/uploads\/2026\/04\/Repudio-a-presencia-de-tropas-militares-estadounidenses-en-Moreno-720x445-1.jpg",720,445,false],"thumbnail":["https:\/\/infotep.com.ar\/wp-content\/uploads\/2026\/04\/Repudio-a-presencia-de-tropas-militares-estadounidenses-en-Moreno-720x445-1-150x150.jpg",150,150,true],"medium":["https:\/\/infotep.com.ar\/wp-content\/uploads\/2026\/04\/Repudio-a-presencia-de-tropas-militares-estadounidenses-en-Moreno-720x445-1-300x185.jpg",300,185,true],"medium_large":["https:\/\/infotep.com.ar\/wp-content\/uploads\/2026\/04\/Repudio-a-presencia-de-tropas-militares-estadounidenses-en-Moreno-720x445-1.jpg",720,445,false],"large":["https:\/\/infotep.com.ar\/wp-content\/uploads\/2026\/04\/Repudio-a-presencia-de-tropas-militares-estadounidenses-en-Moreno-720x445-1.jpg",720,445,false],"1536x1536":["https:\/\/infotep.com.ar\/wp-content\/uploads\/2026\/04\/Repudio-a-presencia-de-tropas-militares-estadounidenses-en-Moreno-720x445-1.jpg",720,445,false],"2048x2048":["https:\/\/infotep.com.ar\/wp-content\/uploads\/2026\/04\/Repudio-a-presencia-de-tropas-militares-estadounidenses-en-Moreno-720x445-1.jpg",720,445,false],"blossom-feminine-slider":["https:\/\/infotep.com.ar\/wp-content\/uploads\/2026\/04\/Repudio-a-presencia-de-tropas-militares-estadounidenses-en-Moreno-720x445-1.jpg",720,445,false],"blossom-feminine-featured":["https:\/\/infotep.com.ar\/wp-content\/uploads\/2026\/04\/Repudio-a-presencia-de-tropas-militares-estadounidenses-en-Moreno-720x445-1.jpg",720,445,false],"blossom-feminine-with-sidebar":["https:\/\/infotep.com.ar\/wp-content\/uploads\/2026\/04\/Repudio-a-presencia-de-tropas-militares-estadounidenses-en-Moreno-720x445-1.jpg",720,445,false],"blossom-feminine-blog":["https:\/\/infotep.com.ar\/wp-content\/uploads\/2026\/04\/Repudio-a-presencia-de-tropas-militares-estadounidenses-en-Moreno-720x445-1-435x435.jpg",435,435,true],"blossom-feminine-cat":["https:\/\/infotep.com.ar\/wp-content\/uploads\/2026\/04\/Repudio-a-presencia-de-tropas-militares-estadounidenses-en-Moreno-720x445-1-450x300.jpg",450,300,true],"blossom-feminine-related":["https:\/\/infotep.com.ar\/wp-content\/uploads\/2026\/04\/Repudio-a-presencia-de-tropas-militares-estadounidenses-en-Moreno-720x445-1-320x200.jpg",320,200,true],"blossom-feminine-schema":["https:\/\/infotep.com.ar\/wp-content\/uploads\/2026\/04\/Repudio-a-presencia-de-tropas-militares-estadounidenses-en-Moreno-720x445-1-97x60.jpg",97,60,true],"blossom-mommy-blog-slider-big":["https:\/\/infotep.com.ar\/wp-content\/uploads\/2026\/04\/Repudio-a-presencia-de-tropas-militares-estadounidenses-en-Moreno-720x445-1.jpg",720,445,false],"blossom-mommy-blog-slider":["https:\/\/infotep.com.ar\/wp-content\/uploads\/2026\/04\/Repudio-a-presencia-de-tropas-militares-estadounidenses-en-Moreno-720x445-1-460x310.jpg",460,310,true],"blossom-mommy-blog-two":["https:\/\/infotep.com.ar\/wp-content\/uploads\/2026\/04\/Repudio-a-presencia-de-tropas-militares-estadounidenses-en-Moreno-720x445-1.jpg",720,445,false]},"author_info":{"info":["Angela Tobar"]},"category_info":"<a href=\"https:\/\/infotep.com.ar\/index.php\/category\/destacadas\/\" rel=\"category tag\">Destacadas<\/a> <a href=\"https:\/\/infotep.com.ar\/index.php\/category\/municipales\/moreno\/\" rel=\"category tag\">Moreno<\/a>","tag_info":"Moreno","comment_count":"0","_links":{"self":[{"href":"https:\/\/infotep.com.ar\/index.php\/wp-json\/wp\/v2\/posts\/33787"}],"collection":[{"href":"https:\/\/infotep.com.ar\/index.php\/wp-json\/wp\/v2\/posts"}],"about":[{"href":"https:\/\/infotep.com.ar\/index.php\/wp-json\/wp\/v2\/types\/post"}],"author":[{"embeddable":true,"href":"https:\/\/infotep.com.ar\/index.php\/wp-json\/wp\/v2\/users\/5"}],"replies":[{"embeddable":true,"href":"https:\/\/infotep.com.ar\/index.php\/wp-json\/wp\/v2\/comments?post=33787"}],"version-history":[{"count":2,"href":"https:\/\/infotep.com.ar\/index.php\/wp-json\/wp\/v2\/posts\/33787\/revisions"}],"predecessor-version":[{"id":33790,"href":"https:\/\/infotep.com.ar\/index.php\/wp-json\/wp\/v2\/posts\/33787\/revisions\/33790"}],"wp:featuredmedia":[{"embeddable":true,"href":"https:\/\/infotep.com.ar\/index.php\/wp-json\/wp\/v2\/media\/33788"}],"wp:attachment":[{"href":"https:\/\/infotep.com.ar\/index.php\/wp-json\/wp\/v2\/media?parent=33787"}],"wp:term":[{"taxonomy":"category","embeddable":true,"href":"https:\/\/infotep.com.ar\/index.php\/wp-json\/wp\/v2\/categories?post=33787"},{"taxonomy":"post_tag","embeddable":true,"href":"https:\/\/infotep.com.ar\/index.php\/wp-json\/wp\/v2\/tags?post=33787"}],"curies":[{"name":"wp","href":"https:\/\/api.w.org\/{rel}","templated":true}]}}