{"id":33791,"date":"2026-04-28T12:50:41","date_gmt":"2026-04-28T15:50:41","guid":{"rendered":"https:\/\/infotep.com.ar\/?p=33791"},"modified":"2026-04-28T12:50:42","modified_gmt":"2026-04-28T15:50:42","slug":"sabbatella-tras-el-fallo-por-mansion-sere-hoy-se-completa-el-camino-de-justicia","status":"publish","type":"post","link":"https:\/\/infotep.com.ar\/index.php\/2026\/04\/28\/sabbatella-tras-el-fallo-por-mansion-sere-hoy-se-completa-el-camino-de-justicia\/","title":{"rendered":"Sabbatella tras el fallo por Mansi\u00f3n Ser\u00e9: \u201cHoy se completa el camino de justicia\u201d"},"content":{"rendered":"\n<p>El dirigente de Nuevo Encuentro, Mart\u00edn Sabbatella, particip\u00f3 de la audiencia en la que el Tribunal Oral Federal N\u00b05 de San Mart\u00edn dio a conocer la sentencia en el juicio Mansi\u00f3n Ser\u00e9 IV \u2014 Moreno I \u2014 RIBA II, por cr\u00edmenes de lesa humanidad cometidos durante la \u00faltima dictadura.<\/p>\n\n\n\n<p>Durante el proceso se juzg\u00f3 a cuatro exintegrantes de la Fuerza A\u00e9rea por delitos cometidos contra 133 v\u00edctimas en el circuito clandestino de la Subzona 16, que abarcaba distritos del oeste del conurbano bonaerense.<\/p>\n\n\n\n<p><strong>Condenas y alcance del juicio<\/strong><\/p>\n\n\n\n<p>El tribunal conden\u00f3 a 25 a\u00f1os de prisi\u00f3n a los represores Juan Carlos Herrera, Jos\u00e9 Juan Zyska, Ernesto Rafael Lynch y Julio C\u00e9sar Leston, en el marco de una causa que unific\u00f3 distintos expedientes y comenz\u00f3 en agosto de 2024.<\/p>\n\n\n\n<p>Se trata del cuarto juicio vinculado a los cr\u00edmenes perpetrados en ese circuito represivo, donde la Fuerza A\u00e9rea tuvo un rol central, muchas veces menos visibilizado que el de otras fuerzas.<\/p>\n\n\n\n<p><strong>\u201cCada condena es una victoria de la democracia\u201d<\/strong><\/p>\n\n\n\n<p>Tras la sentencia, Sabbatella remarc\u00f3 la importancia del fallo y lo vincul\u00f3 con d\u00e9cadas de lucha de organismos de derechos humanos.<\/p>\n\n\n\n<p>\u201cReconforta saber que los cr\u00edmenes no quedan impunes y que la memoria sigue activa\u201d, expres\u00f3, y agreg\u00f3 que cada condena representa \u201cuna victoria de la democracia frente a quienes creyeron que pod\u00edan actuar sin rendir cuentas\u201d.<\/p>\n\n\n\n<p>Tambi\u00e9n destac\u00f3 el impacto del fallo en sobrevivientes, familiares y la comunidad: \u201cEs un d\u00eda muy importante para toda la zona oeste\u201d.<\/p>\n\n\n\n<p><strong>El rol de la memoria y Mansi\u00f3n Ser\u00e9<\/strong><\/p>\n\n\n\n<p>Sabbatella tiene una relaci\u00f3n hist\u00f3rica con el sitio, ya que durante su gesti\u00f3n como intendente de Mor\u00f3n se inaugur\u00f3, en el a\u00f1o 2000, el espacio conocido como Casa de la Memoria y la Vida, en el predio donde funcion\u00f3 el centro clandestino Mansi\u00f3n Ser\u00e9.<\/p>\n\n\n\n<p>Ese lugar se convirti\u00f3 en el primer espacio de memoria recuperado en Am\u00e9rica Latina, transformando un sitio de horror en un \u00e1mbito de construcci\u00f3n colectiva.<\/p>\n\n\n\n<p>\u201cDonde antes hubo tortura y muerte, hoy hay vida y comunidad. Eso tambi\u00e9n es justicia\u201d, record\u00f3 el dirigente.<\/p>\n\n\n\n<p><strong>Pruebas clave y trabajo cient\u00edfico<\/strong><\/p>\n\n\n\n<p>El proceso judicial cont\u00f3 con el aporte fundamental del Proyecto Arqueol\u00f3gico y Antropol\u00f3gico Mansi\u00f3n Ser\u00e9, impulsado por el municipio, que permiti\u00f3 reconstruir materialmente el funcionamiento del centro clandestino.<\/p>\n\n\n\n<p>Las excavaciones, iniciadas en 2002, recuperaron estructuras, objetos y evidencias que fueron incorporadas como pruebas en la causa, permitiendo a sobrevivientes identificar espacios de detenci\u00f3n y tortura.<\/p>\n\n\n\n<p><strong>Un proceso que sigue<\/strong><\/p>\n\n\n\n<p><strong>El juicio abarc\u00f3 delitos cometidos en distintos distritos del oeste bonaerense, como Mor\u00f3n, Merlo, Moreno, Ituzaing\u00f3 y Hurlingham, bajo el accionar represivo de la Fuerza A\u00e9rea.<\/strong><\/p>\n\n\n\n<p>En ese marco, Sabbatella sintetiz\u00f3 el sentido del proceso: \u201cNo alcanzaba con recuperar el espacio: hab\u00eda que condenar a los responsables. Eso es lo que se completa hoy\u201d.<\/p>\n","protected":false},"excerpt":{"rendered":"<p>El dirigente de Nuevo Encuentro, Mart&iacute;n Sabbatella, particip&oacute; de la audiencia en la que el Tribunal Oral Federal N&deg;5 de San Mart&iacute;n dio a conocer la sentencia en el juicio Mansi&oacute;n Ser&eacute; IV &mdash; Moreno I &mdash; RIBA II, por cr&iacute;menes de lesa humanidad cometidos durante la &uacute;ltima dictadura. Durante el proceso se juzg&oacute; a &hellip; <\/p>\n","protected":false},"author":5,"featured_media":33792,"comment_status":"closed","ping_status":"closed","sticky":false,"template":"","format":"standard","meta":{"om_disable_all_campaigns":false,"_joinchat":[]},"categories":[9],"tags":[],"featured_image_urls":{"full":["https:\/\/infotep.com.ar\/wp-content\/uploads\/2026\/04\/1_KnXg7Sf0VpOcK0xIG5V7Aw.webp",720,540,false],"thumbnail":["https:\/\/infotep.com.ar\/wp-content\/uploads\/2026\/04\/1_KnXg7Sf0VpOcK0xIG5V7Aw-150x150.webp",150,150,true],"medium":["https:\/\/infotep.com.ar\/wp-content\/uploads\/2026\/04\/1_KnXg7Sf0VpOcK0xIG5V7Aw-300x225.webp",300,225,true],"medium_large":["https:\/\/infotep.com.ar\/wp-content\/uploads\/2026\/04\/1_KnXg7Sf0VpOcK0xIG5V7Aw.webp",720,540,false],"large":["https:\/\/infotep.com.ar\/wp-content\/uploads\/2026\/04\/1_KnXg7Sf0VpOcK0xIG5V7Aw.webp",720,540,false],"1536x1536":["https:\/\/infotep.com.ar\/wp-content\/uploads\/2026\/04\/1_KnXg7Sf0VpOcK0xIG5V7Aw.webp",720,540,false],"2048x2048":["https:\/\/infotep.com.ar\/wp-content\/uploads\/2026\/04\/1_KnXg7Sf0VpOcK0xIG5V7Aw.webp",720,540,false],"blossom-feminine-slider":["https:\/\/infotep.com.ar\/wp-content\/uploads\/2026\/04\/1_KnXg7Sf0VpOcK0xIG5V7Aw.webp",720,540,false],"blossom-feminine-featured":["https:\/\/infotep.com.ar\/wp-content\/uploads\/2026\/04\/1_KnXg7Sf0VpOcK0xIG5V7Aw.webp",720,540,false],"blossom-feminine-with-sidebar":["https:\/\/infotep.com.ar\/wp-content\/uploads\/2026\/04\/1_KnXg7Sf0VpOcK0xIG5V7Aw.webp",720,540,false],"blossom-feminine-blog":["https:\/\/infotep.com.ar\/wp-content\/uploads\/2026\/04\/1_KnXg7Sf0VpOcK0xIG5V7Aw-435x435.webp",435,435,true],"blossom-feminine-cat":["https:\/\/infotep.com.ar\/wp-content\/uploads\/2026\/04\/1_KnXg7Sf0VpOcK0xIG5V7Aw-450x300.webp",450,300,true],"blossom-feminine-related":["https:\/\/infotep.com.ar\/wp-content\/uploads\/2026\/04\/1_KnXg7Sf0VpOcK0xIG5V7Aw-320x200.webp",320,200,true],"blossom-feminine-schema":["https:\/\/infotep.com.ar\/wp-content\/uploads\/2026\/04\/1_KnXg7Sf0VpOcK0xIG5V7Aw-80x60.webp",80,60,true],"blossom-mommy-blog-slider-big":["https:\/\/infotep.com.ar\/wp-content\/uploads\/2026\/04\/1_KnXg7Sf0VpOcK0xIG5V7Aw.webp",720,540,false],"blossom-mommy-blog-slider":["https:\/\/infotep.com.ar\/wp-content\/uploads\/2026\/04\/1_KnXg7Sf0VpOcK0xIG5V7Aw-460x310.webp",460,310,true],"blossom-mommy-blog-two":["https:\/\/infotep.com.ar\/wp-content\/uploads\/2026\/04\/1_KnXg7Sf0VpOcK0xIG5V7Aw-720x480.webp",720,480,true]},"author_info":{"info":["Angela Tobar"]},"category_info":"<a href=\"https:\/\/infotep.com.ar\/index.php\/category\/municipales\/moron\/\" rel=\"category tag\">Mor\u00f3n<\/a>","tag_info":"Mor\u00f3n","comment_count":"0","_links":{"self":[{"href":"https:\/\/infotep.com.ar\/index.php\/wp-json\/wp\/v2\/posts\/33791"}],"collection":[{"href":"https:\/\/infotep.com.ar\/index.php\/wp-json\/wp\/v2\/posts"}],"about":[{"href":"https:\/\/infotep.com.ar\/index.php\/wp-json\/wp\/v2\/types\/post"}],"author":[{"embeddable":true,"href":"https:\/\/infotep.com.ar\/index.php\/wp-json\/wp\/v2\/users\/5"}],"replies":[{"embeddable":true,"href":"https:\/\/infotep.com.ar\/index.php\/wp-json\/wp\/v2\/comments?post=33791"}],"version-history":[{"count":1,"href":"https:\/\/infotep.com.ar\/index.php\/wp-json\/wp\/v2\/posts\/33791\/revisions"}],"predecessor-version":[{"id":33793,"href":"https:\/\/infotep.com.ar\/index.php\/wp-json\/wp\/v2\/posts\/33791\/revisions\/33793"}],"wp:featuredmedia":[{"embeddable":true,"href":"https:\/\/infotep.com.ar\/index.php\/wp-json\/wp\/v2\/media\/33792"}],"wp:attachment":[{"href":"https:\/\/infotep.com.ar\/index.php\/wp-json\/wp\/v2\/media?parent=33791"}],"wp:term":[{"taxonomy":"category","embeddable":true,"href":"https:\/\/infotep.com.ar\/index.php\/wp-json\/wp\/v2\/categories?post=33791"},{"taxonomy":"post_tag","embeddable":true,"href":"https:\/\/infotep.com.ar\/index.php\/wp-json\/wp\/v2\/tags?post=33791"}],"curies":[{"name":"wp","href":"https:\/\/api.w.org\/{rel}","templated":true}]}}