{"id":33794,"date":"2026-04-28T00:50:00","date_gmt":"2026-04-28T03:50:00","guid":{"rendered":"https:\/\/infotep.com.ar\/?p=33794"},"modified":"2026-04-28T12:53:06","modified_gmt":"2026-04-28T15:53:06","slug":"mas-de-11-500-personas-participaron-de-merlo-corre-por-malvinas","status":"publish","type":"post","link":"https:\/\/infotep.com.ar\/index.php\/2026\/04\/28\/mas-de-11-500-personas-participaron-de-merlo-corre-por-malvinas\/","title":{"rendered":"M\u00e1s de 11.500 personas participaron de \u201cMerlo Corre por Malvinas\u201d"},"content":{"rendered":"\n<p>M\u00e1s de 11.500 inscriptos participaron de la 5ta edici\u00f3n de la carrera solidaria \u201cMerlo Corre por Malvinas: la memoria no se borra\u201d, en el Parque de la Unidad Nacional, Libertad.<\/p>\n\n\n\n<p>\u201cCon esta carrera y con numerosas actividades educativas, deportivas y culturales que realizamos desde el Municipio, reafirmamos el compromiso que tenemos con la causa de Malvinas y los Veteranos de la Guerra\u201d, sostuvo el intendente Gustavo Men\u00e9ndez y agreg\u00f3 que \u201ces un \u00e9xito esta gran convocatoria tanto de chicos como adultos\u201d.<\/p>\n\n\n\n<p>La iniciativa, impulsada por la Subsecretar\u00eda de Deportes de Merlo, se realiza desde hace 5 a\u00f1os con el objetivo de homenajear a los h\u00e9roes Malvinas, promoviendo, al mismo tiempo, h\u00e1bitos saludables a trav\u00e9s de la actividad f\u00edsica.<\/p>\n\n\n\n<p>Con distintas modalidades y distancias (10K, 3K y 1K) la carrera permiti\u00f3 que personas de todas las edades pudieran sumarse, ya sea corriendo o caminando, en un recorrido pensado para incluir a toda la comunidad.<\/p>\n\n\n\n<p>Los ganadores de la competencia de 10K fueron Dante Mansilla en la categor\u00eda \u2018Masculino\u2019 y Mariana Borda en \u2018Femenino\u2019.<\/p>\n\n\n\n<p>Todos los inscriptos aportaron alimentos no perecederos que ser\u00e1n entregados a comedores, personas en situaci\u00f3n de vulnerabilidad y merenderos solidarios.<\/p>\n\n\n\n<p>El Subsecretario de Deportes, Mauro Schmahl, destac\u00f3 que \u201cla 5ta edici\u00f3n de la carrera convoc\u00f3 a personas de todo el pa\u00eds y eso nos llena de orgullo porque gracias al deporte logramos malvinizar\u201d.<\/p>\n\n\n\n<p>Como todos los a\u00f1os, se dispusieron puestos de atenci\u00f3n m\u00e9dica, stands de hidrataci\u00f3n y frutas para los corredores, colaboraron equipos de Defensa Civil, Tr\u00e1nsito, Protecci\u00f3n Ciudadana, Bomberos Voluntarios de Merlo y todas las \u00e1reas municipales trabajaron de forma conjunta para garantizar una jornada segura y ordenada.<\/p>\n\n\n\n<p>Adem\u00e1s, este evento fue posible gracias al auspicio y aporte econ\u00f3mico de importantes empresas del distrito, comprometidas con la causa Malvinas y en beneficio de nuestra comunidad.<\/p>\n","protected":false},"excerpt":{"rendered":"<p>M&aacute;s de 11.500 inscriptos participaron de la 5ta edici&oacute;n de la carrera solidaria &ldquo;Merlo Corre por Malvinas: la memoria no se borra&rdquo;, en el Parque de la Unidad Nacional, Libertad. &ldquo;Con esta carrera y con numerosas actividades educativas, deportivas y culturales que realizamos desde el Municipio, reafirmamos el compromiso que tenemos con la causa de &hellip; <\/p>\n","protected":false},"author":5,"featured_media":33795,"comment_status":"closed","ping_status":"closed","sticky":false,"template":"","format":"standard","meta":{"om_disable_all_campaigns":false,"_joinchat":[]},"categories":[10],"tags":[],"featured_image_urls":{"full":["https:\/\/infotep.com.ar\/wp-content\/uploads\/2026\/04\/merlo-corre-por-malvinas-2026-5ta-edicion-1-scaled-1.jpg",2560,1441,false],"thumbnail":["https:\/\/infotep.com.ar\/wp-content\/uploads\/2026\/04\/merlo-corre-por-malvinas-2026-5ta-edicion-1-scaled-1-150x150.jpg",150,150,true],"medium":["https:\/\/infotep.com.ar\/wp-content\/uploads\/2026\/04\/merlo-corre-por-malvinas-2026-5ta-edicion-1-scaled-1-300x169.jpg",300,169,true],"medium_large":["https:\/\/infotep.com.ar\/wp-content\/uploads\/2026\/04\/merlo-corre-por-malvinas-2026-5ta-edicion-1-scaled-1-768x432.jpg",768,432,true],"large":["https:\/\/infotep.com.ar\/wp-content\/uploads\/2026\/04\/merlo-corre-por-malvinas-2026-5ta-edicion-1-scaled-1-1024x576.jpg",1020,574,true],"1536x1536":["https:\/\/infotep.com.ar\/wp-content\/uploads\/2026\/04\/merlo-corre-por-malvinas-2026-5ta-edicion-1-scaled-1-1536x865.jpg",1536,865,true],"2048x2048":["https:\/\/infotep.com.ar\/wp-content\/uploads\/2026\/04\/merlo-corre-por-malvinas-2026-5ta-edicion-1-scaled-1-2048x1153.jpg",2048,1153,true],"blossom-feminine-slider":["https:\/\/infotep.com.ar\/wp-content\/uploads\/2026\/04\/merlo-corre-por-malvinas-2026-5ta-edicion-1-scaled-1-1920x649.jpg",1920,649,true],"blossom-feminine-featured":["https:\/\/infotep.com.ar\/wp-content\/uploads\/2026\/04\/merlo-corre-por-malvinas-2026-5ta-edicion-1-scaled-1-1410x600.jpg",1410,600,true],"blossom-feminine-with-sidebar":["https:\/\/infotep.com.ar\/wp-content\/uploads\/2026\/04\/merlo-corre-por-malvinas-2026-5ta-edicion-1-scaled-1-1020x600.jpg",1020,600,true],"blossom-feminine-blog":["https:\/\/infotep.com.ar\/wp-content\/uploads\/2026\/04\/merlo-corre-por-malvinas-2026-5ta-edicion-1-scaled-1-435x435.jpg",435,435,true],"blossom-feminine-cat":["https:\/\/infotep.com.ar\/wp-content\/uploads\/2026\/04\/merlo-corre-por-malvinas-2026-5ta-edicion-1-scaled-1-450x300.jpg",450,300,true],"blossom-feminine-related":["https:\/\/infotep.com.ar\/wp-content\/uploads\/2026\/04\/merlo-corre-por-malvinas-2026-5ta-edicion-1-scaled-1-320x200.jpg",320,200,true],"blossom-feminine-schema":["https:\/\/infotep.com.ar\/wp-content\/uploads\/2026\/04\/merlo-corre-por-malvinas-2026-5ta-edicion-1-scaled-1-107x60.jpg",107,60,true],"blossom-mommy-blog-slider-big":["https:\/\/infotep.com.ar\/wp-content\/uploads\/2026\/04\/merlo-corre-por-malvinas-2026-5ta-edicion-1-scaled-1-920x650.jpg",920,650,true],"blossom-mommy-blog-slider":["https:\/\/infotep.com.ar\/wp-content\/uploads\/2026\/04\/merlo-corre-por-malvinas-2026-5ta-edicion-1-scaled-1-460x310.jpg",460,310,true],"blossom-mommy-blog-two":["https:\/\/infotep.com.ar\/wp-content\/uploads\/2026\/04\/merlo-corre-por-malvinas-2026-5ta-edicion-1-scaled-1-768x480.jpg",768,480,true]},"author_info":{"info":["Angela Tobar"]},"category_info":"<a href=\"https:\/\/infotep.com.ar\/index.php\/category\/municipales\/merlo\/\" rel=\"category tag\">Merlo<\/a>","tag_info":"Merlo","comment_count":"0","_links":{"self":[{"href":"https:\/\/infotep.com.ar\/index.php\/wp-json\/wp\/v2\/posts\/33794"}],"collection":[{"href":"https:\/\/infotep.com.ar\/index.php\/wp-json\/wp\/v2\/posts"}],"about":[{"href":"https:\/\/infotep.com.ar\/index.php\/wp-json\/wp\/v2\/types\/post"}],"author":[{"embeddable":true,"href":"https:\/\/infotep.com.ar\/index.php\/wp-json\/wp\/v2\/users\/5"}],"replies":[{"embeddable":true,"href":"https:\/\/infotep.com.ar\/index.php\/wp-json\/wp\/v2\/comments?post=33794"}],"version-history":[{"count":1,"href":"https:\/\/infotep.com.ar\/index.php\/wp-json\/wp\/v2\/posts\/33794\/revisions"}],"predecessor-version":[{"id":33796,"href":"https:\/\/infotep.com.ar\/index.php\/wp-json\/wp\/v2\/posts\/33794\/revisions\/33796"}],"wp:featuredmedia":[{"embeddable":true,"href":"https:\/\/infotep.com.ar\/index.php\/wp-json\/wp\/v2\/media\/33795"}],"wp:attachment":[{"href":"https:\/\/infotep.com.ar\/index.php\/wp-json\/wp\/v2\/media?parent=33794"}],"wp:term":[{"taxonomy":"category","embeddable":true,"href":"https:\/\/infotep.com.ar\/index.php\/wp-json\/wp\/v2\/categories?post=33794"},{"taxonomy":"post_tag","embeddable":true,"href":"https:\/\/infotep.com.ar\/index.php\/wp-json\/wp\/v2\/tags?post=33794"}],"curies":[{"name":"wp","href":"https:\/\/api.w.org\/{rel}","templated":true}]}}