{"id":33807,"date":"2026-04-28T18:48:41","date_gmt":"2026-04-28T21:48:41","guid":{"rendered":"https:\/\/infotep.com.ar\/?p=33807"},"modified":"2026-04-28T18:48:43","modified_gmt":"2026-04-28T21:48:43","slug":"transporte-del-amba-en-crisis-empresas-se-reunen-con-el-gobierno","status":"publish","type":"post","link":"https:\/\/infotep.com.ar\/index.php\/2026\/04\/28\/transporte-del-amba-en-crisis-empresas-se-reunen-con-el-gobierno\/","title":{"rendered":"Transporte del AMBA en crisis: empresas se re\u00fanen con el Gobierno"},"content":{"rendered":"\n<p>Las c\u00e1maras empresarias del transporte p\u00fablico del \u00c1rea Metropolitana de Buenos Aires (AMBA) mantendr\u00e1n este jueves una reuni\u00f3n con autoridades de la Secretar\u00eda de Transporte de la Naci\u00f3n, en un contexto de creciente preocupaci\u00f3n por la situaci\u00f3n econ\u00f3mica del sector.<\/p>\n\n\n\n<p><strong>El encuentro se da luego de que las entidades declararan el \u201cestado de emergencia\u201d, ante la falta de definiciones concretas tanto del Gobierno nacional como de la Provincia de Buenos Aires sobre c\u00f3mo afrontar el aumento de los costos operativos, especialmente por la suba del gasoil.<\/strong><\/p>\n\n\n\n<p>Desde el sector indicaron que, hasta el momento, no hubo avances significativos ni precisiones sobre los mecanismos para compensar el impacto econ\u00f3mico. Tambi\u00e9n se\u00f1alaron que desconocen qu\u00e9 funcionarios participar\u00e1n del encuentro, aunque confirmaron la presencia de todas las c\u00e1maras convocadas.<\/p>\n\n\n\n<p>En ese marco, advirtieron que la situaci\u00f3n es cr\u00edtica pese a algunos avances en la cancelaci\u00f3n parcial de deudas por compensaciones, que actualmente superan los 128.000 millones de pesos.<\/p>\n\n\n\n<p>Las empresas remarcaron que han sostenido el servicio con un fuerte esfuerzo financiero y operativo, pero alertaron que el escenario actual es \u201cinsostenible\u201d.<\/p>\n\n\n\n<p>De cara a la reuni\u00f3n, esperan obtener respuestas \u201cconcretas, inmediatas y verificables\u201d sobre los plazos y mecanismos para reconocer los mayores costos que enfrenta la actividad.<\/p>\n\n\n\n<p>Asimismo, reiteraron su compromiso con la continuidad del servicio p\u00fablico, aunque advirtieron que, si no hay soluciones en el corto plazo, podr\u00edan profundizar medidas de racionalizaci\u00f3n que afectar\u00edan la normal prestaci\u00f3n del transporte.<\/p>\n","protected":false},"excerpt":{"rendered":"<p>Las c&aacute;maras empresarias del transporte p&uacute;blico del &Aacute;rea Metropolitana de Buenos Aires (AMBA) mantendr&aacute;n este jueves una reuni&oacute;n con autoridades de la Secretar&iacute;a de Transporte de la Naci&oacute;n, en un contexto de creciente preocupaci&oacute;n por la situaci&oacute;n econ&oacute;mica del sector. El encuentro se da luego de que las entidades declararan el &ldquo;estado de emergencia&rdquo;, ante &hellip; <\/p>\n","protected":false},"author":5,"featured_media":23399,"comment_status":"closed","ping_status":"closed","sticky":false,"template":"","format":"standard","meta":{"om_disable_all_campaigns":false,"_joinchat":[]},"categories":[4],"tags":[],"featured_image_urls":{"full":["https:\/\/infotep.com.ar\/wp-content\/uploads\/2025\/05\/colectivo-2.webp",1088,720,false],"thumbnail":["https:\/\/infotep.com.ar\/wp-content\/uploads\/2025\/05\/colectivo-2-150x150.webp",150,150,true],"medium":["https:\/\/infotep.com.ar\/wp-content\/uploads\/2025\/05\/colectivo-2-300x199.webp",300,199,true],"medium_large":["https:\/\/infotep.com.ar\/wp-content\/uploads\/2025\/05\/colectivo-2-768x508.webp",768,508,true],"large":["https:\/\/infotep.com.ar\/wp-content\/uploads\/2025\/05\/colectivo-2-1024x678.webp",1020,675,true],"1536x1536":["https:\/\/infotep.com.ar\/wp-content\/uploads\/2025\/05\/colectivo-2.webp",1088,720,false],"2048x2048":["https:\/\/infotep.com.ar\/wp-content\/uploads\/2025\/05\/colectivo-2.webp",1088,720,false],"blossom-feminine-slider":["https:\/\/infotep.com.ar\/wp-content\/uploads\/2025\/05\/colectivo-2-1088x649.webp",1088,649,true],"blossom-feminine-featured":["https:\/\/infotep.com.ar\/wp-content\/uploads\/2025\/05\/colectivo-2-1088x600.webp",1088,600,true],"blossom-feminine-with-sidebar":["https:\/\/infotep.com.ar\/wp-content\/uploads\/2025\/05\/colectivo-2-1020x600.webp",1020,600,true],"blossom-feminine-blog":["https:\/\/infotep.com.ar\/wp-content\/uploads\/2025\/05\/colectivo-2-435x435.webp",435,435,true],"blossom-feminine-cat":["https:\/\/infotep.com.ar\/wp-content\/uploads\/2025\/05\/colectivo-2-450x300.webp",450,300,true],"blossom-feminine-related":["https:\/\/infotep.com.ar\/wp-content\/uploads\/2025\/05\/colectivo-2-320x200.webp",320,200,true],"blossom-feminine-schema":["https:\/\/infotep.com.ar\/wp-content\/uploads\/2025\/05\/colectivo-2-91x60.webp",91,60,true],"blossom-mommy-blog-slider-big":["https:\/\/infotep.com.ar\/wp-content\/uploads\/2025\/05\/colectivo-2-920x650.webp",920,650,true],"blossom-mommy-blog-slider":["https:\/\/infotep.com.ar\/wp-content\/uploads\/2025\/05\/colectivo-2-460x310.webp",460,310,true],"blossom-mommy-blog-two":["https:\/\/infotep.com.ar\/wp-content\/uploads\/2025\/05\/colectivo-2-768x480.webp",768,480,true]},"author_info":{"info":["Angela Tobar"]},"category_info":"<a href=\"https:\/\/infotep.com.ar\/index.php\/category\/provinciales\/\" rel=\"category tag\">Provinciales<\/a>","tag_info":"Provinciales","comment_count":"0","_links":{"self":[{"href":"https:\/\/infotep.com.ar\/index.php\/wp-json\/wp\/v2\/posts\/33807"}],"collection":[{"href":"https:\/\/infotep.com.ar\/index.php\/wp-json\/wp\/v2\/posts"}],"about":[{"href":"https:\/\/infotep.com.ar\/index.php\/wp-json\/wp\/v2\/types\/post"}],"author":[{"embeddable":true,"href":"https:\/\/infotep.com.ar\/index.php\/wp-json\/wp\/v2\/users\/5"}],"replies":[{"embeddable":true,"href":"https:\/\/infotep.com.ar\/index.php\/wp-json\/wp\/v2\/comments?post=33807"}],"version-history":[{"count":1,"href":"https:\/\/infotep.com.ar\/index.php\/wp-json\/wp\/v2\/posts\/33807\/revisions"}],"predecessor-version":[{"id":33808,"href":"https:\/\/infotep.com.ar\/index.php\/wp-json\/wp\/v2\/posts\/33807\/revisions\/33808"}],"wp:featuredmedia":[{"embeddable":true,"href":"https:\/\/infotep.com.ar\/index.php\/wp-json\/wp\/v2\/media\/23399"}],"wp:attachment":[{"href":"https:\/\/infotep.com.ar\/index.php\/wp-json\/wp\/v2\/media?parent=33807"}],"wp:term":[{"taxonomy":"category","embeddable":true,"href":"https:\/\/infotep.com.ar\/index.php\/wp-json\/wp\/v2\/categories?post=33807"},{"taxonomy":"post_tag","embeddable":true,"href":"https:\/\/infotep.com.ar\/index.php\/wp-json\/wp\/v2\/tags?post=33807"}],"curies":[{"name":"wp","href":"https:\/\/api.w.org\/{rel}","templated":true}]}}