{"id":33816,"date":"2026-04-29T00:23:00","date_gmt":"2026-04-29T03:23:00","guid":{"rendered":"https:\/\/infotep.com.ar\/?p=33816"},"modified":"2026-04-28T19:28:01","modified_gmt":"2026-04-28T22:28:01","slug":"mas-de-1-500-estudiantes-participaron-de-la-feria-de-las-profesiones-en-ituzaingo","status":"publish","type":"post","link":"https:\/\/infotep.com.ar\/index.php\/2026\/04\/29\/mas-de-1-500-estudiantes-participaron-de-la-feria-de-las-profesiones-en-ituzaingo\/","title":{"rendered":"M\u00e1s de 1.500 estudiantes participaron de la Feria de las Profesiones en Ituzaing\u00f3"},"content":{"rendered":"\n<p>La 14\u00b0 edici\u00f3n de la Feria de las Profesiones se llev\u00f3 a cabo este martes en Ituzaing\u00f3, con la participaci\u00f3n de m\u00e1s de 1.500 estudiantes de 28 escuelas de gesti\u00f3n estatal y privada del distrito.<\/p>\n\n\n\n<p>El evento tuvo lugar en el Club de la Asociaci\u00f3n del Personal Aeron\u00e1utico (APA) y estuvo dirigido a alumnos del \u00faltimo a\u00f1o del nivel secundario, con el objetivo de acercarles herramientas para su inserci\u00f3n en el mundo laboral y la continuidad de sus estudios.<\/p>\n\n\n\n<p>La iniciativa es impulsada por vecinos del Barrio Aeron\u00e1utico y se consolid\u00f3 como un espacio de orientaci\u00f3n vocacional y formaci\u00f3n para j\u00f3venes que est\u00e1n pr\u00f3ximos a definir su futuro profesional.<\/p>\n\n\n\n<p><strong>Durante la jornada, los estudiantes participaron de talleres, charlas informativas y actividades vinculadas a distintas \u00e1reas laborales, donde pudieron conocer propuestas educativas y adquirir recursos para la b\u00fasqueda de empleo.<\/strong><\/p>\n\n\n\n<p>La secretaria de Desarrollo Productivo del municipio, Natalia Lazzeri, destac\u00f3 la importancia de este tipo de encuentros y remarc\u00f3 el trabajo que se realiza desde el \u00e1rea de Empleo para fortalecer la capacitaci\u00f3n y la empleabilidad juvenil.<\/p>\n\n\n\n<p>Por su parte, la organizadora del evento, Fernanda Arenas, subray\u00f3 el valor de generar espacios que permitan a los j\u00f3venes descubrir sus intereses y potenciar sus habilidades.<\/p>\n\n\n\n<p>La feria cont\u00f3 con la presencia de instituciones educativas, centros de formaci\u00f3n superior, universidades, profesionales independientes y el Centro Regional Universitario de Ituzaing\u00f3. Entre las casas de estudio participantes se destacaron la Universidad Tecnol\u00f3gica Nacional Regional Haedo, la Universidad Siglo 21 y la Universidad Nacional del Oeste, entre otras.<\/p>\n","protected":false},"excerpt":{"rendered":"<p>La 14&deg; edici&oacute;n de la Feria de las Profesiones se llev&oacute; a cabo este martes en Ituzaing&oacute;, con la participaci&oacute;n de m&aacute;s de 1.500 estudiantes de 28 escuelas de gesti&oacute;n estatal y privada del distrito. El evento tuvo lugar en el Club de la Asociaci&oacute;n del Personal Aeron&aacute;utico (APA) y estuvo dirigido a alumnos del &hellip; <\/p>\n","protected":false},"author":5,"featured_media":33817,"comment_status":"closed","ping_status":"closed","sticky":false,"template":"","format":"standard","meta":{"om_disable_all_campaigns":false,"_joinchat":[]},"categories":[31,8,6],"tags":[],"featured_image_urls":{"full":["https:\/\/infotep.com.ar\/wp-content\/uploads\/2026\/04\/foto-gacetilla-feria-de-las-profesiones-1-scaled.jpg",2560,1707,false],"thumbnail":["https:\/\/infotep.com.ar\/wp-content\/uploads\/2026\/04\/foto-gacetilla-feria-de-las-profesiones-1-150x150.jpg",150,150,true],"medium":["https:\/\/infotep.com.ar\/wp-content\/uploads\/2026\/04\/foto-gacetilla-feria-de-las-profesiones-1-300x200.jpg",300,200,true],"medium_large":["https:\/\/infotep.com.ar\/wp-content\/uploads\/2026\/04\/foto-gacetilla-feria-de-las-profesiones-1-768x512.jpg",768,512,true],"large":["https:\/\/infotep.com.ar\/wp-content\/uploads\/2026\/04\/foto-gacetilla-feria-de-las-profesiones-1-1024x683.jpg",1020,680,true],"1536x1536":["https:\/\/infotep.com.ar\/wp-content\/uploads\/2026\/04\/foto-gacetilla-feria-de-las-profesiones-1-1536x1024.jpg",1536,1024,true],"2048x2048":["https:\/\/infotep.com.ar\/wp-content\/uploads\/2026\/04\/foto-gacetilla-feria-de-las-profesiones-1-2048x1365.jpg",2048,1365,true],"blossom-feminine-slider":["https:\/\/infotep.com.ar\/wp-content\/uploads\/2026\/04\/foto-gacetilla-feria-de-las-profesiones-1-1920x649.jpg",1920,649,true],"blossom-feminine-featured":["https:\/\/infotep.com.ar\/wp-content\/uploads\/2026\/04\/foto-gacetilla-feria-de-las-profesiones-1-1410x600.jpg",1410,600,true],"blossom-feminine-with-sidebar":["https:\/\/infotep.com.ar\/wp-content\/uploads\/2026\/04\/foto-gacetilla-feria-de-las-profesiones-1-1020x600.jpg",1020,600,true],"blossom-feminine-blog":["https:\/\/infotep.com.ar\/wp-content\/uploads\/2026\/04\/foto-gacetilla-feria-de-las-profesiones-1-435x435.jpg",435,435,true],"blossom-feminine-cat":["https:\/\/infotep.com.ar\/wp-content\/uploads\/2026\/04\/foto-gacetilla-feria-de-las-profesiones-1-450x300.jpg",450,300,true],"blossom-feminine-related":["https:\/\/infotep.com.ar\/wp-content\/uploads\/2026\/04\/foto-gacetilla-feria-de-las-profesiones-1-320x200.jpg",320,200,true],"blossom-feminine-schema":["https:\/\/infotep.com.ar\/wp-content\/uploads\/2026\/04\/foto-gacetilla-feria-de-las-profesiones-1-90x60.jpg",90,60,true],"blossom-mommy-blog-slider-big":["https:\/\/infotep.com.ar\/wp-content\/uploads\/2026\/04\/foto-gacetilla-feria-de-las-profesiones-1-920x650.jpg",920,650,true],"blossom-mommy-blog-slider":["https:\/\/infotep.com.ar\/wp-content\/uploads\/2026\/04\/foto-gacetilla-feria-de-las-profesiones-1-460x310.jpg",460,310,true],"blossom-mommy-blog-two":["https:\/\/infotep.com.ar\/wp-content\/uploads\/2026\/04\/foto-gacetilla-feria-de-las-profesiones-1-768x480.jpg",768,480,true]},"author_info":{"info":["Angela Tobar"]},"category_info":"<a href=\"https:\/\/infotep.com.ar\/index.php\/category\/destacadas\/\" rel=\"category tag\">Destacadas<\/a> <a href=\"https:\/\/infotep.com.ar\/index.php\/category\/municipales\/ituzaingo\/\" rel=\"category tag\">Ituzaing\u00f3<\/a> <a href=\"https:\/\/infotep.com.ar\/index.php\/category\/universitarias\/\" rel=\"category tag\">Universitarias<\/a>","tag_info":"Universitarias","comment_count":"0","_links":{"self":[{"href":"https:\/\/infotep.com.ar\/index.php\/wp-json\/wp\/v2\/posts\/33816"}],"collection":[{"href":"https:\/\/infotep.com.ar\/index.php\/wp-json\/wp\/v2\/posts"}],"about":[{"href":"https:\/\/infotep.com.ar\/index.php\/wp-json\/wp\/v2\/types\/post"}],"author":[{"embeddable":true,"href":"https:\/\/infotep.com.ar\/index.php\/wp-json\/wp\/v2\/users\/5"}],"replies":[{"embeddable":true,"href":"https:\/\/infotep.com.ar\/index.php\/wp-json\/wp\/v2\/comments?post=33816"}],"version-history":[{"count":1,"href":"https:\/\/infotep.com.ar\/index.php\/wp-json\/wp\/v2\/posts\/33816\/revisions"}],"predecessor-version":[{"id":33818,"href":"https:\/\/infotep.com.ar\/index.php\/wp-json\/wp\/v2\/posts\/33816\/revisions\/33818"}],"wp:featuredmedia":[{"embeddable":true,"href":"https:\/\/infotep.com.ar\/index.php\/wp-json\/wp\/v2\/media\/33817"}],"wp:attachment":[{"href":"https:\/\/infotep.com.ar\/index.php\/wp-json\/wp\/v2\/media?parent=33816"}],"wp:term":[{"taxonomy":"category","embeddable":true,"href":"https:\/\/infotep.com.ar\/index.php\/wp-json\/wp\/v2\/categories?post=33816"},{"taxonomy":"post_tag","embeddable":true,"href":"https:\/\/infotep.com.ar\/index.php\/wp-json\/wp\/v2\/tags?post=33816"}],"curies":[{"name":"wp","href":"https:\/\/api.w.org\/{rel}","templated":true}]}}