{"id":33825,"date":"2026-04-29T11:47:09","date_gmt":"2026-04-29T14:47:09","guid":{"rendered":"https:\/\/infotep.com.ar\/?p=33825"},"modified":"2026-04-29T11:47:10","modified_gmt":"2026-04-29T14:47:10","slug":"grave-irregularidad-un-micro-llevaba-chicos-sin-seguro-vtv-ni-medidas-de-seguridad","status":"publish","type":"post","link":"https:\/\/infotep.com.ar\/index.php\/2026\/04\/29\/grave-irregularidad-un-micro-llevaba-chicos-sin-seguro-vtv-ni-medidas-de-seguridad\/","title":{"rendered":"Grave irregularidad: un micro llevaba chicos sin seguro, VTV ni medidas de seguridad"},"content":{"rendered":"\n<p>Un colectivo que transportaba a menores de edad en condiciones irregulares fue secuestrado en la ciudad de La Plata durante un operativo de control realizado por el Ministerio de Transporte bonaerense.<br><br>El procedimiento tuvo lugar en la zona de Plaza Moreno, donde los inspectores detectaron m\u00faltiples irregularidades en la unidad que trasladaba a chicos de un club de f\u00fatbol infantil.<br><br>Seg\u00fan informaron fuentes oficiales, el veh\u00edculo no contaba con la habilitaci\u00f3n correspondiente ni con documentaci\u00f3n obligatoria, como la verificaci\u00f3n t\u00e9cnica vehicular (VTV) y el seguro vigente.<br><br>Durante la inspecci\u00f3n tambi\u00e9n se comprob\u00f3 que el colectivo presentaba graves fallas de seguridad. Entre ellas, neum\u00e1ticos completamente desgastados, lo que compromet\u00eda la adherencia y estabilidad, adem\u00e1s de una puerta trasera y salida de emergencia bloqueadas con un elemento met\u00e1lico, impidiendo su utilizaci\u00f3n en caso de evacuaci\u00f3n.<br><br>Asimismo, se constat\u00f3 la ausencia de cinturones de seguridad tanto para los pasajeros como para el conductor, y un marcado deterioro en los asientos, con estructuras expuestas.<br><br>Ante este escenario, las autoridades dispusieron el secuestro inmediato del veh\u00edculo y su retiro de circulaci\u00f3n. Los menores fueron luego trasladados en una unidad habilitada para transporte escolar, garantizando as\u00ed su seguridad.<br>Desde el \u00e1rea de Transporte remarcaron la importancia de reforzar los controles para evitar este tipo de situaciones que ponen en riesgo la integridad de los pasajeros, especialmente cuando se trata de ni\u00f1os.<\/p>\n\n\n\n<p><\/p>\n","protected":false},"excerpt":{"rendered":"<p>Un colectivo que transportaba a menores de edad en condiciones irregulares fue secuestrado en la ciudad de La Plata durante un operativo de control realizado por el Ministerio de Transporte bonaerense. El procedimiento tuvo lugar en la zona de Plaza Moreno, donde los inspectores detectaron m&uacute;ltiples irregularidades en la unidad que trasladaba a chicos de &hellip; <\/p>\n","protected":false},"author":5,"featured_media":33826,"comment_status":"closed","ping_status":"closed","sticky":false,"template":"","format":"standard","meta":{"om_disable_all_campaigns":false,"_joinchat":[]},"categories":[4],"tags":[],"featured_image_urls":{"full":["https:\/\/infotep.com.ar\/wp-content\/uploads\/2026\/04\/mi.jpg",499,369,false],"thumbnail":["https:\/\/infotep.com.ar\/wp-content\/uploads\/2026\/04\/mi-150x150.jpg",150,150,true],"medium":["https:\/\/infotep.com.ar\/wp-content\/uploads\/2026\/04\/mi-300x222.jpg",300,222,true],"medium_large":["https:\/\/infotep.com.ar\/wp-content\/uploads\/2026\/04\/mi.jpg",499,369,false],"large":["https:\/\/infotep.com.ar\/wp-content\/uploads\/2026\/04\/mi.jpg",499,369,false],"1536x1536":["https:\/\/infotep.com.ar\/wp-content\/uploads\/2026\/04\/mi.jpg",499,369,false],"2048x2048":["https:\/\/infotep.com.ar\/wp-content\/uploads\/2026\/04\/mi.jpg",499,369,false],"blossom-feminine-slider":["https:\/\/infotep.com.ar\/wp-content\/uploads\/2026\/04\/mi.jpg",499,369,false],"blossom-feminine-featured":["https:\/\/infotep.com.ar\/wp-content\/uploads\/2026\/04\/mi.jpg",499,369,false],"blossom-feminine-with-sidebar":["https:\/\/infotep.com.ar\/wp-content\/uploads\/2026\/04\/mi.jpg",499,369,false],"blossom-feminine-blog":["https:\/\/infotep.com.ar\/wp-content\/uploads\/2026\/04\/mi-435x369.jpg",435,369,true],"blossom-feminine-cat":["https:\/\/infotep.com.ar\/wp-content\/uploads\/2026\/04\/mi-450x300.jpg",450,300,true],"blossom-feminine-related":["https:\/\/infotep.com.ar\/wp-content\/uploads\/2026\/04\/mi-320x200.jpg",320,200,true],"blossom-feminine-schema":["https:\/\/infotep.com.ar\/wp-content\/uploads\/2026\/04\/mi-81x60.jpg",81,60,true],"blossom-mommy-blog-slider-big":["https:\/\/infotep.com.ar\/wp-content\/uploads\/2026\/04\/mi.jpg",499,369,false],"blossom-mommy-blog-slider":["https:\/\/infotep.com.ar\/wp-content\/uploads\/2026\/04\/mi-460x310.jpg",460,310,true],"blossom-mommy-blog-two":["https:\/\/infotep.com.ar\/wp-content\/uploads\/2026\/04\/mi.jpg",499,369,false]},"author_info":{"info":["Angela Tobar"]},"category_info":"<a href=\"https:\/\/infotep.com.ar\/index.php\/category\/provinciales\/\" rel=\"category tag\">Provinciales<\/a>","tag_info":"Provinciales","comment_count":"0","_links":{"self":[{"href":"https:\/\/infotep.com.ar\/index.php\/wp-json\/wp\/v2\/posts\/33825"}],"collection":[{"href":"https:\/\/infotep.com.ar\/index.php\/wp-json\/wp\/v2\/posts"}],"about":[{"href":"https:\/\/infotep.com.ar\/index.php\/wp-json\/wp\/v2\/types\/post"}],"author":[{"embeddable":true,"href":"https:\/\/infotep.com.ar\/index.php\/wp-json\/wp\/v2\/users\/5"}],"replies":[{"embeddable":true,"href":"https:\/\/infotep.com.ar\/index.php\/wp-json\/wp\/v2\/comments?post=33825"}],"version-history":[{"count":1,"href":"https:\/\/infotep.com.ar\/index.php\/wp-json\/wp\/v2\/posts\/33825\/revisions"}],"predecessor-version":[{"id":33827,"href":"https:\/\/infotep.com.ar\/index.php\/wp-json\/wp\/v2\/posts\/33825\/revisions\/33827"}],"wp:featuredmedia":[{"embeddable":true,"href":"https:\/\/infotep.com.ar\/index.php\/wp-json\/wp\/v2\/media\/33826"}],"wp:attachment":[{"href":"https:\/\/infotep.com.ar\/index.php\/wp-json\/wp\/v2\/media?parent=33825"}],"wp:term":[{"taxonomy":"category","embeddable":true,"href":"https:\/\/infotep.com.ar\/index.php\/wp-json\/wp\/v2\/categories?post=33825"},{"taxonomy":"post_tag","embeddable":true,"href":"https:\/\/infotep.com.ar\/index.php\/wp-json\/wp\/v2\/tags?post=33825"}],"curies":[{"name":"wp","href":"https:\/\/api.w.org\/{rel}","templated":true}]}}