{"id":33828,"date":"2026-04-29T12:04:14","date_gmt":"2026-04-29T15:04:14","guid":{"rendered":"https:\/\/infotep.com.ar\/?p=33828"},"modified":"2026-04-29T12:04:15","modified_gmt":"2026-04-29T15:04:15","slug":"intendentes-bonaerenses-se-movilizan-por-deuda-de-nacion-con-la-provincia","status":"publish","type":"post","link":"https:\/\/infotep.com.ar\/index.php\/2026\/04\/29\/intendentes-bonaerenses-se-movilizan-por-deuda-de-nacion-con-la-provincia\/","title":{"rendered":"Intendentes bonaerenses se movilizan por deuda de Naci\u00f3n con la Provincia"},"content":{"rendered":"\n<p>Intendentes y funcionarios bonaerenses encabezar\u00e1n una movilizaci\u00f3n hacia el Ministerio de Capital Humano para reclamar el pago de fondos adeudados por parte del Gobierno nacional destinados al Servicio Alimentario Escolar (SAE).<br><br>La protesta fue definida durante una reuni\u00f3n del Partido Justicialista bonaerense realizada en La Plata, donde adem\u00e1s se abordaron cuestiones partidarias como la actualizaci\u00f3n y ampliaci\u00f3n del padr\u00f3n de afiliados.<br><br>El ministro de Desarrollo de la Comunidad de la provincia de Buenos Aires, Andr\u00e9s Larroque, indic\u00f3 que la deuda de la Naci\u00f3n asciende a unos 220.000 millones de pesos en concepto del SAE.<br><br>Seg\u00fan explic\u00f3 el funcionario, el Gobierno nacional se hab\u00eda comprometido a financiar el 20% del programa, pero hasta el momento solo habr\u00eda transferido poco m\u00e1s del 10%.<br><br>\u201cLo que estamos pidiendo es que se cumpla con una parte m\u00ednima de lo que hist\u00f3ricamente aportaba el Estado nacional\u201d, sostuvo Larroque.<br>Desde la Provincia remarcan que la falta de estos recursos impacta directamente en la asistencia alimentaria que reciben miles de estudiantes, en un contexto de creciente demanda social.<\/p>\n","protected":false},"excerpt":{"rendered":"<p>Intendentes y funcionarios bonaerenses encabezar&aacute;n una movilizaci&oacute;n hacia el Ministerio de Capital Humano para reclamar el pago de fondos adeudados por parte del Gobierno nacional destinados al Servicio Alimentario Escolar (SAE). La protesta fue definida durante una reuni&oacute;n del Partido Justicialista bonaerense realizada en La Plata, donde adem&aacute;s se abordaron cuestiones partidarias como la actualizaci&oacute;n &hellip; <\/p>\n","protected":false},"author":5,"featured_media":33830,"comment_status":"closed","ping_status":"closed","sticky":false,"template":"","format":"standard","meta":{"om_disable_all_campaigns":false,"_joinchat":[]},"categories":[5,4],"tags":[],"featured_image_urls":{"full":["https:\/\/infotep.com.ar\/wp-content\/uploads\/2026\/04\/intendentes-1.jpg",768,512,false],"thumbnail":["https:\/\/infotep.com.ar\/wp-content\/uploads\/2026\/04\/intendentes-1-150x150.jpg",150,150,true],"medium":["https:\/\/infotep.com.ar\/wp-content\/uploads\/2026\/04\/intendentes-1-300x200.jpg",300,200,true],"medium_large":["https:\/\/infotep.com.ar\/wp-content\/uploads\/2026\/04\/intendentes-1.jpg",768,512,false],"large":["https:\/\/infotep.com.ar\/wp-content\/uploads\/2026\/04\/intendentes-1.jpg",768,512,false],"1536x1536":["https:\/\/infotep.com.ar\/wp-content\/uploads\/2026\/04\/intendentes-1.jpg",768,512,false],"2048x2048":["https:\/\/infotep.com.ar\/wp-content\/uploads\/2026\/04\/intendentes-1.jpg",768,512,false],"blossom-feminine-slider":["https:\/\/infotep.com.ar\/wp-content\/uploads\/2026\/04\/intendentes-1.jpg",768,512,false],"blossom-feminine-featured":["https:\/\/infotep.com.ar\/wp-content\/uploads\/2026\/04\/intendentes-1.jpg",768,512,false],"blossom-feminine-with-sidebar":["https:\/\/infotep.com.ar\/wp-content\/uploads\/2026\/04\/intendentes-1.jpg",768,512,false],"blossom-feminine-blog":["https:\/\/infotep.com.ar\/wp-content\/uploads\/2026\/04\/intendentes-1-435x435.jpg",435,435,true],"blossom-feminine-cat":["https:\/\/infotep.com.ar\/wp-content\/uploads\/2026\/04\/intendentes-1-450x300.jpg",450,300,true],"blossom-feminine-related":["https:\/\/infotep.com.ar\/wp-content\/uploads\/2026\/04\/intendentes-1-320x200.jpg",320,200,true],"blossom-feminine-schema":["https:\/\/infotep.com.ar\/wp-content\/uploads\/2026\/04\/intendentes-1-90x60.jpg",90,60,true],"blossom-mommy-blog-slider-big":["https:\/\/infotep.com.ar\/wp-content\/uploads\/2026\/04\/intendentes-1.jpg",768,512,false],"blossom-mommy-blog-slider":["https:\/\/infotep.com.ar\/wp-content\/uploads\/2026\/04\/intendentes-1-460x310.jpg",460,310,true],"blossom-mommy-blog-two":["https:\/\/infotep.com.ar\/wp-content\/uploads\/2026\/04\/intendentes-1-768x480.jpg",768,480,true]},"author_info":{"info":["Angela Tobar"]},"category_info":"<a href=\"https:\/\/infotep.com.ar\/index.php\/category\/municipales\/\" rel=\"category tag\">Municipales<\/a> <a href=\"https:\/\/infotep.com.ar\/index.php\/category\/provinciales\/\" rel=\"category tag\">Provinciales<\/a>","tag_info":"Provinciales","comment_count":"0","_links":{"self":[{"href":"https:\/\/infotep.com.ar\/index.php\/wp-json\/wp\/v2\/posts\/33828"}],"collection":[{"href":"https:\/\/infotep.com.ar\/index.php\/wp-json\/wp\/v2\/posts"}],"about":[{"href":"https:\/\/infotep.com.ar\/index.php\/wp-json\/wp\/v2\/types\/post"}],"author":[{"embeddable":true,"href":"https:\/\/infotep.com.ar\/index.php\/wp-json\/wp\/v2\/users\/5"}],"replies":[{"embeddable":true,"href":"https:\/\/infotep.com.ar\/index.php\/wp-json\/wp\/v2\/comments?post=33828"}],"version-history":[{"count":1,"href":"https:\/\/infotep.com.ar\/index.php\/wp-json\/wp\/v2\/posts\/33828\/revisions"}],"predecessor-version":[{"id":33831,"href":"https:\/\/infotep.com.ar\/index.php\/wp-json\/wp\/v2\/posts\/33828\/revisions\/33831"}],"wp:featuredmedia":[{"embeddable":true,"href":"https:\/\/infotep.com.ar\/index.php\/wp-json\/wp\/v2\/media\/33830"}],"wp:attachment":[{"href":"https:\/\/infotep.com.ar\/index.php\/wp-json\/wp\/v2\/media?parent=33828"}],"wp:term":[{"taxonomy":"category","embeddable":true,"href":"https:\/\/infotep.com.ar\/index.php\/wp-json\/wp\/v2\/categories?post=33828"},{"taxonomy":"post_tag","embeddable":true,"href":"https:\/\/infotep.com.ar\/index.php\/wp-json\/wp\/v2\/tags?post=33828"}],"curies":[{"name":"wp","href":"https:\/\/api.w.org\/{rel}","templated":true}]}}