{"id":33834,"date":"2026-04-29T12:09:53","date_gmt":"2026-04-29T15:09:53","guid":{"rendered":"https:\/\/infotep.com.ar\/?p=33834"},"modified":"2026-04-29T12:09:57","modified_gmt":"2026-04-29T15:09:57","slug":"fuerte-paro-en-la-uba-en-rechazo-al-comunicado-de-petovello","status":"publish","type":"post","link":"https:\/\/infotep.com.ar\/index.php\/2026\/04\/29\/fuerte-paro-en-la-uba-en-rechazo-al-comunicado-de-petovello\/","title":{"rendered":"Fuerte paro en la UBA en rechazo al comunicado de Petovello"},"content":{"rendered":"\n<p>Los gremios docente y no docente de la Universidad de Buenos Aires (UBA) llevan adelante este mi\u00e9rcoles un paro total de actividades en todas las facultades, en rechazo a un comunicado del Ministerio de Capital Humano que los responsabiliz\u00f3 por no garantizar el derecho a la educaci\u00f3n.<\/p>\n\n\n\n<p>La medida de fuerza fue convocada por la Asociaci\u00f3n de Docentes de la UBA (ADUBA) y la Asociaci\u00f3n del Personal de la UBA (APUBA), que calificaron como \u201cprovocador\u201d el mensaje difundido por la cartera nacional el pasado lunes, en el que se cuestionaban las reiteradas protestas del sector.<\/p>\n\n\n\n<p>Desde los sindicatos se\u00f1alaron que la decisi\u00f3n se enmarca en un conflicto m\u00e1s amplio con el Gobierno nacional, al que acusan de llevar adelante una pol\u00edtica de \u201cpauperizaci\u00f3n salarial\u201d y de \u201casfixia\u201d del sistema universitario p\u00fablico.<\/p>\n\n\n\n<p>En un comunicado conjunto, las organizaciones afirmaron que \u201cdesde el primer d\u00eda de su mandato\u201d el Ejecutivo impuls\u00f3 medidas que deterioran el funcionamiento de las universidades, y cuestionaron que se les exija garantizar el dictado de clases sin resolver la situaci\u00f3n presupuestaria y salarial.<\/p>\n\n\n\n<p>Asimismo, denunciaron que los sueldos del sector pierden frente a la inflaci\u00f3n mes a mes y advirtieron sobre el incumplimiento de la Ley de Financiamiento Universitario, que \u2014seg\u00fan indicaron\u2014 ya fue respaldada en dos fallos judiciales.<\/p>\n\n\n\n<p>En ese contexto, el secretario general de ADUBA, Emiliano Cagnacci, rechaz\u00f3 las declaraciones oficiales y sostuvo que \u201cquien debe garantizar el derecho a la educaci\u00f3n es el Gobierno Nacional\u201d. Adem\u00e1s, pidi\u00f3 a las autoridades que \u201ccumplan con la Ley de Financiamiento Universitario\u201d en lugar de emitir comunicados en redes sociales.<\/p>\n\n\n\n<p>Por otra parte, los gremios ratificaron la convocatoria a la Cuarta Marcha Federal Universitaria, prevista para el pr\u00f3ximo 12 de mayo, e invitaron a toda la comunidad a sumarse en defensa de la educaci\u00f3n p\u00fablica.<\/p>\n\n\n\n<p>La jornada de paro afecta el dictado de clases y el funcionamiento administrativo en todas las sedes de la UBA.<\/p>\n","protected":false},"excerpt":{"rendered":"<p>Los gremios docente y no docente de la Universidad de Buenos Aires (UBA) llevan adelante este mi&eacute;rcoles un paro total de actividades en todas las facultades, en rechazo a un comunicado del Ministerio de Capital Humano que los responsabiliz&oacute; por no garantizar el derecho a la educaci&oacute;n. La medida de fuerza fue convocada por la &hellip; <\/p>\n","protected":false},"author":5,"featured_media":13891,"comment_status":"closed","ping_status":"closed","sticky":false,"template":"","format":"standard","meta":{"om_disable_all_campaigns":false,"_joinchat":[]},"categories":[3,6],"tags":[],"featured_image_urls":{"full":["https:\/\/infotep.com.ar\/wp-content\/uploads\/2024\/06\/uba.webp",1081,720,false],"thumbnail":["https:\/\/infotep.com.ar\/wp-content\/uploads\/2024\/06\/uba-150x150.webp",150,150,true],"medium":["https:\/\/infotep.com.ar\/wp-content\/uploads\/2024\/06\/uba-300x200.webp",300,200,true],"medium_large":["https:\/\/infotep.com.ar\/wp-content\/uploads\/2024\/06\/uba-768x512.webp",768,512,true],"large":["https:\/\/infotep.com.ar\/wp-content\/uploads\/2024\/06\/uba-1024x682.webp",1020,679,true],"1536x1536":["https:\/\/infotep.com.ar\/wp-content\/uploads\/2024\/06\/uba.webp",1081,720,false],"2048x2048":["https:\/\/infotep.com.ar\/wp-content\/uploads\/2024\/06\/uba.webp",1081,720,false],"blossom-feminine-slider":["https:\/\/infotep.com.ar\/wp-content\/uploads\/2024\/06\/uba-1081x649.webp",1081,649,true],"blossom-feminine-featured":["https:\/\/infotep.com.ar\/wp-content\/uploads\/2024\/06\/uba-1081x600.webp",1081,600,true],"blossom-feminine-with-sidebar":["https:\/\/infotep.com.ar\/wp-content\/uploads\/2024\/06\/uba-1020x600.webp",1020,600,true],"blossom-feminine-blog":["https:\/\/infotep.com.ar\/wp-content\/uploads\/2024\/06\/uba-435x435.webp",435,435,true],"blossom-feminine-cat":["https:\/\/infotep.com.ar\/wp-content\/uploads\/2024\/06\/uba-450x300.webp",450,300,true],"blossom-feminine-related":["https:\/\/infotep.com.ar\/wp-content\/uploads\/2024\/06\/uba-320x200.webp",320,200,true],"blossom-feminine-schema":["https:\/\/infotep.com.ar\/wp-content\/uploads\/2024\/06\/uba-90x60.webp",90,60,true],"blossom-mommy-blog-slider-big":["https:\/\/infotep.com.ar\/wp-content\/uploads\/2024\/06\/uba-920x650.webp",920,650,true],"blossom-mommy-blog-slider":["https:\/\/infotep.com.ar\/wp-content\/uploads\/2024\/06\/uba-460x310.webp",460,310,true],"blossom-mommy-blog-two":["https:\/\/infotep.com.ar\/wp-content\/uploads\/2024\/06\/uba-768x480.webp",768,480,true]},"author_info":{"info":["Angela Tobar"]},"category_info":"<a href=\"https:\/\/infotep.com.ar\/index.php\/category\/nacionales\/\" rel=\"category tag\">Nacionales<\/a> <a href=\"https:\/\/infotep.com.ar\/index.php\/category\/universitarias\/\" rel=\"category tag\">Universitarias<\/a>","tag_info":"Universitarias","comment_count":"0","_links":{"self":[{"href":"https:\/\/infotep.com.ar\/index.php\/wp-json\/wp\/v2\/posts\/33834"}],"collection":[{"href":"https:\/\/infotep.com.ar\/index.php\/wp-json\/wp\/v2\/posts"}],"about":[{"href":"https:\/\/infotep.com.ar\/index.php\/wp-json\/wp\/v2\/types\/post"}],"author":[{"embeddable":true,"href":"https:\/\/infotep.com.ar\/index.php\/wp-json\/wp\/v2\/users\/5"}],"replies":[{"embeddable":true,"href":"https:\/\/infotep.com.ar\/index.php\/wp-json\/wp\/v2\/comments?post=33834"}],"version-history":[{"count":1,"href":"https:\/\/infotep.com.ar\/index.php\/wp-json\/wp\/v2\/posts\/33834\/revisions"}],"predecessor-version":[{"id":33835,"href":"https:\/\/infotep.com.ar\/index.php\/wp-json\/wp\/v2\/posts\/33834\/revisions\/33835"}],"wp:featuredmedia":[{"embeddable":true,"href":"https:\/\/infotep.com.ar\/index.php\/wp-json\/wp\/v2\/media\/13891"}],"wp:attachment":[{"href":"https:\/\/infotep.com.ar\/index.php\/wp-json\/wp\/v2\/media?parent=33834"}],"wp:term":[{"taxonomy":"category","embeddable":true,"href":"https:\/\/infotep.com.ar\/index.php\/wp-json\/wp\/v2\/categories?post=33834"},{"taxonomy":"post_tag","embeddable":true,"href":"https:\/\/infotep.com.ar\/index.php\/wp-json\/wp\/v2\/tags?post=33834"}],"curies":[{"name":"wp","href":"https:\/\/api.w.org\/{rel}","templated":true}]}}