{"id":33838,"date":"2026-04-29T12:14:19","date_gmt":"2026-04-29T15:14:19","guid":{"rendered":"https:\/\/infotep.com.ar\/?p=33838"},"modified":"2026-04-29T12:14:20","modified_gmt":"2026-04-29T15:14:20","slug":"la-vtv-en-caba-aumento-un-28-a-cuanto-asciende-el-costo-para-los-autos","status":"publish","type":"post","link":"https:\/\/infotep.com.ar\/index.php\/2026\/04\/29\/la-vtv-en-caba-aumento-un-28-a-cuanto-asciende-el-costo-para-los-autos\/","title":{"rendered":"La VTV en CABA aument\u00f3 un 28%: a cu\u00e1nto asciende el costo para los autos"},"content":{"rendered":"\n<p>El control vehicular en el territorio porte\u00f1o acumula un incremento del 53% en lo que va del a\u00f1o.<br> El gobierno de la Ciudad Aut\u00f3noma de Buenos Aires (CABA) dispuso un nuevo incremento del 28% en las tarifas de la Verificaci\u00f3n T\u00e9cnica Vehicular (VTV) y elev\u00f3 el precio a cerca de $100.000 para los autos.<\/p>\n\n\n\n<p>Con la aplicaci\u00f3n del aumento, los automovilistas que tengan que realizar la VTV deber\u00e1n abonar $96.968,19, mientras que la tarifa para los motociclistas pas\u00f3 a ser de $36.459,72 a partir de esta semana.<\/p>\n\n\n\n<p>De esta manera, ahora los costos se alinean a los valores de la provincia de Buenos Aires, donde los veh\u00edculos de hasta 2.500 kg pagan $97.057,65, mientras que los veh\u00edculos pesados (m\u00e1s de 2.500 kg) abonan $174.703,77. La verificaci\u00f3n para las motos cuesta $38.823,06.<\/p>\n\n\n\n<p>El ajuste en CABA es el segundo del a\u00f1o y se suma al dispuesto en febrero, acumulando un incremento del 53% en 2026. Hasta ahora, el costo de la VTV para los autos era de $75.756, mientras que para las motos alcanzaba los $28.484.<\/p>\n\n\n\n<p>Desde el Ejecutivo porte\u00f1o argumentaron la actualizaci\u00f3n sosteniendo que \u201cel ajuste responde a un incremento en los costos de prestaci\u00f3n del servicio, lo que impact\u00f3 en la ecuaci\u00f3n econ\u00f3mico-financiera de las empresas concesionarias&#8221; y precisaron que &#8220;seg\u00fan la normativa vigente, cuando la variaci\u00f3n de costos supera el 5%, las firmas pueden solicitar una revisi\u00f3n tarifaria\u201d.<\/p>\n\n\n\n<p><strong>Qui\u00e9nes deben realizar la VTV en la Ciudad de Buenos Aires<br><\/strong>Los autos con domicilio en CABA deben hacer su primera VTV cuando hayan cumplido 4 a\u00f1os, o una vez que alcancen los 64.000 kil\u00f3metros. La antig\u00fcedad se calcula considerando el mes y el a\u00f1o del patentamiento.<\/p>\n\n\n\n<p>En el caso de los autos que hagan la VTV sin haber cumplido a\u00fan los 7 a\u00f1os de antig\u00fcedad, y con menos de 84.000 kil\u00f3metros recorridos, la verificaci\u00f3n tiene una vigencia de 24 meses. En vez de ser anual, pueden hacerla a\u00f1o por medio.<\/p>\n\n\n\n<p>En tanto que una vez cumplido los siete a\u00f1os o cuando se superen los 84.000 km (lo que suceda primero), la VTV se deber\u00e1 realizar en el plazo tradicional de 12 meses.<\/p>\n\n\n\n<p>Las personas que pueden acceder gratis a la VTV<br>Los jubilados que tengan ingresos de hasta dos haberes m\u00ednimos jubilatorios.<br>Personas con discapacidad que sean titulares del veh\u00edculo.<br>Personas con discapacidad que no sean titulares del veh\u00edculo, como padres, tutores, descendientes, c\u00f3nyuges, o convivientes.<br>Veh\u00edculos de uso municipal, bomberos, y personas con certificado de discapacidad en la provincia de Buenos Aires.<\/p>\n","protected":false},"excerpt":{"rendered":"<p>El control vehicular en el territorio porte&ntilde;o acumula un incremento del 53% en lo que va del a&ntilde;o. El gobierno de la Ciudad Aut&oacute;noma de Buenos Aires (CABA) dispuso un nuevo incremento del 28% en las tarifas de la Verificaci&oacute;n T&eacute;cnica Vehicular (VTV) y elev&oacute; el precio a cerca de $100.000 para los autos. Con &hellip; <\/p>\n","protected":false},"author":5,"featured_media":33839,"comment_status":"closed","ping_status":"closed","sticky":false,"template":"","format":"standard","meta":{"om_disable_all_campaigns":false,"_joinchat":[]},"categories":[4],"tags":[],"featured_image_urls":{"full":["https:\/\/infotep.com.ar\/wp-content\/uploads\/2026\/04\/vtv.webp",1280,720,false],"thumbnail":["https:\/\/infotep.com.ar\/wp-content\/uploads\/2026\/04\/vtv-150x150.webp",150,150,true],"medium":["https:\/\/infotep.com.ar\/wp-content\/uploads\/2026\/04\/vtv-300x169.webp",300,169,true],"medium_large":["https:\/\/infotep.com.ar\/wp-content\/uploads\/2026\/04\/vtv-768x432.webp",768,432,true],"large":["https:\/\/infotep.com.ar\/wp-content\/uploads\/2026\/04\/vtv-1024x576.webp",1020,574,true],"1536x1536":["https:\/\/infotep.com.ar\/wp-content\/uploads\/2026\/04\/vtv.webp",1280,720,false],"2048x2048":["https:\/\/infotep.com.ar\/wp-content\/uploads\/2026\/04\/vtv.webp",1280,720,false],"blossom-feminine-slider":["https:\/\/infotep.com.ar\/wp-content\/uploads\/2026\/04\/vtv-1280x649.webp",1280,649,true],"blossom-feminine-featured":["https:\/\/infotep.com.ar\/wp-content\/uploads\/2026\/04\/vtv-1280x600.webp",1280,600,true],"blossom-feminine-with-sidebar":["https:\/\/infotep.com.ar\/wp-content\/uploads\/2026\/04\/vtv-1020x600.webp",1020,600,true],"blossom-feminine-blog":["https:\/\/infotep.com.ar\/wp-content\/uploads\/2026\/04\/vtv-435x435.webp",435,435,true],"blossom-feminine-cat":["https:\/\/infotep.com.ar\/wp-content\/uploads\/2026\/04\/vtv-450x300.webp",450,300,true],"blossom-feminine-related":["https:\/\/infotep.com.ar\/wp-content\/uploads\/2026\/04\/vtv-320x200.webp",320,200,true],"blossom-feminine-schema":["https:\/\/infotep.com.ar\/wp-content\/uploads\/2026\/04\/vtv-107x60.webp",107,60,true],"blossom-mommy-blog-slider-big":["https:\/\/infotep.com.ar\/wp-content\/uploads\/2026\/04\/vtv-920x650.webp",920,650,true],"blossom-mommy-blog-slider":["https:\/\/infotep.com.ar\/wp-content\/uploads\/2026\/04\/vtv-460x310.webp",460,310,true],"blossom-mommy-blog-two":["https:\/\/infotep.com.ar\/wp-content\/uploads\/2026\/04\/vtv-768x480.webp",768,480,true]},"author_info":{"info":["Angela Tobar"]},"category_info":"<a href=\"https:\/\/infotep.com.ar\/index.php\/category\/provinciales\/\" rel=\"category tag\">Provinciales<\/a>","tag_info":"Provinciales","comment_count":"0","_links":{"self":[{"href":"https:\/\/infotep.com.ar\/index.php\/wp-json\/wp\/v2\/posts\/33838"}],"collection":[{"href":"https:\/\/infotep.com.ar\/index.php\/wp-json\/wp\/v2\/posts"}],"about":[{"href":"https:\/\/infotep.com.ar\/index.php\/wp-json\/wp\/v2\/types\/post"}],"author":[{"embeddable":true,"href":"https:\/\/infotep.com.ar\/index.php\/wp-json\/wp\/v2\/users\/5"}],"replies":[{"embeddable":true,"href":"https:\/\/infotep.com.ar\/index.php\/wp-json\/wp\/v2\/comments?post=33838"}],"version-history":[{"count":1,"href":"https:\/\/infotep.com.ar\/index.php\/wp-json\/wp\/v2\/posts\/33838\/revisions"}],"predecessor-version":[{"id":33840,"href":"https:\/\/infotep.com.ar\/index.php\/wp-json\/wp\/v2\/posts\/33838\/revisions\/33840"}],"wp:featuredmedia":[{"embeddable":true,"href":"https:\/\/infotep.com.ar\/index.php\/wp-json\/wp\/v2\/media\/33839"}],"wp:attachment":[{"href":"https:\/\/infotep.com.ar\/index.php\/wp-json\/wp\/v2\/media?parent=33838"}],"wp:term":[{"taxonomy":"category","embeddable":true,"href":"https:\/\/infotep.com.ar\/index.php\/wp-json\/wp\/v2\/categories?post=33838"},{"taxonomy":"post_tag","embeddable":true,"href":"https:\/\/infotep.com.ar\/index.php\/wp-json\/wp\/v2\/tags?post=33838"}],"curies":[{"name":"wp","href":"https:\/\/api.w.org\/{rel}","templated":true}]}}