{"id":33841,"date":"2026-04-29T12:21:51","date_gmt":"2026-04-29T15:21:51","guid":{"rendered":"https:\/\/infotep.com.ar\/?p=33841"},"modified":"2026-04-29T12:21:52","modified_gmt":"2026-04-29T15:21:52","slug":"caravana-en-defensa-de-la-ciencia-y-la-tecnologia-trabajadores-del-inti-denuncian-despidos-y-desguace-del-sistema-cientifico","status":"publish","type":"post","link":"https:\/\/infotep.com.ar\/index.php\/2026\/04\/29\/caravana-en-defensa-de-la-ciencia-y-la-tecnologia-trabajadores-del-inti-denuncian-despidos-y-desguace-del-sistema-cientifico\/","title":{"rendered":"Caravana en defensa de la ciencia y la tecnolog\u00eda: trabajadores del INTI denuncian despidos y \u201cdesguace\u201d del sistema cient\u00edfico"},"content":{"rendered":"\n<p>Trabajadores y trabajadoras del Instituto Nacional de Tecnolog\u00eda Industrial (INTI) convocaron a una caravana en defensa de la ciencia, la tecnolog\u00eda y la producci\u00f3n nacional, en el marco de un plan de lucha ante lo que denuncian como una amenaza de m\u00e1s de 1.500 despidos y el posible \u201cvaciamiento\u201d del organismo.<\/p>\n\n\n\n<p><strong>La actividad se realizar\u00e1 este jueves 30 de abril y forma parte de una serie de medidas votadas en asambleas del sector, que advierten sobre el impacto de las pol\u00edticas actuales en el sistema cient\u00edfico-tecnol\u00f3gico.<\/strong><\/p>\n\n\n\n<p>Seg\u00fan informaron los organizadores, la movilizaci\u00f3n busca visibilizar la situaci\u00f3n del INTI y de otros organismos del \u00e1rea, en articulaci\u00f3n con la Comisi\u00f3n Nacional de Energ\u00eda At\u00f3mica (CNEA) y la Universidad Nacional de San Mart\u00edn (UNSAM). En ese sentido, se\u00f1alaron que el objetivo es alertar sobre un \u201cdesguace del sistema cient\u00edfico y tecnol\u00f3gico\u201d y la \u201cdestrucci\u00f3n del aparato productivo nacional\u201d.<\/p>\n\n\n\n<p>La caravana comenzar\u00e1 a las 11:00 en la sede central del INTI, ubicada en la avenida General Paz al 5400, y se desarrollar\u00e1 como parte de un plan de lucha progresivo definido por los trabajadores.<\/p>\n\n\n\n<p>Desde el sector gremial sostienen que la situaci\u00f3n actual pone en riesgo el funcionamiento de \u00e1reas estrat\u00e9gicas del Estado y reclaman una revisi\u00f3n de las medidas que afectan al empleo y al presupuesto de los organismos cient\u00edficos.<\/p>\n","protected":false},"excerpt":{"rendered":"<p>Trabajadores y trabajadoras del Instituto Nacional de Tecnolog&iacute;a Industrial (INTI) convocaron a una caravana en defensa de la ciencia, la tecnolog&iacute;a y la producci&oacute;n nacional, en el marco de un plan de lucha ante lo que denuncian como una amenaza de m&aacute;s de 1.500 despidos y el posible &ldquo;vaciamiento&rdquo; del organismo. La actividad se realizar&aacute; &hellip; <\/p>\n","protected":false},"author":5,"featured_media":23299,"comment_status":"closed","ping_status":"closed","sticky":false,"template":"","format":"standard","meta":{"om_disable_all_campaigns":false,"_joinchat":[]},"categories":[7],"tags":[],"featured_image_urls":{"full":["https:\/\/infotep.com.ar\/wp-content\/uploads\/2025\/05\/inti.jpg",960,689,false],"thumbnail":["https:\/\/infotep.com.ar\/wp-content\/uploads\/2025\/05\/inti-150x150.jpg",150,150,true],"medium":["https:\/\/infotep.com.ar\/wp-content\/uploads\/2025\/05\/inti-300x215.jpg",300,215,true],"medium_large":["https:\/\/infotep.com.ar\/wp-content\/uploads\/2025\/05\/inti-768x551.jpg",768,551,true],"large":["https:\/\/infotep.com.ar\/wp-content\/uploads\/2025\/05\/inti.jpg",960,689,false],"1536x1536":["https:\/\/infotep.com.ar\/wp-content\/uploads\/2025\/05\/inti.jpg",960,689,false],"2048x2048":["https:\/\/infotep.com.ar\/wp-content\/uploads\/2025\/05\/inti.jpg",960,689,false],"blossom-feminine-slider":["https:\/\/infotep.com.ar\/wp-content\/uploads\/2025\/05\/inti-960x649.jpg",960,649,true],"blossom-feminine-featured":["https:\/\/infotep.com.ar\/wp-content\/uploads\/2025\/05\/inti-960x600.jpg",960,600,true],"blossom-feminine-with-sidebar":["https:\/\/infotep.com.ar\/wp-content\/uploads\/2025\/05\/inti-960x600.jpg",960,600,true],"blossom-feminine-blog":["https:\/\/infotep.com.ar\/wp-content\/uploads\/2025\/05\/inti-435x435.jpg",435,435,true],"blossom-feminine-cat":["https:\/\/infotep.com.ar\/wp-content\/uploads\/2025\/05\/inti-450x300.jpg",450,300,true],"blossom-feminine-related":["https:\/\/infotep.com.ar\/wp-content\/uploads\/2025\/05\/inti-320x200.jpg",320,200,true],"blossom-feminine-schema":["https:\/\/infotep.com.ar\/wp-content\/uploads\/2025\/05\/inti-84x60.jpg",84,60,true],"blossom-mommy-blog-slider-big":["https:\/\/infotep.com.ar\/wp-content\/uploads\/2025\/05\/inti-920x650.jpg",920,650,true],"blossom-mommy-blog-slider":["https:\/\/infotep.com.ar\/wp-content\/uploads\/2025\/05\/inti-460x310.jpg",460,310,true],"blossom-mommy-blog-two":["https:\/\/infotep.com.ar\/wp-content\/uploads\/2025\/05\/inti-768x480.jpg",768,480,true]},"author_info":{"info":["Angela Tobar"]},"category_info":"<a href=\"https:\/\/infotep.com.ar\/index.php\/category\/gremios\/\" rel=\"category tag\">Gremios<\/a>","tag_info":"Gremios","comment_count":"0","_links":{"self":[{"href":"https:\/\/infotep.com.ar\/index.php\/wp-json\/wp\/v2\/posts\/33841"}],"collection":[{"href":"https:\/\/infotep.com.ar\/index.php\/wp-json\/wp\/v2\/posts"}],"about":[{"href":"https:\/\/infotep.com.ar\/index.php\/wp-json\/wp\/v2\/types\/post"}],"author":[{"embeddable":true,"href":"https:\/\/infotep.com.ar\/index.php\/wp-json\/wp\/v2\/users\/5"}],"replies":[{"embeddable":true,"href":"https:\/\/infotep.com.ar\/index.php\/wp-json\/wp\/v2\/comments?post=33841"}],"version-history":[{"count":1,"href":"https:\/\/infotep.com.ar\/index.php\/wp-json\/wp\/v2\/posts\/33841\/revisions"}],"predecessor-version":[{"id":33842,"href":"https:\/\/infotep.com.ar\/index.php\/wp-json\/wp\/v2\/posts\/33841\/revisions\/33842"}],"wp:featuredmedia":[{"embeddable":true,"href":"https:\/\/infotep.com.ar\/index.php\/wp-json\/wp\/v2\/media\/23299"}],"wp:attachment":[{"href":"https:\/\/infotep.com.ar\/index.php\/wp-json\/wp\/v2\/media?parent=33841"}],"wp:term":[{"taxonomy":"category","embeddable":true,"href":"https:\/\/infotep.com.ar\/index.php\/wp-json\/wp\/v2\/categories?post=33841"},{"taxonomy":"post_tag","embeddable":true,"href":"https:\/\/infotep.com.ar\/index.php\/wp-json\/wp\/v2\/tags?post=33841"}],"curies":[{"name":"wp","href":"https:\/\/api.w.org\/{rel}","templated":true}]}}