{"id":33854,"date":"2026-04-29T21:07:07","date_gmt":"2026-04-30T00:07:07","guid":{"rendered":"https:\/\/infotep.com.ar\/?p=33854"},"modified":"2026-04-29T21:07:08","modified_gmt":"2026-04-30T00:07:08","slug":"kicillof-tras-la-marcha-de-los-intendentes-milei-tiene-que-hacerse-cargo-de-la-crisis-que-esta-generando","status":"publish","type":"post","link":"https:\/\/infotep.com.ar\/index.php\/2026\/04\/29\/kicillof-tras-la-marcha-de-los-intendentes-milei-tiene-que-hacerse-cargo-de-la-crisis-que-esta-generando\/","title":{"rendered":"Kicillof, tras la marcha de los intendentes: \u201cMilei tiene que hacerse cargo de la crisis que est\u00e1 generando&#8221;"},"content":{"rendered":"\n<p>\u201cEl Gobierno nacional tiene la obligaci\u00f3n de dar una respuesta\u201d, dijo sobre el Servicio Alimentario Escolar.<br><br> El gobernador de Buenos Aires, Axel Kicillof, destac\u00f3 la marcha de los intendentes de la provincia a las puertas del Ministerio de Capital Humano de la Naci\u00f3n y sostuvo que el presidente Javier Milei \u201ctiene que hacerse cargo de la crisis que est\u00e1 generando en los hogares de los bonaerenses\u201d.<\/p>\n\n\n\n<p>\u201cJunto a intendentes e intendentas reclamamos al Gobierno nacional la revisi\u00f3n y actualizaci\u00f3n de los montos asignados al Servicio Alimentario Escolar. En lugar de cumplir con esa responsabilidad, decide recortar el aporte hist\u00f3rico que se hac\u00eda para que los pibes y pibas tengan garantizado su derecho a la alimentaci\u00f3n\u201d, se quej\u00f3 el mandatario provincial en X.<\/p>\n\n\n\n<p>\u201cLos intendentes son los primeros en contener el padecimiento de sus vecinos y desde la Provincia los acompa\u00f1amos con todos los recursos a nuestro alcance, pero nada es suficiente mientras sigan avanzando estas pol\u00edticas\u201d, agreg\u00f3.<\/p>\n\n\n\n<p>Y cerr\u00f3 \u201cAunque no quiera ver la realidad, el Gobierno nacional tiene la obligaci\u00f3n de dar una respuesta. No a nosotros, sino a las millones de personas que la est\u00e1n pasando mal por culpa del modelo econ\u00f3mico que est\u00e1n llevando adelante\u201d.<\/p>\n\n\n\n<p>Tambi\u00e9n se refiri\u00f3 al tema en una entrevista a un canal de noticias, donde Kiicllof sostuvo que \u201cdesde la provincia se increment\u00f3 un 30 por ciento los fondos para el servicio alimentario escolar\u201d, pero insisti\u00f3 en que \u201cel gobierno se tiene que hacer responsable y acompa\u00f1ar, pero recortan y retacean\u201d.<\/p>\n","protected":false},"excerpt":{"rendered":"<p>&ldquo;El Gobierno nacional tiene la obligaci&oacute;n de dar una respuesta&rdquo;, dijo sobre el Servicio Alimentario Escolar. El gobernador de Buenos Aires, Axel Kicillof, destac&oacute; la marcha de los intendentes de la provincia a las puertas del Ministerio de Capital Humano de la Naci&oacute;n y sostuvo que el presidente Javier Milei &ldquo;tiene que hacerse cargo de &hellip; <\/p>\n","protected":false},"author":5,"featured_media":33401,"comment_status":"closed","ping_status":"closed","sticky":false,"template":"","format":"standard","meta":{"om_disable_all_campaigns":false,"_joinchat":[]},"categories":[4],"tags":[],"featured_image_urls":{"full":["https:\/\/infotep.com.ar\/wp-content\/uploads\/2026\/04\/Axel-Kicillof_175.jpg",743,530,false],"thumbnail":["https:\/\/infotep.com.ar\/wp-content\/uploads\/2026\/04\/Axel-Kicillof_175-150x150.jpg",150,150,true],"medium":["https:\/\/infotep.com.ar\/wp-content\/uploads\/2026\/04\/Axel-Kicillof_175-300x214.jpg",300,214,true],"medium_large":["https:\/\/infotep.com.ar\/wp-content\/uploads\/2026\/04\/Axel-Kicillof_175.jpg",743,530,false],"large":["https:\/\/infotep.com.ar\/wp-content\/uploads\/2026\/04\/Axel-Kicillof_175.jpg",743,530,false],"1536x1536":["https:\/\/infotep.com.ar\/wp-content\/uploads\/2026\/04\/Axel-Kicillof_175.jpg",743,530,false],"2048x2048":["https:\/\/infotep.com.ar\/wp-content\/uploads\/2026\/04\/Axel-Kicillof_175.jpg",743,530,false],"blossom-feminine-slider":["https:\/\/infotep.com.ar\/wp-content\/uploads\/2026\/04\/Axel-Kicillof_175.jpg",743,530,false],"blossom-feminine-featured":["https:\/\/infotep.com.ar\/wp-content\/uploads\/2026\/04\/Axel-Kicillof_175.jpg",743,530,false],"blossom-feminine-with-sidebar":["https:\/\/infotep.com.ar\/wp-content\/uploads\/2026\/04\/Axel-Kicillof_175.jpg",743,530,false],"blossom-feminine-blog":["https:\/\/infotep.com.ar\/wp-content\/uploads\/2026\/04\/Axel-Kicillof_175-435x435.jpg",435,435,true],"blossom-feminine-cat":["https:\/\/infotep.com.ar\/wp-content\/uploads\/2026\/04\/Axel-Kicillof_175-450x300.jpg",450,300,true],"blossom-feminine-related":["https:\/\/infotep.com.ar\/wp-content\/uploads\/2026\/04\/Axel-Kicillof_175-320x200.jpg",320,200,true],"blossom-feminine-schema":["https:\/\/infotep.com.ar\/wp-content\/uploads\/2026\/04\/Axel-Kicillof_175-84x60.jpg",84,60,true],"blossom-mommy-blog-slider-big":["https:\/\/infotep.com.ar\/wp-content\/uploads\/2026\/04\/Axel-Kicillof_175.jpg",743,530,false],"blossom-mommy-blog-slider":["https:\/\/infotep.com.ar\/wp-content\/uploads\/2026\/04\/Axel-Kicillof_175-460x310.jpg",460,310,true],"blossom-mommy-blog-two":["https:\/\/infotep.com.ar\/wp-content\/uploads\/2026\/04\/Axel-Kicillof_175-743x480.jpg",743,480,true]},"author_info":{"info":["Angela Tobar"]},"category_info":"<a href=\"https:\/\/infotep.com.ar\/index.php\/category\/provinciales\/\" rel=\"category tag\">Provinciales<\/a>","tag_info":"Provinciales","comment_count":"0","_links":{"self":[{"href":"https:\/\/infotep.com.ar\/index.php\/wp-json\/wp\/v2\/posts\/33854"}],"collection":[{"href":"https:\/\/infotep.com.ar\/index.php\/wp-json\/wp\/v2\/posts"}],"about":[{"href":"https:\/\/infotep.com.ar\/index.php\/wp-json\/wp\/v2\/types\/post"}],"author":[{"embeddable":true,"href":"https:\/\/infotep.com.ar\/index.php\/wp-json\/wp\/v2\/users\/5"}],"replies":[{"embeddable":true,"href":"https:\/\/infotep.com.ar\/index.php\/wp-json\/wp\/v2\/comments?post=33854"}],"version-history":[{"count":1,"href":"https:\/\/infotep.com.ar\/index.php\/wp-json\/wp\/v2\/posts\/33854\/revisions"}],"predecessor-version":[{"id":33855,"href":"https:\/\/infotep.com.ar\/index.php\/wp-json\/wp\/v2\/posts\/33854\/revisions\/33855"}],"wp:featuredmedia":[{"embeddable":true,"href":"https:\/\/infotep.com.ar\/index.php\/wp-json\/wp\/v2\/media\/33401"}],"wp:attachment":[{"href":"https:\/\/infotep.com.ar\/index.php\/wp-json\/wp\/v2\/media?parent=33854"}],"wp:term":[{"taxonomy":"category","embeddable":true,"href":"https:\/\/infotep.com.ar\/index.php\/wp-json\/wp\/v2\/categories?post=33854"},{"taxonomy":"post_tag","embeddable":true,"href":"https:\/\/infotep.com.ar\/index.php\/wp-json\/wp\/v2\/tags?post=33854"}],"curies":[{"name":"wp","href":"https:\/\/api.w.org\/{rel}","templated":true}]}}