{"id":33872,"date":"2026-04-30T10:49:04","date_gmt":"2026-04-30T13:49:04","guid":{"rendered":"https:\/\/infotep.com.ar\/?p=33872"},"modified":"2026-04-30T10:57:08","modified_gmt":"2026-04-30T13:57:08","slug":"descalzo-cruzo-a-milei-por-el-ajuste-alimentario-no-se-puede-ajustar-sobre-el-hambre","status":"publish","type":"post","link":"https:\/\/infotep.com.ar\/index.php\/2026\/04\/30\/descalzo-cruzo-a-milei-por-el-ajuste-alimentario-no-se-puede-ajustar-sobre-el-hambre\/","title":{"rendered":"Descalzo cruz\u00f3 a Milei por el ajuste alimentario: \u201cNo se puede ajustar sobre el hambre\u201d"},"content":{"rendered":"\n<p>El intendente de Ituzaing\u00f3, Pablo Descalzo, lanz\u00f3 fuertes cuestionamientos al gobierno del presidente Javier Milei por el ajuste en pol\u00edticas alimentarias y la deuda con provincias y municipios. <br><br>Sus declaraciones fueron realizadas a trav\u00e9s de redes sociales, en el marco de la movilizaci\u00f3n que encabezaron jefes comunales bonaerenses para entregar un petitorio a Capital Humano, donde reclaman por el desfinanciamiento de los programas alimentarios, destinados a casi 3 millones de ni\u00f1as, ni\u00f1os y adolescentes.<\/p>\n\n\n\n<p>Descalzo particip\u00f3 de la protesta junto a intendentes e intendentas de toda la provincia, donde se reclam\u00f3 por los fondos adeudados destinados a programas clave como el Servicio Alimentario Escolar (SAE) y la asistencia en comedores comunitarios.<\/p>\n\n\n\n<p class=\"has-light-green-cyan-background-color has-background\">En ese contexto, el jefe comunal expres\u00f3: \u201cEl Gobierno nacional provoca la crisis y pretende que la paguen provincias y municipios. Deben m\u00e1s de $220.000 millones en alimentos. No se puede ajustar sobre el hambre. Exigimos que cumplan\u201d.<\/p>\n\n\n\n<p>Asimismo, remarc\u00f3 el impacto directo de los recortes en los sectores m\u00e1s vulnerables: \u201cEn la FAM, junto a Axel Kicillof, reclamamos a Naci\u00f3n por los fondos adeudados para asistencia alimentaria. No se puede mirar para otro lado. El Gobierno Nacional tiene que hacerse cargo y pagar lo que debe. El SAE alcanza a 2,5 millones de estudiantes\u201d.<\/p>\n\n\n\n<figure class=\"wp-block-image size-full\"><img decoding=\"async\" loading=\"lazy\" width=\"680\" height=\"453\" src=\"https:\/\/infotep.com.ar\/wp-content\/uploads\/2026\/04\/intendentes-3.jpg\" alt=\"\" class=\"wp-image-33875\" srcset=\"https:\/\/infotep.com.ar\/wp-content\/uploads\/2026\/04\/intendentes-3.jpg 680w, https:\/\/infotep.com.ar\/wp-content\/uploads\/2026\/04\/intendentes-3-300x200.jpg 300w, https:\/\/infotep.com.ar\/wp-content\/uploads\/2026\/04\/intendentes-3-450x300.jpg 450w, https:\/\/infotep.com.ar\/wp-content\/uploads\/2026\/04\/intendentes-3-90x60.jpg 90w\" sizes=\"(max-width: 680px) 100vw, 680px\" \/><\/figure>\n\n\n\n<p class=\"has-light-green-cyan-background-color has-background\"><strong>Con una mirada cr\u00edtica sobre el rumbo econ\u00f3mico, Descalzo tambi\u00e9n advirti\u00f3 sobre el crecimiento de la demanda social en los territorios: \u201cMientras se recortan recursos en \u00e1reas sensibles, crece la demanda en los barrios. No es teor\u00eda, es la realidad todos los d\u00edas. El modelo es claro: generar crisis y descargar sus consecuencias sobre provincias y municipios\u201d.<\/strong><\/p>\n\n\n\n<p>Las declaraciones del intendente se inscriben en un clima de creciente tensi\u00f3n entre el Gobierno nacional y los gobiernos provinciales y municipales, en particular por la distribuci\u00f3n de recursos para pol\u00edticas sociales en un contexto de ajuste fiscal.<\/p>\n","protected":false},"excerpt":{"rendered":"<p>El intendente de Ituzaing&oacute;, Pablo Descalzo, lanz&oacute; fuertes cuestionamientos al gobierno del presidente Javier Milei por el ajuste en pol&iacute;ticas alimentarias y la deuda con provincias y municipios. Sus declaraciones fueron realizadas a trav&eacute;s de redes sociales, en el marco de la movilizaci&oacute;n que encabezaron jefes comunales bonaerenses para entregar un petitorio a Capital Humano, &hellip; <\/p>\n","protected":false},"author":5,"featured_media":33874,"comment_status":"closed","ping_status":"closed","sticky":false,"template":"","format":"standard","meta":{"om_disable_all_campaigns":false,"_joinchat":[]},"categories":[31,8],"tags":[],"featured_image_urls":{"full":["https:\/\/infotep.com.ar\/wp-content\/uploads\/2026\/04\/descalzo-pablo.jpg",680,453,false],"thumbnail":["https:\/\/infotep.com.ar\/wp-content\/uploads\/2026\/04\/descalzo-pablo-150x150.jpg",150,150,true],"medium":["https:\/\/infotep.com.ar\/wp-content\/uploads\/2026\/04\/descalzo-pablo-300x200.jpg",300,200,true],"medium_large":["https:\/\/infotep.com.ar\/wp-content\/uploads\/2026\/04\/descalzo-pablo.jpg",680,453,false],"large":["https:\/\/infotep.com.ar\/wp-content\/uploads\/2026\/04\/descalzo-pablo.jpg",680,453,false],"1536x1536":["https:\/\/infotep.com.ar\/wp-content\/uploads\/2026\/04\/descalzo-pablo.jpg",680,453,false],"2048x2048":["https:\/\/infotep.com.ar\/wp-content\/uploads\/2026\/04\/descalzo-pablo.jpg",680,453,false],"blossom-feminine-slider":["https:\/\/infotep.com.ar\/wp-content\/uploads\/2026\/04\/descalzo-pablo.jpg",680,453,false],"blossom-feminine-featured":["https:\/\/infotep.com.ar\/wp-content\/uploads\/2026\/04\/descalzo-pablo.jpg",680,453,false],"blossom-feminine-with-sidebar":["https:\/\/infotep.com.ar\/wp-content\/uploads\/2026\/04\/descalzo-pablo.jpg",680,453,false],"blossom-feminine-blog":["https:\/\/infotep.com.ar\/wp-content\/uploads\/2026\/04\/descalzo-pablo-435x435.jpg",435,435,true],"blossom-feminine-cat":["https:\/\/infotep.com.ar\/wp-content\/uploads\/2026\/04\/descalzo-pablo-450x300.jpg",450,300,true],"blossom-feminine-related":["https:\/\/infotep.com.ar\/wp-content\/uploads\/2026\/04\/descalzo-pablo-320x200.jpg",320,200,true],"blossom-feminine-schema":["https:\/\/infotep.com.ar\/wp-content\/uploads\/2026\/04\/descalzo-pablo-90x60.jpg",90,60,true],"blossom-mommy-blog-slider-big":["https:\/\/infotep.com.ar\/wp-content\/uploads\/2026\/04\/descalzo-pablo.jpg",680,453,false],"blossom-mommy-blog-slider":["https:\/\/infotep.com.ar\/wp-content\/uploads\/2026\/04\/descalzo-pablo-460x310.jpg",460,310,true],"blossom-mommy-blog-two":["https:\/\/infotep.com.ar\/wp-content\/uploads\/2026\/04\/descalzo-pablo.jpg",680,453,false]},"author_info":{"info":["Angela Tobar"]},"category_info":"<a href=\"https:\/\/infotep.com.ar\/index.php\/category\/destacadas\/\" rel=\"category tag\">Destacadas<\/a> <a href=\"https:\/\/infotep.com.ar\/index.php\/category\/municipales\/ituzaingo\/\" rel=\"category tag\">Ituzaing\u00f3<\/a>","tag_info":"Ituzaing\u00f3","comment_count":"0","_links":{"self":[{"href":"https:\/\/infotep.com.ar\/index.php\/wp-json\/wp\/v2\/posts\/33872"}],"collection":[{"href":"https:\/\/infotep.com.ar\/index.php\/wp-json\/wp\/v2\/posts"}],"about":[{"href":"https:\/\/infotep.com.ar\/index.php\/wp-json\/wp\/v2\/types\/post"}],"author":[{"embeddable":true,"href":"https:\/\/infotep.com.ar\/index.php\/wp-json\/wp\/v2\/users\/5"}],"replies":[{"embeddable":true,"href":"https:\/\/infotep.com.ar\/index.php\/wp-json\/wp\/v2\/comments?post=33872"}],"version-history":[{"count":2,"href":"https:\/\/infotep.com.ar\/index.php\/wp-json\/wp\/v2\/posts\/33872\/revisions"}],"predecessor-version":[{"id":33879,"href":"https:\/\/infotep.com.ar\/index.php\/wp-json\/wp\/v2\/posts\/33872\/revisions\/33879"}],"wp:featuredmedia":[{"embeddable":true,"href":"https:\/\/infotep.com.ar\/index.php\/wp-json\/wp\/v2\/media\/33874"}],"wp:attachment":[{"href":"https:\/\/infotep.com.ar\/index.php\/wp-json\/wp\/v2\/media?parent=33872"}],"wp:term":[{"taxonomy":"category","embeddable":true,"href":"https:\/\/infotep.com.ar\/index.php\/wp-json\/wp\/v2\/categories?post=33872"},{"taxonomy":"post_tag","embeddable":true,"href":"https:\/\/infotep.com.ar\/index.php\/wp-json\/wp\/v2\/tags?post=33872"}],"curies":[{"name":"wp","href":"https:\/\/api.w.org\/{rel}","templated":true}]}}