{"id":33901,"date":"2026-04-30T11:36:13","date_gmt":"2026-04-30T14:36:13","guid":{"rendered":"https:\/\/infotep.com.ar\/?p=33901"},"modified":"2026-04-30T11:36:14","modified_gmt":"2026-04-30T14:36:14","slug":"casa-rosada-sin-prensa-criticas-al-gobierno-de-milei-por-el-endurecimiento-del-discurso-y-la-restriccion-a-la-diversidad-de-voces","status":"publish","type":"post","link":"https:\/\/infotep.com.ar\/index.php\/2026\/04\/30\/casa-rosada-sin-prensa-criticas-al-gobierno-de-milei-por-el-endurecimiento-del-discurso-y-la-restriccion-a-la-diversidad-de-voces\/","title":{"rendered":"Casa Rosada sin prensa: cr\u00edticas al Gobierno de Milei por el endurecimiento del discurso y la restricci\u00f3n a la diversidad de voces"},"content":{"rendered":"\n<p class=\"has-white-background-color has-background\">A una semana de la decisi\u00f3n de impedir el acceso de periodistas acreditados a la Casa Rosada, crecen los cuestionamientos al gobierno de Javier Milei por el tono confrontativo de sus declaraciones y las restricciones al trabajo de la prensa.<br><br>La medida, comunicada de manera informal y a\u00fan sin resoluci\u00f3n oficial, dej\u00f3 sin cobertura directa a los medios en uno de los principales \u00e1mbitos institucionales del pa\u00eds, lo que gener\u00f3 preocupaci\u00f3n en distintos sectores por el impacto en la libertad de expresi\u00f3n y el acceso a la informaci\u00f3n p\u00fablica.<br><br><strong>En paralelo, el Presidente profundiz\u00f3 su enfrentamiento con el periodismo con fuertes declaraciones p\u00fablicas. En los pasillos del Congreso, al referirse a la investigaci\u00f3n sobre el jefe de Gabinete Manuel Adorni, lanz\u00f3: \u201cEl caso est\u00e1 cerrado, chorros, corruptos\u201d, en alusi\u00f3n a periodistas parlamentarios.<br><\/strong><br>Las cr\u00edticas se repitieron en distintos escenarios durante la \u00faltima semana, incluyendo discursos oficiales y publicaciones en redes sociales, donde el mandatario volvi\u00f3 a cuestionar con dureza a los medios de comunicaci\u00f3n. En una de sus intervenciones, sostuvo: \u201cHan dicho de todo sobre m\u00ed. Me han acusado de incestuoso, zoof\u00edlico, y ped\u00f3filo. Creo que tengo derecho de defenderme. \u00bfQu\u00e9 creen que es el principio de no agresi\u00f3n? Los periodistas pueden pegar, pero tambi\u00e9n se puede responder. Eso no afecta a la libertad de expresi\u00f3n. Si creen que hay asimetr\u00eda, les pregunto: \u00bfen qu\u00e9 momento ejerc\u00ed violencia? Esto es para todos los llorones\u201d.<br><br><strong>Desde sus redes sociales, el tono se mantuvo en la misma l\u00ednea cr\u00edtica: \u201cNOL$ALP. Desenmascarando el accionar de las basuras inmundas (95%) que llevan el r\u00f3tulo de \u2018periodistas\u2019. La falta de pauta los tiene tan locos que hoy no exhiben diferencia alguna en visi\u00f3n. VIVA LA LIBERTAD CARAJO\u2026!!!\u201d.<br><\/strong><br>El escenario abre un debate sobre los l\u00edmites del discurso oficial y el rol del Estado en garantizar condiciones para el ejercicio del periodismo. La combinaci\u00f3n de restricciones al acceso institucional y descalificaciones p\u00fablicas hacia trabajadores de prensa es se\u00f1alada por distintos sectores como un factor que puede afectar la pluralidad de voces y el funcionamiento democr\u00e1tico.<br><br>Mientras tanto, dentro del propio Gobierno surgen advertencias sobre el costo pol\u00edtico de sostener esta confrontaci\u00f3n abierta con los medios, en un contexto donde la tensi\u00f3n no muestra se\u00f1ales de desaceleraci\u00f3n.<\/p>\n","protected":false},"excerpt":{"rendered":"<p>A una semana de la decisi&oacute;n de impedir el acceso de periodistas acreditados a la Casa Rosada, crecen los cuestionamientos al gobierno de Javier Milei por el tono confrontativo de sus declaraciones y las restricciones al trabajo de la prensa. La medida, comunicada de manera informal y a&uacute;n sin resoluci&oacute;n oficial, dej&oacute; sin cobertura directa &hellip; <\/p>\n","protected":false},"author":5,"featured_media":33902,"comment_status":"closed","ping_status":"closed","sticky":false,"template":"","format":"standard","meta":{"om_disable_all_campaigns":false,"_joinchat":[]},"categories":[3],"tags":[],"featured_image_urls":{"full":["https:\/\/infotep.com.ar\/wp-content\/uploads\/2026\/04\/milei-puteando-a-periodistas.webp",1080,720,false],"thumbnail":["https:\/\/infotep.com.ar\/wp-content\/uploads\/2026\/04\/milei-puteando-a-periodistas-150x150.webp",150,150,true],"medium":["https:\/\/infotep.com.ar\/wp-content\/uploads\/2026\/04\/milei-puteando-a-periodistas-300x200.webp",300,200,true],"medium_large":["https:\/\/infotep.com.ar\/wp-content\/uploads\/2026\/04\/milei-puteando-a-periodistas-768x512.webp",768,512,true],"large":["https:\/\/infotep.com.ar\/wp-content\/uploads\/2026\/04\/milei-puteando-a-periodistas-1024x683.webp",1020,680,true],"1536x1536":["https:\/\/infotep.com.ar\/wp-content\/uploads\/2026\/04\/milei-puteando-a-periodistas.webp",1080,720,false],"2048x2048":["https:\/\/infotep.com.ar\/wp-content\/uploads\/2026\/04\/milei-puteando-a-periodistas.webp",1080,720,false],"blossom-feminine-slider":["https:\/\/infotep.com.ar\/wp-content\/uploads\/2026\/04\/milei-puteando-a-periodistas-1080x649.webp",1080,649,true],"blossom-feminine-featured":["https:\/\/infotep.com.ar\/wp-content\/uploads\/2026\/04\/milei-puteando-a-periodistas-1080x600.webp",1080,600,true],"blossom-feminine-with-sidebar":["https:\/\/infotep.com.ar\/wp-content\/uploads\/2026\/04\/milei-puteando-a-periodistas-1020x600.webp",1020,600,true],"blossom-feminine-blog":["https:\/\/infotep.com.ar\/wp-content\/uploads\/2026\/04\/milei-puteando-a-periodistas-435x435.webp",435,435,true],"blossom-feminine-cat":["https:\/\/infotep.com.ar\/wp-content\/uploads\/2026\/04\/milei-puteando-a-periodistas-450x300.webp",450,300,true],"blossom-feminine-related":["https:\/\/infotep.com.ar\/wp-content\/uploads\/2026\/04\/milei-puteando-a-periodistas-320x200.webp",320,200,true],"blossom-feminine-schema":["https:\/\/infotep.com.ar\/wp-content\/uploads\/2026\/04\/milei-puteando-a-periodistas-90x60.webp",90,60,true],"blossom-mommy-blog-slider-big":["https:\/\/infotep.com.ar\/wp-content\/uploads\/2026\/04\/milei-puteando-a-periodistas-920x650.webp",920,650,true],"blossom-mommy-blog-slider":["https:\/\/infotep.com.ar\/wp-content\/uploads\/2026\/04\/milei-puteando-a-periodistas-460x310.webp",460,310,true],"blossom-mommy-blog-two":["https:\/\/infotep.com.ar\/wp-content\/uploads\/2026\/04\/milei-puteando-a-periodistas-768x480.webp",768,480,true]},"author_info":{"info":["Angela Tobar"]},"category_info":"<a href=\"https:\/\/infotep.com.ar\/index.php\/category\/nacionales\/\" rel=\"category tag\">Nacionales<\/a>","tag_info":"Nacionales","comment_count":"0","_links":{"self":[{"href":"https:\/\/infotep.com.ar\/index.php\/wp-json\/wp\/v2\/posts\/33901"}],"collection":[{"href":"https:\/\/infotep.com.ar\/index.php\/wp-json\/wp\/v2\/posts"}],"about":[{"href":"https:\/\/infotep.com.ar\/index.php\/wp-json\/wp\/v2\/types\/post"}],"author":[{"embeddable":true,"href":"https:\/\/infotep.com.ar\/index.php\/wp-json\/wp\/v2\/users\/5"}],"replies":[{"embeddable":true,"href":"https:\/\/infotep.com.ar\/index.php\/wp-json\/wp\/v2\/comments?post=33901"}],"version-history":[{"count":1,"href":"https:\/\/infotep.com.ar\/index.php\/wp-json\/wp\/v2\/posts\/33901\/revisions"}],"predecessor-version":[{"id":33903,"href":"https:\/\/infotep.com.ar\/index.php\/wp-json\/wp\/v2\/posts\/33901\/revisions\/33903"}],"wp:featuredmedia":[{"embeddable":true,"href":"https:\/\/infotep.com.ar\/index.php\/wp-json\/wp\/v2\/media\/33902"}],"wp:attachment":[{"href":"https:\/\/infotep.com.ar\/index.php\/wp-json\/wp\/v2\/media?parent=33901"}],"wp:term":[{"taxonomy":"category","embeddable":true,"href":"https:\/\/infotep.com.ar\/index.php\/wp-json\/wp\/v2\/categories?post=33901"},{"taxonomy":"post_tag","embeddable":true,"href":"https:\/\/infotep.com.ar\/index.php\/wp-json\/wp\/v2\/tags?post=33901"}],"curies":[{"name":"wp","href":"https:\/\/api.w.org\/{rel}","templated":true}]}}