{"id":33916,"date":"2026-04-30T13:33:20","date_gmt":"2026-04-30T16:33:20","guid":{"rendered":"https:\/\/infotep.com.ar\/?p=33916"},"modified":"2026-04-30T13:35:11","modified_gmt":"2026-04-30T16:35:11","slug":"emanuel-fernandez-alerto-por-tropas-de-ee-uu-en-moreno-no-es-casual-y-hablo-de-geopolitica-regional","status":"publish","type":"post","link":"https:\/\/infotep.com.ar\/index.php\/2026\/04\/30\/emanuel-fernandez-alerto-por-tropas-de-ee-uu-en-moreno-no-es-casual-y-hablo-de-geopolitica-regional\/","title":{"rendered":"Emanuel Fern\u00e1ndez alert\u00f3 por tropas de EE.UU. en Moreno: \u201cNo es casual\u201d y habl\u00f3 de geopol\u00edtica regional"},"content":{"rendered":"\n<p>El presidente del Concejo Deliberante de Moreno, Emanuel Fern\u00e1ndez, expres\u00f3 su preocupaci\u00f3n por la autorizaci\u00f3n de ejercicios militares con participaci\u00f3n de tropas estadounidenses en el distrito, en el marco de los operativos \u201cDaga Atl\u00e1ntica\u201d y \u201cPassex\u201d, habilitados por decreto del presidente Javier Milei.<\/p>\n\n\n\n<p><strong>En di\u00e1logo con el programa Todo es Pol\u00edtica, el dirigente advirti\u00f3 sobre el contexto internacional en el que se inscribe la medida: \u201cVivimos con mucha preocupaci\u00f3n esta situaci\u00f3n que estamos viviendo y hay que analizar la pol\u00edtica internacional porque no es casual que en este escenario geopol\u00edtico Estados Unidos est\u00e1 invadiendo pa\u00edses y la mirada est\u00e1 en los de Latinoam\u00e9rica que tienen recursos muy importantes y esta maniobra militar expresa esta pol\u00edtica que est\u00e1 teniendo Estados Unidos de ir a los territorios, hacer pr\u00e1cticas militares, inteligencia y conocimiento de territorios\u201d.<\/strong><\/p>\n\n\n\n<p>Los ejercicios contemplan actividades en la VII Brigada A\u00e9rea, ubicada en Moreno, lo que encendi\u00f3 alarmas en sectores pol\u00edticos, sociales y de derechos humanos del distrito. \u201cNo es solo en nuestra base a\u00e9rea que es estrat\u00e9gica para nuestro territorio y vivimos con mucha preocupaci\u00f3n\u201d, remarc\u00f3 Fern\u00e1ndez.<\/p>\n\n\n\n<p>En ese marco, el funcionario destac\u00f3 la movilizaci\u00f3n realizada en rechazo a la medida: \u201cHicimos una movilizaci\u00f3n con los ciudadanos, veteranos de Malvinas, municipio para expresar la preocupaci\u00f3n de los vecinos y vecinas por lo que est\u00e1 pasando\u201d.<\/p>\n\n\n\n<p>Adem\u00e1s, cuestion\u00f3 el mecanismo utilizado por el Ejecutivo nacional para autorizar el ingreso de tropas extranjeras: \u201cSe salte\u00f3 el Congreso como viene haciendo costumbre el Gobierno y sali\u00f3 por el decreto de necesidad y urgencia, es muy triste y preocupante lo que est\u00e1 sucediendo y prestar mucha atenci\u00f3n. Y nuestro deber es reivindicar y defender la soberan\u00eda\u201d.<\/p>\n\n\n\n<p>Fern\u00e1ndez tambi\u00e9n vincul\u00f3 la situaci\u00f3n con el contexto social: \u201cNuestro pueblo est\u00e1 pasando por una situaci\u00f3n muy complicada, es importante que en cada uno de estos actos nos organicemos y estemos alerta y volver a encontrarnos en la defensa de la soberan\u00eda, el sentido de comunidad\u201d.<\/p>\n\n\n\n<p>Adem\u00e1s, detall\u00f3 que la intendenta de Moreno, Mariel Fern\u00e1ndez, encabez\u00f3 un encuentro junto a excombatientes de Malvinas, dirigentes pol\u00edticos, sindicatos y organismos de derechos humanos para coordinar acciones frente a esta situaci\u00f3n.<\/p>\n\n\n\n<p>Durante la reuni\u00f3n, se plantearon fuertes cuestionamientos legales y pol\u00edticos a la decisi\u00f3n del Gobierno nacional, al considerar que el ingreso de fuerzas extranjeras sin autorizaci\u00f3n del Congreso contradice lo establecido por la Constituci\u00f3n Nacional. En ese sentido, se advirti\u00f3 que se trata de \u201cun procedimiento contrario a la Constituci\u00f3n\u201d que \u201cfortalece intereses externos m\u00e1s que capacidades nacionales\u201d.<\/p>\n\n\n\n<p>Y detall\u00f3 que como resultado, se avanz\u00f3 en una serie de acciones institucionales, entre ellas proyectos en el Concejo Deliberante de Moreno, presentaciones en la Legislatura bonaerense y una iniciativa en el Congreso nacional. Adem\u00e1s, se anticip\u00f3 el acompa\u00f1amiento a una presentaci\u00f3n judicial impulsada por excombatientes para declarar la nulidad del decreto.<\/p>\n\n\n\n<figure class=\"wp-block-embed is-type-video is-provider-youtube wp-block-embed-youtube wp-embed-aspect-16-9 wp-has-aspect-ratio\"><div class=\"wp-block-embed__wrapper\">\n<iframe loading=\"lazy\" title=\"\ud83d\udd34Todo Es Pol\u00edtica | La Radio P\u00fablica del Oeste 89.3\" width=\"1020\" height=\"574\" src=\"https:\/\/www.youtube.com\/embed\/rXru-EdtNZo?start=612&#038;feature=oembed\" frameborder=\"0\" allow=\"accelerometer; autoplay; clipboard-write; encrypted-media; gyroscope; picture-in-picture; web-share\" referrerpolicy=\"strict-origin-when-cross-origin\" allowfullscreen><\/iframe>\n<\/div><\/figure>\n","protected":false},"excerpt":{"rendered":"<p>El presidente del Concejo Deliberante de Moreno, Emanuel Fern&aacute;ndez, expres&oacute; su preocupaci&oacute;n por la autorizaci&oacute;n de ejercicios militares con participaci&oacute;n de tropas estadounidenses en el distrito, en el marco de los operativos &ldquo;Daga Atl&aacute;ntica&rdquo; y &ldquo;Passex&rdquo;, habilitados por decreto del presidente Javier Milei. En di&aacute;logo con el programa Todo es Pol&iacute;tica, el dirigente advirti&oacute; sobre &hellip; <\/p>\n","protected":false},"author":5,"featured_media":33918,"comment_status":"closed","ping_status":"closed","sticky":false,"template":"","format":"standard","meta":{"om_disable_all_campaigns":false,"_joinchat":[]},"categories":[31,85],"tags":[],"featured_image_urls":{"full":["https:\/\/infotep.com.ar\/wp-content\/uploads\/2026\/04\/WhatsApp-Image-2026-04-30-at-1.32.30-PM.jpeg",1124,636,false],"thumbnail":["https:\/\/infotep.com.ar\/wp-content\/uploads\/2026\/04\/WhatsApp-Image-2026-04-30-at-1.32.30-PM-150x150.jpeg",150,150,true],"medium":["https:\/\/infotep.com.ar\/wp-content\/uploads\/2026\/04\/WhatsApp-Image-2026-04-30-at-1.32.30-PM-300x170.jpeg",300,170,true],"medium_large":["https:\/\/infotep.com.ar\/wp-content\/uploads\/2026\/04\/WhatsApp-Image-2026-04-30-at-1.32.30-PM-768x435.jpeg",768,435,true],"large":["https:\/\/infotep.com.ar\/wp-content\/uploads\/2026\/04\/WhatsApp-Image-2026-04-30-at-1.32.30-PM-1024x579.jpeg",1020,577,true],"1536x1536":["https:\/\/infotep.com.ar\/wp-content\/uploads\/2026\/04\/WhatsApp-Image-2026-04-30-at-1.32.30-PM.jpeg",1124,636,false],"2048x2048":["https:\/\/infotep.com.ar\/wp-content\/uploads\/2026\/04\/WhatsApp-Image-2026-04-30-at-1.32.30-PM.jpeg",1124,636,false],"blossom-feminine-slider":["https:\/\/infotep.com.ar\/wp-content\/uploads\/2026\/04\/WhatsApp-Image-2026-04-30-at-1.32.30-PM.jpeg",1124,636,false],"blossom-feminine-featured":["https:\/\/infotep.com.ar\/wp-content\/uploads\/2026\/04\/WhatsApp-Image-2026-04-30-at-1.32.30-PM-1124x600.jpeg",1124,600,true],"blossom-feminine-with-sidebar":["https:\/\/infotep.com.ar\/wp-content\/uploads\/2026\/04\/WhatsApp-Image-2026-04-30-at-1.32.30-PM-1020x600.jpeg",1020,600,true],"blossom-feminine-blog":["https:\/\/infotep.com.ar\/wp-content\/uploads\/2026\/04\/WhatsApp-Image-2026-04-30-at-1.32.30-PM-435x435.jpeg",435,435,true],"blossom-feminine-cat":["https:\/\/infotep.com.ar\/wp-content\/uploads\/2026\/04\/WhatsApp-Image-2026-04-30-at-1.32.30-PM-450x300.jpeg",450,300,true],"blossom-feminine-related":["https:\/\/infotep.com.ar\/wp-content\/uploads\/2026\/04\/WhatsApp-Image-2026-04-30-at-1.32.30-PM-320x200.jpeg",320,200,true],"blossom-feminine-schema":["https:\/\/infotep.com.ar\/wp-content\/uploads\/2026\/04\/WhatsApp-Image-2026-04-30-at-1.32.30-PM-106x60.jpeg",106,60,true],"blossom-mommy-blog-slider-big":["https:\/\/infotep.com.ar\/wp-content\/uploads\/2026\/04\/WhatsApp-Image-2026-04-30-at-1.32.30-PM-920x636.jpeg",920,636,true],"blossom-mommy-blog-slider":["https:\/\/infotep.com.ar\/wp-content\/uploads\/2026\/04\/WhatsApp-Image-2026-04-30-at-1.32.30-PM-460x310.jpeg",460,310,true],"blossom-mommy-blog-two":["https:\/\/infotep.com.ar\/wp-content\/uploads\/2026\/04\/WhatsApp-Image-2026-04-30-at-1.32.30-PM-768x480.jpeg",768,480,true]},"author_info":{"info":["Angela Tobar"]},"category_info":"<a href=\"https:\/\/infotep.com.ar\/index.php\/category\/destacadas\/\" rel=\"category tag\">Destacadas<\/a> <a href=\"https:\/\/infotep.com.ar\/index.php\/category\/municipales\/moreno\/\" rel=\"category tag\">Moreno<\/a>","tag_info":"Moreno","comment_count":"0","_links":{"self":[{"href":"https:\/\/infotep.com.ar\/index.php\/wp-json\/wp\/v2\/posts\/33916"}],"collection":[{"href":"https:\/\/infotep.com.ar\/index.php\/wp-json\/wp\/v2\/posts"}],"about":[{"href":"https:\/\/infotep.com.ar\/index.php\/wp-json\/wp\/v2\/types\/post"}],"author":[{"embeddable":true,"href":"https:\/\/infotep.com.ar\/index.php\/wp-json\/wp\/v2\/users\/5"}],"replies":[{"embeddable":true,"href":"https:\/\/infotep.com.ar\/index.php\/wp-json\/wp\/v2\/comments?post=33916"}],"version-history":[{"count":2,"href":"https:\/\/infotep.com.ar\/index.php\/wp-json\/wp\/v2\/posts\/33916\/revisions"}],"predecessor-version":[{"id":33921,"href":"https:\/\/infotep.com.ar\/index.php\/wp-json\/wp\/v2\/posts\/33916\/revisions\/33921"}],"wp:featuredmedia":[{"embeddable":true,"href":"https:\/\/infotep.com.ar\/index.php\/wp-json\/wp\/v2\/media\/33918"}],"wp:attachment":[{"href":"https:\/\/infotep.com.ar\/index.php\/wp-json\/wp\/v2\/media?parent=33916"}],"wp:term":[{"taxonomy":"category","embeddable":true,"href":"https:\/\/infotep.com.ar\/index.php\/wp-json\/wp\/v2\/categories?post=33916"},{"taxonomy":"post_tag","embeddable":true,"href":"https:\/\/infotep.com.ar\/index.php\/wp-json\/wp\/v2\/tags?post=33916"}],"curies":[{"name":"wp","href":"https:\/\/api.w.org\/{rel}","templated":true}]}}